{"id":97497,"date":"2020-07-25T00:49:18","date_gmt":"2020-07-25T03:49:18","guid":{"rendered":"http:\/\/www.elsindical.com.ar\/notas\/?p=97497"},"modified":"2020-07-25T00:49:18","modified_gmt":"2020-07-25T03:49:18","slug":"lanus-un-aprehendido-profugo-en-causa-por-homicidio-atentado-y-resistencia-y-tenencia-de-estupefacientes","status":"publish","type":"post","link":"https:\/\/www.elsindical.com.ar\/notas\/lanus-un-aprehendido-profugo-en-causa-por-homicidio-atentado-y-resistencia-y-tenencia-de-estupefacientes\/","title":{"rendered":"Lan\u00fas: Un aprehendido pr\u00f3fugo en causa por homicidio, atentado y resistencia y tenencia de estupefacientes"},"content":{"rendered":"\n<figure class=\"wp-block-image size-large\"><img loading=\"lazy\" decoding=\"async\" width=\"575\" height=\"764\" src=\"http:\/\/www.elsindical.com.ar\/notas\/var\/www\/html\/notas\/wp-content\/uploads\/2020\/07\/ihdaios.jpg\" alt=\"\" class=\"wp-image-97498\" srcset=\"https:\/\/www.elsindical.com.ar\/notas\/var\/www\/html\/notas\/wp-content\/uploads\/2020\/07\/ihdaios.jpg 575w, https:\/\/www.elsindical.com.ar\/notas\/var\/www\/html\/notas\/wp-content\/uploads\/2020\/07\/ihdaios-226x300.jpg 226w\" sizes=\"auto, (max-width: 575px) 100vw, 575px\" \/><\/figure>\n\n\n\n<p class=\"wp-block-paragraph\">EXTRACTO: CAPTURA POR ROBO AGRAV. CONCURSO REAL CON HOMICIDIO CRIMINIS CAUSA- Vma. ALBANESE ADRIAN; RESISTENCIA A LA AUTORIDAD y TENENCIA DE ESTUPEFACIENTES CON FINES DE COMERCIALIZACION.-<\/p>\n\n\n\n<ul class=\"wp-block-list\"><li>S.R. AMBA SUR 1.<br>E.P.D.S. LAN\u00daS.<br>FECHA:24-07-20.-<br>Intervencion: U.F.I. Nro. 01 Desc. De Lanus y Tribunal \u00danico Juvenil de Lomas de Zamora.-<br>TEXTO: Cca. UPPL Lan\u00fas, que fecha se procede a la aprehensi\u00f3n en la arteria Namuncur\u00e1 y Col\u00f3n de Remedios de Escalada, de masculino identificado como CRISTIAN AGUST\u00cdN RODR\u00cdGUEZ, arg., de 18 a\u00f1os de edad, ddo. En Marcos de Avellaneda al 1900 de R. de Escalada, se le incauta de entre sus prendas dos bolsas con la cantidad total de 19 envoltorios de Marihuana, por un pesaje total de 53,4 gramos.- Certificando que CRISTIAN AGUST\u00cdN RODR\u00cdGUEZ, posee el alias de \u00abAGULLO\u00bb; y pesa un pedido de CAPTURA en la IPP Nro. 07-00-39607-19 caratula \u00abROBO AGRAVADO EN CONCURSO REAL CON HOMICIDIO CRIMINIS CAUSA\u00bb del que resultara v\u00edctima ADRI\u00c1N ALBANESE, en un local de pizzer\u00eda en la localidad de Banfield, en el mes de Julio del a\u00f1o 2019 y luego de su detenci\u00f3n se evadi\u00f3 del Instituto de Menores de Lomas de Zamora.- Es cuanto informo a Ud.<\/li><li>Fdo. Javier Carlos Villar Comisario Mayor<\/li><\/ul>\n\n\n\n<figure class=\"wp-block-gallery columns-1 is-cropped wp-block-gallery-1 is-layout-flex wp-block-gallery-is-layout-flex\"><ul class=\"blocks-gallery-grid\"><li class=\"blocks-gallery-item\"><figure><img loading=\"lazy\" decoding=\"async\" width=\"577\" height=\"758\" src=\"http:\/\/www.elsindical.com.ar\/notas\/var\/www\/html\/notas\/wp-content\/uploads\/2020\/07\/adidow.jpg\" alt=\"\" data-id=\"97499\" data-full-url=\"http:\/\/www.elsindical.com.ar\/notas\/var\/www\/html\/notas\/wp-content\/uploads\/2020\/07\/adidow.jpg\" data-link=\"http:\/\/www.elsindical.com.ar\/notas\/?attachment_id=97499#main\" class=\"wp-image-97499\" srcset=\"https:\/\/www.elsindical.com.ar\/notas\/var\/www\/html\/notas\/wp-content\/uploads\/2020\/07\/adidow.jpg 577w, https:\/\/www.elsindical.com.ar\/notas\/var\/www\/html\/notas\/wp-content\/uploads\/2020\/07\/adidow-228x300.jpg 228w\" sizes=\"auto, (max-width: 577px) 100vw, 577px\" \/><\/figure><\/li><li class=\"blocks-gallery-item\"><figure><img loading=\"lazy\" decoding=\"async\" width=\"749\" height=\"582\" src=\"http:\/\/www.elsindical.com.ar\/notas\/var\/www\/html\/notas\/wp-content\/uploads\/2020\/07\/ifhose.jpg\" alt=\"\" data-id=\"97500\" data-full-url=\"http:\/\/www.elsindical.com.ar\/notas\/var\/www\/html\/notas\/wp-content\/uploads\/2020\/07\/ifhose.jpg\" data-link=\"http:\/\/www.elsindical.com.ar\/notas\/?attachment_id=97500#main\" class=\"wp-image-97500\" srcset=\"https:\/\/www.elsindical.com.ar\/notas\/var\/www\/html\/notas\/wp-content\/uploads\/2020\/07\/ifhose.jpg 749w, https:\/\/www.elsindical.com.ar\/notas\/var\/www\/html\/notas\/wp-content\/uploads\/2020\/07\/ifhose-300x233.jpg 300w, https:\/\/www.elsindical.com.ar\/notas\/var\/www\/html\/notas\/wp-content\/uploads\/2020\/07\/ifhose-386x300.jpg 386w\" sizes=\"auto, (max-width: 749px) 100vw, 749px\" \/><\/figure><\/li><\/ul><\/figure>\n","protected":false},"excerpt":{"rendered":"<p>EXTRACTO: CAPTURA POR ROBO AGRAV. CONCURSO REAL CON HOMICIDIO CRIMINIS CAUSA- Vma. ALBANESE ADRIAN; RESISTENCIA A LA AUTORIDAD y TENENCIA DE ESTUPEFACIENTES CON FINES DE COMERCIALIZACION.- S.R. AMBA SUR 1.E.P.D.S. LAN\u00daS.FECHA:24-07-20.-Intervencion: U.F.I. Nro. 01 Desc. De Lanus y Tribunal \u00danico Juvenil de Lomas de Zamora.-TEXTO: Cca. UPPL Lan\u00fas, que fecha se procede a la aprehensi\u00f3n&hellip;<\/p>\n","protected":false},"author":1,"featured_media":97498,"comment_status":"open","ping_status":"open","sticky":false,"template":"","format":"standard","meta":{"footnotes":""},"categories":[22],"tags":[31308,22344,33342,2450,209,658,24520],"class_list":["post-97497","post","type-post","status-publish","format-standard","has-post-thumbnail","hentry","category-policiales","tag-adrian-albanese","tag-atentado-y-resistencia-a-la-autoridad","tag-cristian-agustin-rodriguez","tag-diario-el-sindical","tag-lanus","tag-profugo","tag-tenencia-de-estupefacientes-para-comercializacion"],"_links":{"self":[{"href":"https:\/\/www.elsindical.com.ar\/notas\/wp-json\/wp\/v2\/posts\/97497","targetHints":{"allow":["GET"]}}],"collection":[{"href":"https:\/\/www.elsindical.com.ar\/notas\/wp-json\/wp\/v2\/posts"}],"about":[{"href":"https:\/\/www.elsindical.com.ar\/notas\/wp-json\/wp\/v2\/types\/post"}],"author":[{"embeddable":true,"href":"https:\/\/www.elsindical.com.ar\/notas\/wp-json\/wp\/v2\/users\/1"}],"replies":[{"embeddable":true,"href":"https:\/\/www.elsindical.com.ar\/notas\/wp-json\/wp\/v2\/comments?post=97497"}],"version-history":[{"count":1,"href":"https:\/\/www.elsindical.com.ar\/notas\/wp-json\/wp\/v2\/posts\/97497\/revisions"}],"predecessor-version":[{"id":97501,"href":"https:\/\/www.elsindical.com.ar\/notas\/wp-json\/wp\/v2\/posts\/97497\/revisions\/97501"}],"wp:featuredmedia":[{"embeddable":true,"href":"https:\/\/www.elsindical.com.ar\/notas\/wp-json\/wp\/v2\/media\/97498"}],"wp:attachment":[{"href":"https:\/\/www.elsindical.com.ar\/notas\/wp-json\/wp\/v2\/media?parent=97497"}],"wp:term":[{"taxonomy":"category","embeddable":true,"href":"https:\/\/www.elsindical.com.ar\/notas\/wp-json\/wp\/v2\/categories?post=97497"},{"taxonomy":"post_tag","embeddable":true,"href":"https:\/\/www.elsindical.com.ar\/notas\/wp-json\/wp\/v2\/tags?post=97497"}],"curies":[{"name":"wp","href":"https:\/\/api.w.org\/{rel}","templated":true}]}}