{"id":97372,"date":"2020-07-19T14:55:29","date_gmt":"2020-07-19T17:55:29","guid":{"rendered":"http:\/\/www.elsindical.com.ar\/notas\/?p=97372"},"modified":"2020-07-19T14:55:29","modified_gmt":"2020-07-19T17:55:29","slug":"quilmes-detencion-de-femenina-con-captura-por-delitos-modalidad-viuda-negra","status":"publish","type":"post","link":"https:\/\/www.elsindical.com.ar\/notas\/quilmes-detencion-de-femenina-con-captura-por-delitos-modalidad-viuda-negra\/","title":{"rendered":"Quilmes: Detenci\u00f3n de femenina con captura por delitos modalidad \u00abViuda Negra\u00bb"},"content":{"rendered":"\n<div class=\"wp-block-image\"><figure class=\"aligncenter size-large\"><img loading=\"lazy\" decoding=\"async\" width=\"373\" height=\"698\" src=\"http:\/\/www.elsindical.com.ar\/notas\/var\/www\/html\/notas\/wp-content\/uploads\/2020\/07\/dsdadd.jpg\" alt=\"\" class=\"wp-image-97373\" srcset=\"https:\/\/www.elsindical.com.ar\/notas\/var\/www\/html\/notas\/wp-content\/uploads\/2020\/07\/dsdadd.jpg 373w, https:\/\/www.elsindical.com.ar\/notas\/var\/www\/html\/notas\/wp-content\/uploads\/2020\/07\/dsdadd-160x300.jpg 160w\" sizes=\"auto, (max-width: 373px) 100vw, 373px\" \/><\/figure><\/div>\n\n\n\n<p>S.R. AMBA SUR I<br>E.P.D.S. Quilmes<br>Car\u00e1tula: ALLANAMIENTO EN URGENCIA ROBO \/ VIOLACI\u00d3N DE DOMICILIO, INFRACCI\u00d3N ART. 205 Y 239 DEL C.P<br>Fecha: 19 de Julio de 2020<br>Lugar: Calle Corrientes y Gral Acha de Quilmes.<br>Magistrado Interviniente: U.F.I. y J. nro. 01 Depto. Judicial de Quilmes \/ Juzgado en lo Correccional Nro. 64 de C.A.B.A&nbsp;<br>TEXTO: Cca. Quilmes 4ta que habiendo tomado conocimiento sobre la presencia en una fiesta&nbsp;a llevarse a cabo en domicilio particular de la ciudad de 2 N.N femeninas pr\u00f3fugas de la justicia, identificadas con los alias de \u201cMICA\u201d y \u201cMARU\u201d, autoras de hechos de la modalidad denominadas viudas negras acontecidos en CABA.&nbsp; Es que con colaboraci\u00f3n de personal de la Agencia de Fiscalizaci\u00f3n y de la Secretar\u00eda de Seguridad de la Municipalidad de Quilmes, se constituyen en vivienda sita en la calle Corrientes al 2700, constatando la fiesta de menci\u00f3n, momento en el cual dos N.N. femeninas y un N.N. masculino intentan darse a la fuga por los techos de las viviendas aleda\u00f1as, efectuando operativo cerrojo se logra aprehenderlos. Se identifica a los mismos como NOVILLO SABRINA CYNTHIA de 36 a\u00f1os de edad, quien es&nbsp; identificada en diferentes actuaciones con los alias de \u201cMICA, SABRINA, CINTHYA ,PAMELA, LORENA\u201d autora de hecho delictivo acontecido en Capital Federal con fecha 25 del mes de Mayo del a\u00f1o en curso en cual sustraen 70 mil d\u00f3lares, relojes, aparatos de telefon\u00eda celular quien posee pedido de CAPTURA ACTIVO en autos caratulados SECUESTRO EXTORSIVO con intervenci\u00f3n del Juzgado Federal 1 de San Isidro,&nbsp;causa 57535 de Enero del 2015 y CAPTURA ACTIVO en autos caratulados ROBO con intervenci\u00f3n del Juzgado Correccional Nro 62 de CABA. Que la segunda aprehendida es identificada como NICOLE BEL\u00c9N S., de 17 a\u00f1os de edad, alias de \u201cMARU\u201d misma implicada en hecho delictivo acontecido en Capital Federal con fecha 25 del mes de Mayo del a\u00f1o en curso. El masculino aprehendido se identificaba&nbsp; como DUCKARDT CRISTIAN LEONEL de 29 a\u00f1os de edad, mismo integrante de la misma banda delictiva.&nbsp; En primera instancia se mantiene comunicaci\u00f3n con Dr. Ariel Rivas Agente Fiscal en turno quien dispone se labren actuaciones por VIOLACI\u00d3N DE DOMICILIO, para los 3 aprehendidos, se cumplan recaudos legales y libertad por art\u00edculo 161 del C.P.P. Mantenida comunicaci\u00f3n con Jueces de injerencia en pedidos de captura que posee la ciudadana NOVILLO SABRINA CYNTHIA, imparten directivas quedando la misma detenida a disposici\u00f3n de los magistrados requirentes, mientras que para la restante femenina menor de edad y el masculino solo se los identifique correctamente y constatan sus domicilio. Personal Municipal&nbsp; labra Acta de Infracci\u00f3n a propietario del domicilio, como JEREM\u00cdAS MARTELOTTA&nbsp; por violaci\u00f3n a la Ordenanza Municipal 5405\/85 Cap\u00edtulo III ART. 1\u00b0 y al DNU 297-2020, al haber&nbsp; constatado una fiesta social all\u00ed.<\/p>\n\n\n\n<p>Fdo. Javier Carlos Villar Comisario Mayor.\u00a0\u00a0<\/p>\n\n\n\n<figure class=\"wp-block-gallery columns-1 is-cropped wp-block-gallery-1 is-layout-flex wp-block-gallery-is-layout-flex\"><ul class=\"blocks-gallery-grid\"><li class=\"blocks-gallery-item\"><figure><img loading=\"lazy\" decoding=\"async\" width=\"572\" height=\"724\" src=\"http:\/\/www.elsindical.com.ar\/notas\/var\/www\/html\/notas\/wp-content\/uploads\/2020\/07\/dfifjf.jpg\" alt=\"\" data-id=\"97374\" data-full-url=\"http:\/\/www.elsindical.com.ar\/notas\/var\/www\/html\/notas\/wp-content\/uploads\/2020\/07\/dfifjf.jpg\" data-link=\"http:\/\/www.elsindical.com.ar\/notas\/?attachment_id=97374#main\" class=\"wp-image-97374\" srcset=\"https:\/\/www.elsindical.com.ar\/notas\/var\/www\/html\/notas\/wp-content\/uploads\/2020\/07\/dfifjf.jpg 572w, https:\/\/www.elsindical.com.ar\/notas\/var\/www\/html\/notas\/wp-content\/uploads\/2020\/07\/dfifjf-237x300.jpg 237w\" sizes=\"auto, (max-width: 572px) 100vw, 572px\" \/><\/figure><\/li><li class=\"blocks-gallery-item\"><figure><img loading=\"lazy\" decoding=\"async\" width=\"566\" height=\"683\" src=\"http:\/\/www.elsindical.com.ar\/notas\/var\/www\/html\/notas\/wp-content\/uploads\/2020\/07\/ijdaijdi.jpg\" alt=\"\" data-id=\"97375\" data-full-url=\"http:\/\/www.elsindical.com.ar\/notas\/var\/www\/html\/notas\/wp-content\/uploads\/2020\/07\/ijdaijdi.jpg\" data-link=\"http:\/\/www.elsindical.com.ar\/notas\/?attachment_id=97375#main\" class=\"wp-image-97375\" srcset=\"https:\/\/www.elsindical.com.ar\/notas\/var\/www\/html\/notas\/wp-content\/uploads\/2020\/07\/ijdaijdi.jpg 566w, https:\/\/www.elsindical.com.ar\/notas\/var\/www\/html\/notas\/wp-content\/uploads\/2020\/07\/ijdaijdi-249x300.jpg 249w\" sizes=\"auto, (max-width: 566px) 100vw, 566px\" \/><\/figure><\/li><li class=\"blocks-gallery-item\"><figure><img loading=\"lazy\" decoding=\"async\" width=\"545\" height=\"691\" src=\"http:\/\/www.elsindical.com.ar\/notas\/var\/www\/html\/notas\/wp-content\/uploads\/2020\/07\/uahduiusi.jpg\" alt=\"\" data-id=\"97376\" data-full-url=\"http:\/\/www.elsindical.com.ar\/notas\/var\/www\/html\/notas\/wp-content\/uploads\/2020\/07\/uahduiusi.jpg\" data-link=\"http:\/\/www.elsindical.com.ar\/notas\/?attachment_id=97376#main\" class=\"wp-image-97376\" srcset=\"https:\/\/www.elsindical.com.ar\/notas\/var\/www\/html\/notas\/wp-content\/uploads\/2020\/07\/uahduiusi.jpg 545w, https:\/\/www.elsindical.com.ar\/notas\/var\/www\/html\/notas\/wp-content\/uploads\/2020\/07\/uahduiusi-237x300.jpg 237w\" sizes=\"auto, (max-width: 545px) 100vw, 545px\" \/><\/figure><\/li><\/ul><\/figure>\n","protected":false},"excerpt":{"rendered":"<p>S.R. AMBA SUR IE.P.D.S. QuilmesCar\u00e1tula: ALLANAMIENTO EN URGENCIA ROBO \/ VIOLACI\u00d3N DE DOMICILIO, INFRACCI\u00d3N ART. 205 Y 239 DEL C.PFecha: 19 de Julio de 2020Lugar: Calle Corrientes y Gral Acha de Quilmes.Magistrado Interviniente: U.F.I. y J. nro. 01 Depto. Judicial de Quilmes \/ Juzgado en lo Correccional Nro. 64 de C.A.B.A&nbsp;TEXTO: Cca. Quilmes 4ta que&hellip;<\/p>\n","protected":false},"author":1,"featured_media":97373,"comment_status":"open","ping_status":"open","sticky":false,"template":"","format":"standard","meta":{"footnotes":""},"categories":[22],"tags":[6009,684,6363,32890,32891,20800],"class_list":["post-97372","post","type-post","status-publish","format-standard","has-post-thumbnail","hentry","category-policiales","tag-profuga","tag-quilmes","tag-secuestro-extorsivo","tag-superintendencia-region-amba-sur-i","tag-superintendente-javier-carlos-villar","tag-viuda-negra"],"_links":{"self":[{"href":"https:\/\/www.elsindical.com.ar\/notas\/wp-json\/wp\/v2\/posts\/97372","targetHints":{"allow":["GET"]}}],"collection":[{"href":"https:\/\/www.elsindical.com.ar\/notas\/wp-json\/wp\/v2\/posts"}],"about":[{"href":"https:\/\/www.elsindical.com.ar\/notas\/wp-json\/wp\/v2\/types\/post"}],"author":[{"embeddable":true,"href":"https:\/\/www.elsindical.com.ar\/notas\/wp-json\/wp\/v2\/users\/1"}],"replies":[{"embeddable":true,"href":"https:\/\/www.elsindical.com.ar\/notas\/wp-json\/wp\/v2\/comments?post=97372"}],"version-history":[{"count":1,"href":"https:\/\/www.elsindical.com.ar\/notas\/wp-json\/wp\/v2\/posts\/97372\/revisions"}],"predecessor-version":[{"id":97377,"href":"https:\/\/www.elsindical.com.ar\/notas\/wp-json\/wp\/v2\/posts\/97372\/revisions\/97377"}],"wp:featuredmedia":[{"embeddable":true,"href":"https:\/\/www.elsindical.com.ar\/notas\/wp-json\/wp\/v2\/media\/97373"}],"wp:attachment":[{"href":"https:\/\/www.elsindical.com.ar\/notas\/wp-json\/wp\/v2\/media?parent=97372"}],"wp:term":[{"taxonomy":"category","embeddable":true,"href":"https:\/\/www.elsindical.com.ar\/notas\/wp-json\/wp\/v2\/categories?post=97372"},{"taxonomy":"post_tag","embeddable":true,"href":"https:\/\/www.elsindical.com.ar\/notas\/wp-json\/wp\/v2\/tags?post=97372"}],"curies":[{"name":"wp","href":"https:\/\/api.w.org\/{rel}","templated":true}]}}