{"id":97351,"date":"2020-07-19T01:14:54","date_gmt":"2020-07-19T04:14:54","guid":{"rendered":"http:\/\/www.elsindical.com.ar\/notas\/?p=97351"},"modified":"2020-07-19T01:14:54","modified_gmt":"2020-07-19T04:14:54","slug":"junin-logran-que-le-devuelvan-las-plantas-de-cannabis-a-un-paciente-oncologico","status":"publish","type":"post","link":"https:\/\/www.elsindical.com.ar\/notas\/junin-logran-que-le-devuelvan-las-plantas-de-cannabis-a-un-paciente-oncologico\/","title":{"rendered":"Jun\u00edn: Logran que le devuelvan las plantas de cannabis a un paciente oncol\u00f3gico"},"content":{"rendered":"\n<figure class=\"wp-block-image size-large is-resized\"><img loading=\"lazy\" decoding=\"async\" src=\"http:\/\/www.elsindical.com.ar\/notas\/var\/www\/html\/notas\/wp-content\/uploads\/2020\/07\/plantas-de-marihuana-1024x575.jpg\" alt=\"\" class=\"wp-image-97352\" width=\"590\" height=\"331\" srcset=\"https:\/\/www.elsindical.com.ar\/notas\/var\/www\/html\/notas\/wp-content\/uploads\/2020\/07\/plantas-de-marihuana-1024x575.jpg 1024w, https:\/\/www.elsindical.com.ar\/notas\/var\/www\/html\/notas\/wp-content\/uploads\/2020\/07\/plantas-de-marihuana-300x169.jpg 300w, https:\/\/www.elsindical.com.ar\/notas\/var\/www\/html\/notas\/wp-content\/uploads\/2020\/07\/plantas-de-marihuana-768x431.jpg 768w, https:\/\/www.elsindical.com.ar\/notas\/var\/www\/html\/notas\/wp-content\/uploads\/2020\/07\/plantas-de-marihuana-500x281.jpg 500w, https:\/\/www.elsindical.com.ar\/notas\/var\/www\/html\/notas\/wp-content\/uploads\/2020\/07\/plantas-de-marihuana.jpg 1200w\" sizes=\"auto, (max-width: 590px) 100vw, 590px\" \/><\/figure>\n\n\n\n<p>Tras la intervenci\u00f3n de la Defensor\u00eda del Pueblo bonaerense, la Justicia orden\u00f3 que le devuelvan cuatro plantas de cannabis robadas a Luis Alberto Gonz\u00e1lez, un paciente oncol\u00f3gico de Jun\u00edn que las utilizaba para elaborar productos destinados a paliar los dolores producidos por los tratamientos contra el c\u00e1ncer, y que las manten\u00eda en su poder la fiscal\u00eda luego de un procedimiento hecho para recuperarlas.<\/p>\n\n\n\n<p>As\u00ed lo decidi\u00f3 la C\u00e1mara de Apelaciones y Garant\u00edas en lo Penal de esa ciudad, quien hizo lugar al reclamo de la defensa de Gonz\u00e1lez, que fue acompa\u00f1ado por el organismo que conduce Guido Lorenzino en car\u00e1cter de amicus cureae, luego de que el Juzgado de Garant\u00edas N\u00b02 de ese distrito rechazara el pedido.<\/p>\n\n\n\n<p>Gonz\u00e1lez sufre c\u00e1ncer en la faringe con met\u00e1stasis en un pulm\u00f3n y hab\u00eda denunciado que le robaron las plantas de su propiedad, las cuales usa para la elaboraci\u00f3n de aceite y vapeo como medicina paliativa para los dolores y molestias cr\u00f3nicas que le provocan los tratamientos.<\/p>\n\n\n\n<p>Luego de que la polic\u00eda detuviera a quienes cometieron el hecho, sustrajo las plantas y dio intervenci\u00f3n a la U.F.I.J. N\u00ba 8 de Jun\u00edn, que las mantuvo bajo custodia judicial, en una decisi\u00f3n que, seg\u00fan la defensa, era \u201carbitraria y carente de fundamentaci\u00f3n\u201d, al no asignarle a Gonz\u00e1lez la calidad de v\u00edctima sino de imputado por presentarse a la comisar\u00eda a reclamar por las plantas forzado por una situaci\u00f3n que representaba una afectaci\u00f3n a su estado de salud.<\/p>\n\n\n\n<p>Ante este escenario, la C\u00e1mara exigi\u00f3 la devoluci\u00f3n al resaltar lo fundamental del derecho a la salud por sobre la respuesta punitiva que pueda corresponderle eventualmente al Estado a trav\u00e9s de este Poder Judicial.<\/p>\n\n\n\n<p>En ese sentido, el tribunal consider\u00f3 que no existi\u00f3 delito alguno porque \u201csu conducta no afect\u00f3 a terceros, no puso en riesgo la seguridad ni la salud de nadie, y la tenencia de ese cultivo no trascendi\u00f3 su esfera \u00edntima y privada\u201d.<\/p>\n\n\n\n<p>\u201cCelebramos que se haya entendido la gravedad del caso y la importancia que estas plantas tienen para la salud de Gonz\u00e1lez. Es necesario seguir avanzando en la comprensi\u00f3n de las ventajas que ofrecen el cannabis medicinal para este tipo de tratamientos y que las leyes acompa\u00f1en estos cambios para que no se repitan situaciones lamentables como estas\u201d, indic\u00f3 por su parte Lorenzino.<\/p>\n","protected":false},"excerpt":{"rendered":"<p>Tras la intervenci\u00f3n de la Defensor\u00eda del Pueblo bonaerense, la Justicia orden\u00f3 que le devuelvan cuatro plantas de cannabis robadas a Luis Alberto Gonz\u00e1lez, un paciente oncol\u00f3gico de Jun\u00edn que las utilizaba para elaborar productos destinados a paliar los dolores producidos por los tratamientos contra el c\u00e1ncer, y que las manten\u00eda en su poder la&hellip;<\/p>\n","protected":false},"author":1,"featured_media":97352,"comment_status":"open","ping_status":"open","sticky":false,"template":"","format":"standard","meta":{"footnotes":""},"categories":[20],"tags":[25838,2450,7748,33322,664,33321],"class_list":["post-97351","post","type-post","status-publish","format-standard","has-post-thumbnail","hentry","category-judiciales","tag-defensoria-del-pueblo-de-la-provincia-de-buenos-aires","tag-diario-el-sindical","tag-junin","tag-luis-alberto-gonzalez","tag-marihuana","tag-oncologico"],"_links":{"self":[{"href":"https:\/\/www.elsindical.com.ar\/notas\/wp-json\/wp\/v2\/posts\/97351","targetHints":{"allow":["GET"]}}],"collection":[{"href":"https:\/\/www.elsindical.com.ar\/notas\/wp-json\/wp\/v2\/posts"}],"about":[{"href":"https:\/\/www.elsindical.com.ar\/notas\/wp-json\/wp\/v2\/types\/post"}],"author":[{"embeddable":true,"href":"https:\/\/www.elsindical.com.ar\/notas\/wp-json\/wp\/v2\/users\/1"}],"replies":[{"embeddable":true,"href":"https:\/\/www.elsindical.com.ar\/notas\/wp-json\/wp\/v2\/comments?post=97351"}],"version-history":[{"count":1,"href":"https:\/\/www.elsindical.com.ar\/notas\/wp-json\/wp\/v2\/posts\/97351\/revisions"}],"predecessor-version":[{"id":97353,"href":"https:\/\/www.elsindical.com.ar\/notas\/wp-json\/wp\/v2\/posts\/97351\/revisions\/97353"}],"wp:featuredmedia":[{"embeddable":true,"href":"https:\/\/www.elsindical.com.ar\/notas\/wp-json\/wp\/v2\/media\/97352"}],"wp:attachment":[{"href":"https:\/\/www.elsindical.com.ar\/notas\/wp-json\/wp\/v2\/media?parent=97351"}],"wp:term":[{"taxonomy":"category","embeddable":true,"href":"https:\/\/www.elsindical.com.ar\/notas\/wp-json\/wp\/v2\/categories?post=97351"},{"taxonomy":"post_tag","embeddable":true,"href":"https:\/\/www.elsindical.com.ar\/notas\/wp-json\/wp\/v2\/tags?post=97351"}],"curies":[{"name":"wp","href":"https:\/\/api.w.org\/{rel}","templated":true}]}}