{"id":97234,"date":"2020-07-13T10:53:17","date_gmt":"2020-07-13T13:53:17","guid":{"rendered":"http:\/\/www.elsindical.com.ar\/notas\/?p=97234"},"modified":"2020-07-13T10:53:17","modified_gmt":"2020-07-13T13:53:17","slug":"avellaneda-se-detectaron-otros-40-casos-de-covid-19","status":"publish","type":"post","link":"https:\/\/www.elsindical.com.ar\/notas\/avellaneda-se-detectaron-otros-40-casos-de-covid-19\/","title":{"rendered":"Avellaneda: Se detectaron otros 40 casos de Covid-19"},"content":{"rendered":"\n<figure class=\"wp-block-image size-large\"><img loading=\"lazy\" decoding=\"async\" width=\"704\" height=\"523\" src=\"http:\/\/www.elsindical.com.ar\/notas\/var\/www\/html\/notas\/wp-content\/uploads\/2020\/07\/contagios-d\u00eda-12-de-julio-2020.jpg\" alt=\"\" class=\"wp-image-97235\" srcset=\"https:\/\/www.elsindical.com.ar\/notas\/var\/www\/html\/notas\/wp-content\/uploads\/2020\/07\/contagios-d\u00eda-12-de-julio-2020.jpg 704w, https:\/\/www.elsindical.com.ar\/notas\/var\/www\/html\/notas\/wp-content\/uploads\/2020\/07\/contagios-d\u00eda-12-de-julio-2020-300x223.jpg 300w, https:\/\/www.elsindical.com.ar\/notas\/var\/www\/html\/notas\/wp-content\/uploads\/2020\/07\/contagios-d\u00eda-12-de-julio-2020-404x300.jpg 404w\" sizes=\"auto, (max-width: 704px) 100vw, 704px\" \/><\/figure>\n\n\n\n<p class=\"wp-block-paragraph\">El Ministerio de Salud de la provincia de Buenos Aires inform\u00f3 que son 2.953 los infectados en el distrito.<\/p>\n\n\n\n<p class=\"wp-block-paragraph\">Este domingo se registraron 40 contagios de Coronavirus en Avellaneda con lo que son 2.953 los casos confirmados en el distrito seg\u00fan inform\u00f3 el Ministerio de Salud de la provincia de Buenos Aires.<\/p>\n\n\n\n<p class=\"wp-block-paragraph\">Entre los casos que figuran en la \u201csala de situaci\u00f3n\u201d publicada en la p\u00e1gina de la cartera sanitaria bonaerense se incluyen 1.153 vecinos recuperados y 36 fallecidos. La tasa de letalidad es 1,22 por ciento y fueron testeadas 7.863 personas.<\/p>\n\n\n\n<p class=\"wp-block-paragraph\">En cuanto a los contagios, el 68,2 por ciento fueron por transmisi\u00f3n comunitaria, el 14 por ciento de los casos est\u00e1n en investigaci\u00f3n, 12 por ciento fueron por contacto estrecho y 5,7 por ciento corresponde a trabajadores de la salud.<\/p>\n","protected":false},"excerpt":{"rendered":"<p>El Ministerio de Salud de la provincia de Buenos Aires inform\u00f3 que son 2.953 los infectados en el distrito. Este domingo se registraron 40 contagios de Coronavirus en Avellaneda con lo que son 2.953 los casos confirmados en el distrito seg\u00fan inform\u00f3 el Ministerio de Salud de la provincia de Buenos Aires. Entre los casos&hellip;<\/p>\n","protected":false},"author":1,"featured_media":97235,"comment_status":"open","ping_status":"open","sticky":false,"template":"","format":"standard","meta":{"footnotes":""},"categories":[23],"tags":[461,19938,32346,32627,2450,134],"class_list":["post-97234","post","type-post","status-publish","format-standard","has-post-thumbnail","hentry","category-salud","tag-avellaneda","tag-contagios","tag-coronavirus","tag-covid-19","tag-diario-el-sindical","tag-muertes"],"_links":{"self":[{"href":"https:\/\/www.elsindical.com.ar\/notas\/wp-json\/wp\/v2\/posts\/97234","targetHints":{"allow":["GET"]}}],"collection":[{"href":"https:\/\/www.elsindical.com.ar\/notas\/wp-json\/wp\/v2\/posts"}],"about":[{"href":"https:\/\/www.elsindical.com.ar\/notas\/wp-json\/wp\/v2\/types\/post"}],"author":[{"embeddable":true,"href":"https:\/\/www.elsindical.com.ar\/notas\/wp-json\/wp\/v2\/users\/1"}],"replies":[{"embeddable":true,"href":"https:\/\/www.elsindical.com.ar\/notas\/wp-json\/wp\/v2\/comments?post=97234"}],"version-history":[{"count":1,"href":"https:\/\/www.elsindical.com.ar\/notas\/wp-json\/wp\/v2\/posts\/97234\/revisions"}],"predecessor-version":[{"id":97236,"href":"https:\/\/www.elsindical.com.ar\/notas\/wp-json\/wp\/v2\/posts\/97234\/revisions\/97236"}],"wp:featuredmedia":[{"embeddable":true,"href":"https:\/\/www.elsindical.com.ar\/notas\/wp-json\/wp\/v2\/media\/97235"}],"wp:attachment":[{"href":"https:\/\/www.elsindical.com.ar\/notas\/wp-json\/wp\/v2\/media?parent=97234"}],"wp:term":[{"taxonomy":"category","embeddable":true,"href":"https:\/\/www.elsindical.com.ar\/notas\/wp-json\/wp\/v2\/categories?post=97234"},{"taxonomy":"post_tag","embeddable":true,"href":"https:\/\/www.elsindical.com.ar\/notas\/wp-json\/wp\/v2\/tags?post=97234"}],"curies":[{"name":"wp","href":"https:\/\/api.w.org\/{rel}","templated":true}]}}