{"id":97211,"date":"2020-07-12T01:15:08","date_gmt":"2020-07-12T04:15:08","guid":{"rendered":"http:\/\/www.elsindical.com.ar\/notas\/?p=97211"},"modified":"2020-07-12T01:15:08","modified_gmt":"2020-07-12T04:15:08","slug":"asociacion-judicial-bonaerense-seguridad-social-debe-garantizarse-el-derecho-a-la-salud","status":"publish","type":"post","link":"https:\/\/www.elsindical.com.ar\/notas\/asociacion-judicial-bonaerense-seguridad-social-debe-garantizarse-el-derecho-a-la-salud\/","title":{"rendered":"Asociaci\u00f3n Judicial Bonaerense: SEGURIDAD SOCIAL &#8211; \u00abDebe garantizarse el derecho a la salud\u00bb"},"content":{"rendered":"\n<figure class=\"wp-block-image size-large\"><img loading=\"lazy\" decoding=\"async\" width=\"600\" height=\"271\" src=\"http:\/\/www.elsindical.com.ar\/notas\/var\/www\/html\/notas\/wp-content\/uploads\/2020\/07\/Ioma.jpg\" alt=\"\" class=\"wp-image-97212\" srcset=\"https:\/\/www.elsindical.com.ar\/notas\/var\/www\/html\/notas\/wp-content\/uploads\/2020\/07\/Ioma.jpg 600w, https:\/\/www.elsindical.com.ar\/notas\/var\/www\/html\/notas\/wp-content\/uploads\/2020\/07\/Ioma-300x136.jpg 300w, https:\/\/www.elsindical.com.ar\/notas\/var\/www\/html\/notas\/wp-content\/uploads\/2020\/07\/Ioma-500x226.jpg 500w\" sizes=\"auto, (max-width: 600px) 100vw, 600px\" \/><\/figure>\n\n\n\n<p><strong>Ante la denuncia penal realizada por el IOMA a doce m\u00e9dicos platenses y la entidad que los nuclea, la AJB apoya la rescisi\u00f3n del convenio con la Agremiaci\u00f3n M\u00e9dica Platense y exige a la obra social que se garantice la atenci\u00f3n m\u00e9dica.<\/strong><\/p>\n\n\n\n<p>En el transcurrir de la semana en curso se produjo la recisi\u00f3n del convenio firmado en el mes de enero de este a\u00f1o entre el IOMA y la Agremiaci\u00f3n M\u00e9dica Platense (AMP). Los hechos recientes muestran una relaci\u00f3n tensa, a ra\u00edz de la denuncia penal realizada a doce m\u00e9dicos y a la AMP por parte de la direcci\u00f3n del Instituto tras advertir irregularidades en facturaciones de consultas \u2013con falsificaci\u00f3n de firmas de afiliados y afiliadas incluida- detectadas en diferentes auditor\u00edas realizadas. La suma de esta presunta defraudaci\u00f3n a la obra social supera los 8 millones de pesos en el mes de marzo.<\/p>\n\n\n\n<p>La respuesta por parte de la AMP fue una campa\u00f1a cargada de falsedades. La supuesta \u201cpamizaci\u00f3n\u201d del sistema, la adquisici\u00f3n de sanatorios privados o la demora en el pago de las prestaciones no fueron m\u00e1s que intentos de desviar el eje de la discusi\u00f3n. En los hechos, la \u00fanica exigencia de la AMP para continuar el di\u00e1logo con la obra social fue la reincorporaci\u00f3n al padr\u00f3n de las y los profesionales denunciados.<\/p>\n\n\n\n<p>Esto qued\u00f3 evidenciado en la reuni\u00f3n mantenida entre las autoridades del IOMA, el Consejo Consultivo Gremial y la AMP, donde estos \u00faltimos no pudieron sostener ninguna de las afirmaciones esbozadas medi\u00e1ticamente.<\/p>\n\n\n\n<p>Hist\u00f3ricamente, desde la AJB venimos exigiendo la realizaci\u00f3n de auditor\u00edas por parte del IOMA en su car\u00e1cter de \u00f3rgano de contralor y la aplicaci\u00f3n de sanciones a las prestadoras que no cumplan con las exigencias volcadas en los convenios que firman. La ausencia o insuficiencia de estas auditor\u00edas fue lo que permiti\u00f3 durante a\u00f1os la pr\u00e1ctica del cobro indebido, por la cual las y los profesionales exigen al afiliado o afiliada al IOMA el pago de importes superiores a los fijados en los acuerdos con la obra social.<\/p>\n\n\n\n<p>El monto del convenio firmado con la AMP asciende a 130 millones de pesos mensuales, lo que no permite justificaci\u00f3n alguna para que esa instituci\u00f3n no sea capaz siquiera -seg\u00fan lo manifestaron sus propias autoridades-, de controlar el cobro indebido de atenciones m\u00e9dicas. \u00bfCu\u00e1ntas prestaciones podr\u00edan brindarse con semejante cantidad de dinero? No parece que la AMP tenga intenciones de cumplir el rol por el cual viene percibiendo sumas millonarias.<\/p>\n\n\n\n<p>Frente a este escenario, la AJB comparte la decisi\u00f3n de rescindir el convenio con la mencionada agremiaci\u00f3n por ser la medida m\u00e1s prudente en las actuales circunstancias. Es preciso mencionar que en su car\u00e1cter de intermediario la Agremiaci\u00f3n M\u00e9dica Platense recib\u00eda el 7% por cada atenci\u00f3n m\u00e9dica, dinero que a partir de ahora ser\u00e1 incorporado a los honorarios que se abonar\u00e1n directamente a los y las profesionales de la salud.<\/p>\n\n\n\n<p>Asimismo, el gremio judicial exige al Directorio del IOMA que adopte las medidas necesarias para que las y los afiliados de La Plata y alrededores tengan un efectivo acceso al derecho a la salud, garantizando la atenci\u00f3n m\u00e9dica correspondiente.<\/p>\n\n\n\n<p>La AJB vuelve a reclamar la convocatoria a los gremios estatales para consensuar decisiones pol\u00edticas trascendentes para nuestra obra social. El funcionamiento del sistema sanitario debe ser debatido con las y los trabajadores estatales y no con las corporaciones que entienden la salud como un negocio del que obtener beneficios en detrimento de todo el pueblo.<\/p>\n","protected":false},"excerpt":{"rendered":"<p>Ante la denuncia penal realizada por el IOMA a doce m\u00e9dicos platenses y la entidad que los nuclea, la AJB apoya la rescisi\u00f3n del convenio con la Agremiaci\u00f3n M\u00e9dica Platense y exige a la obra social que se garantice la atenci\u00f3n m\u00e9dica. En el transcurrir de la semana en curso se produjo la recisi\u00f3n del&hellip;<\/p>\n","protected":false},"author":1,"featured_media":97212,"comment_status":"open","ping_status":"open","sticky":false,"template":"","format":"standard","meta":{"footnotes":""},"categories":[16],"tags":[4626,25109,33299,2450,5203,33300],"class_list":["post-97211","post","type-post","status-publish","format-standard","has-post-thumbnail","hentry","category-gremiales","tag-ajb","tag-amp","tag-derecho-de-salud","tag-diario-el-sindical","tag-ioma","tag-seguridad-social"],"_links":{"self":[{"href":"https:\/\/www.elsindical.com.ar\/notas\/wp-json\/wp\/v2\/posts\/97211","targetHints":{"allow":["GET"]}}],"collection":[{"href":"https:\/\/www.elsindical.com.ar\/notas\/wp-json\/wp\/v2\/posts"}],"about":[{"href":"https:\/\/www.elsindical.com.ar\/notas\/wp-json\/wp\/v2\/types\/post"}],"author":[{"embeddable":true,"href":"https:\/\/www.elsindical.com.ar\/notas\/wp-json\/wp\/v2\/users\/1"}],"replies":[{"embeddable":true,"href":"https:\/\/www.elsindical.com.ar\/notas\/wp-json\/wp\/v2\/comments?post=97211"}],"version-history":[{"count":1,"href":"https:\/\/www.elsindical.com.ar\/notas\/wp-json\/wp\/v2\/posts\/97211\/revisions"}],"predecessor-version":[{"id":97213,"href":"https:\/\/www.elsindical.com.ar\/notas\/wp-json\/wp\/v2\/posts\/97211\/revisions\/97213"}],"wp:featuredmedia":[{"embeddable":true,"href":"https:\/\/www.elsindical.com.ar\/notas\/wp-json\/wp\/v2\/media\/97212"}],"wp:attachment":[{"href":"https:\/\/www.elsindical.com.ar\/notas\/wp-json\/wp\/v2\/media?parent=97211"}],"wp:term":[{"taxonomy":"category","embeddable":true,"href":"https:\/\/www.elsindical.com.ar\/notas\/wp-json\/wp\/v2\/categories?post=97211"},{"taxonomy":"post_tag","embeddable":true,"href":"https:\/\/www.elsindical.com.ar\/notas\/wp-json\/wp\/v2\/tags?post=97211"}],"curies":[{"name":"wp","href":"https:\/\/api.w.org\/{rel}","templated":true}]}}