{"id":97189,"date":"2020-07-10T11:19:49","date_gmt":"2020-07-10T14:19:49","guid":{"rendered":"http:\/\/www.elsindical.com.ar\/notas\/?p=97189"},"modified":"2020-07-10T11:19:49","modified_gmt":"2020-07-10T14:19:49","slug":"avellaneda-centro-robos-a-toda-hora-vecinos-y-comerciantes-se-quejan-de-la-inseguridad-y-la-policia","status":"publish","type":"post","link":"https:\/\/www.elsindical.com.ar\/notas\/avellaneda-centro-robos-a-toda-hora-vecinos-y-comerciantes-se-quejan-de-la-inseguridad-y-la-policia\/","title":{"rendered":"Avellaneda Centro, robos a toda hora, vecinos y comerciantes se quejan de la inseguridad y la polic\u00eda"},"content":{"rendered":"\n<figure class=\"wp-block-image size-large\"><img loading=\"lazy\" decoding=\"async\" width=\"886\" height=\"509\" src=\"http:\/\/www.elsindical.com.ar\/notas\/var\/www\/html\/notas\/wp-content\/uploads\/2020\/07\/comisar\u00eda-1ra-Avellaneda-frente-superior.jpg\" alt=\"\" class=\"wp-image-97190\" srcset=\"https:\/\/www.elsindical.com.ar\/notas\/var\/www\/html\/notas\/wp-content\/uploads\/2020\/07\/comisar\u00eda-1ra-Avellaneda-frente-superior.jpg 886w, https:\/\/www.elsindical.com.ar\/notas\/var\/www\/html\/notas\/wp-content\/uploads\/2020\/07\/comisar\u00eda-1ra-Avellaneda-frente-superior-300x172.jpg 300w, https:\/\/www.elsindical.com.ar\/notas\/var\/www\/html\/notas\/wp-content\/uploads\/2020\/07\/comisar\u00eda-1ra-Avellaneda-frente-superior-768x441.jpg 768w, https:\/\/www.elsindical.com.ar\/notas\/var\/www\/html\/notas\/wp-content\/uploads\/2020\/07\/comisar\u00eda-1ra-Avellaneda-frente-superior-500x287.jpg 500w, https:\/\/www.elsindical.com.ar\/notas\/var\/www\/html\/notas\/wp-content\/uploads\/2020\/07\/comisar\u00eda-1ra-Avellaneda-frente-superior-220x126.jpg 220w\" sizes=\"auto, (max-width: 886px) 100vw, 886px\" \/><\/figure>\n\n\n\n<p class=\"wp-block-paragraph\">   As\u00ed como ocurre con otros barrios de Avellaneda, parece que las c\u00e1maras de seguridad del municipio o no funcionan o nadie las controla, porque resulta inexplicable la ola de robos que ocurren en Avellaneda Centro sin que se registren detenciones o prevenci\u00f3n.<\/p>\n\n\n\n<p class=\"wp-block-paragraph\">Las calles tienen la presencia de gente que no deber\u00eda estar como lo son los \u00abtrapitos\u00bb que incumplen la cuarentena y suelen reunirse con \u00abamigos\u00bb que no se sabe a qu\u00e9 se dedican, curiosamente en las cuadras donde estos supuestamente \u00abcuidan\u00bb autos se denuncian delitos de hurtos y robos.<\/p>\n\n\n\n<p class=\"wp-block-paragraph\">La comisar\u00eda 1ra viene con una notable baja en la estad\u00edstica policial, a meses del regreso del Subcomisario Couseiro, hoy a cargo de la comisar\u00eda, su trabajo deja mucho que desear y salvo dos allanamientos para la estad\u00edstica, todo es negativo.<\/p>\n\n\n\n<p class=\"wp-block-paragraph\">El delito ha crecido y aunque ya varios estudios sociales han revelado que existe una baja en la edad de los delincuentes, todo se vincula con el consumo de drogas, en Avellaneda circulan miles de kilos de droga a diario, pero en los allanamientos los secuestros suelen ser irrisorios, cuando no terminan siendo anulados por alg\u00fan tecnicismo. Vaya uno a saber los motivos por los que trabaja tan mal la UFI 4 de Avellaneda, tem\u00e1tica en drogas y a polic\u00eda.<\/p>\n\n\n\n<p class=\"wp-block-paragraph\">A las quejas de vecinos y comerciantes de otros barrios se suman las de vecinos de Avellaneda Centro, uno de los blancos preferidos de los delincuentes son los repartidores o delivery, dicen que la polic\u00eda no da respuestas.<\/p>\n\n\n\n<p class=\"wp-block-paragraph\">Los responsables a no olvidar, son el intendente Jorge Ferraresi, su secretaria de seguridad M\u00f3nica Ghirelli, subsecretario de seguridad Marcelo Rey, Jefe de estaci\u00f3n de polic\u00eda Comisario Inspector Gregorio Mart\u00ednez.<\/p>\n\n\n\n<figure class=\"wp-block-gallery columns-1 is-cropped wp-block-gallery-1 is-layout-flex wp-block-gallery-is-layout-flex\"><ul class=\"blocks-gallery-grid\"><li class=\"blocks-gallery-item\"><figure><img loading=\"lazy\" decoding=\"async\" width=\"497\" height=\"362\" src=\"http:\/\/www.elsindical.com.ar\/notas\/var\/www\/html\/notas\/wp-content\/uploads\/2020\/07\/robo-repartidores-Avell-centro.jpg\" alt=\"\" data-id=\"97191\" data-full-url=\"http:\/\/www.elsindical.com.ar\/notas\/var\/www\/html\/notas\/wp-content\/uploads\/2020\/07\/robo-repartidores-Avell-centro.jpg\" data-link=\"http:\/\/www.elsindical.com.ar\/notas\/?attachment_id=97191#main\" class=\"wp-image-97191\" srcset=\"https:\/\/www.elsindical.com.ar\/notas\/var\/www\/html\/notas\/wp-content\/uploads\/2020\/07\/robo-repartidores-Avell-centro.jpg 497w, https:\/\/www.elsindical.com.ar\/notas\/var\/www\/html\/notas\/wp-content\/uploads\/2020\/07\/robo-repartidores-Avell-centro-300x219.jpg 300w, https:\/\/www.elsindical.com.ar\/notas\/var\/www\/html\/notas\/wp-content\/uploads\/2020\/07\/robo-repartidores-Avell-centro-412x300.jpg 412w\" sizes=\"auto, (max-width: 497px) 100vw, 497px\" \/><\/figure><\/li><li class=\"blocks-gallery-item\"><figure><img loading=\"lazy\" decoding=\"async\" width=\"504\" height=\"789\" src=\"http:\/\/www.elsindical.com.ar\/notas\/var\/www\/html\/notas\/wp-content\/uploads\/2020\/07\/Escrache-chorro-Avell.jpg\" alt=\"\" data-id=\"97192\" data-full-url=\"http:\/\/www.elsindical.com.ar\/notas\/var\/www\/html\/notas\/wp-content\/uploads\/2020\/07\/Escrache-chorro-Avell.jpg\" data-link=\"http:\/\/www.elsindical.com.ar\/notas\/?attachment_id=97192#main\" class=\"wp-image-97192\" srcset=\"https:\/\/www.elsindical.com.ar\/notas\/var\/www\/html\/notas\/wp-content\/uploads\/2020\/07\/Escrache-chorro-Avell.jpg 504w, https:\/\/www.elsindical.com.ar\/notas\/var\/www\/html\/notas\/wp-content\/uploads\/2020\/07\/Escrache-chorro-Avell-192x300.jpg 192w\" sizes=\"auto, (max-width: 504px) 100vw, 504px\" \/><\/figure><\/li><\/ul><\/figure>\n","protected":false},"excerpt":{"rendered":"<p>As\u00ed como ocurre con otros barrios de Avellaneda, parece que las c\u00e1maras de seguridad del municipio o no funcionan o nadie las controla, porque resulta inexplicable la ola de robos que ocurren en Avellaneda Centro sin que se registren detenciones o prevenci\u00f3n. Las calles tienen la presencia de gente que no deber\u00eda estar como lo&hellip;<\/p>\n","protected":false},"author":1,"featured_media":97190,"comment_status":"open","ping_status":"open","sticky":false,"template":"","format":"standard","meta":{"footnotes":""},"categories":[6],"tags":[461,23428,984,1062,1174,33298],"class_list":["post-97189","post","type-post","status-publish","format-standard","has-post-thumbnail","hentry","category-denuncias","tag-avellaneda","tag-comisaria-1ra-avellaneda","tag-inseguridad","tag-jorge-ferraresi","tag-robos","tag-subcomisario-couceiro"],"_links":{"self":[{"href":"https:\/\/www.elsindical.com.ar\/notas\/wp-json\/wp\/v2\/posts\/97189","targetHints":{"allow":["GET"]}}],"collection":[{"href":"https:\/\/www.elsindical.com.ar\/notas\/wp-json\/wp\/v2\/posts"}],"about":[{"href":"https:\/\/www.elsindical.com.ar\/notas\/wp-json\/wp\/v2\/types\/post"}],"author":[{"embeddable":true,"href":"https:\/\/www.elsindical.com.ar\/notas\/wp-json\/wp\/v2\/users\/1"}],"replies":[{"embeddable":true,"href":"https:\/\/www.elsindical.com.ar\/notas\/wp-json\/wp\/v2\/comments?post=97189"}],"version-history":[{"count":1,"href":"https:\/\/www.elsindical.com.ar\/notas\/wp-json\/wp\/v2\/posts\/97189\/revisions"}],"predecessor-version":[{"id":97193,"href":"https:\/\/www.elsindical.com.ar\/notas\/wp-json\/wp\/v2\/posts\/97189\/revisions\/97193"}],"wp:featuredmedia":[{"embeddable":true,"href":"https:\/\/www.elsindical.com.ar\/notas\/wp-json\/wp\/v2\/media\/97190"}],"wp:attachment":[{"href":"https:\/\/www.elsindical.com.ar\/notas\/wp-json\/wp\/v2\/media?parent=97189"}],"wp:term":[{"taxonomy":"category","embeddable":true,"href":"https:\/\/www.elsindical.com.ar\/notas\/wp-json\/wp\/v2\/categories?post=97189"},{"taxonomy":"post_tag","embeddable":true,"href":"https:\/\/www.elsindical.com.ar\/notas\/wp-json\/wp\/v2\/tags?post=97189"}],"curies":[{"name":"wp","href":"https:\/\/api.w.org\/{rel}","templated":true}]}}