{"id":9713,"date":"2010-09-22T22:42:58","date_gmt":"2010-09-23T01:42:58","guid":{"rendered":"http:\/\/www.elsindical.com.ar\/notas\/?p=9713"},"modified":"2010-09-22T22:42:58","modified_gmt":"2010-09-23T01:42:58","slug":"burlando-dijo-que-pedira-la-detencion-del-cajero","status":"publish","type":"post","link":"https:\/\/www.elsindical.com.ar\/notas\/burlando-dijo-que-pedira-la-detencion-del-cajero\/","title":{"rendered":"Burlando dijo que pedir\u00e1 la detenci\u00f3n del cajero"},"content":{"rendered":"<div id=\"cope\" style=\"text-align: justify;\"><em><a href=\"http:\/\/www.elsindical.com.ar\/notas\/var\/www\/html\/notas\/wp-content\/uploads\/2010\/09\/Fernando-Burlando-2010.jpg\"><img loading=\"lazy\" decoding=\"async\" class=\"alignleft size-full wp-image-9714\" title=\"Fernando-Burlando-2010\" src=\"http:\/\/www.elsindical.com.ar\/notas\/var\/www\/html\/notas\/wp-content\/uploads\/2010\/09\/Fernando-Burlando-2010.jpg\" alt=\"\" width=\"236\" height=\"189\" \/><\/a>El abogado de Carolina P\u00edparo anunci\u00f3, luego de que la mujer prestara declaraci\u00f3n por una hora y media, que solicitar\u00e1 la detenci\u00f3n del cajero, al que Carolina acus\u00f3 de \u201cse\u00f1alarla de alguna manera\u201d durante su testimonio. Adem\u00e1s, el letrado adelant\u00f3 que pidi\u00f3 la suspensi\u00f3n de la rueda de reconocimiento de los detenidos.<\/em><\/div>\n<div style=\"text-align: justify;\">Carolina P\u00edparo declar\u00f3 esta tarde por una hora y media ante la fiscal\u00eda que investiga la salidera que sufri\u00f3 al salir de la sucursal de Gonnet, partido de La Plata, del banco Santander R\u00edo. Fernando Burlando, su abogado, confirm\u00f3 que el cajero la \u201cse\u00f1al\u00f3\u201d y anticip\u00f3 que pedir\u00e1 la suspensi\u00f3n de la rueda de reconocimiento.<\/p>\n<p>El abogado adelant\u00f3, adem\u00e1s, que pedir\u00e1 la detenci\u00f3n del cajero del banco R\u00edo que le entreg\u00f3 dinero a Carolina P\u00edparo, la embarazada baleada en julio pasado durante una salidera. Luego de que su clienta declarara ante la fiscal platense Ana Medina, Burlando dijo que solicitar\u00e1 esa medida en base a la declaraci\u00f3n \u00abcon lujo de detalles\u00bb que prest\u00f3 Carolina.<\/p>\n<p>P\u00edparo declar\u00f3 que se sinti\u00f3 \u00abse\u00f1alada de alguna manera\u00bb por el cajero del banco R\u00edo que le entreg\u00f3 el dinero que luego le fue robado. Tras declarar ante la fiscal platense Ana Medina, Burlando dijo que Carolina relat\u00f3 que \u00abhubo un cruce de miradas cuando ingresa el segundo d\u00eda\u00bb a la entidad y precis\u00f3 \u00abfue el cajero\u00bb.<\/p>\n<p>Adem\u00e1s, el letrado adelant\u00f3 que pidi\u00f3 la suspensi\u00f3n de la rueda de reconocimiento de los detenidos.<\/p>\n<p>Carolina P\u00edparo, la embarazada baleada en julio pasado durante una salidera bancaria en La Plata, termin\u00f3 esta tarde de declarar ante la fiscal de la causa, en los tribunales de esa ciudad bonaerense.<\/p>\n<p>La mujer, cuyo hijo hijo Isidro de ocho meses muri\u00f3 a ra\u00edz del ataque, declar\u00f3 durante aproximadamente una hora y media ante la fiscal platense Ana Medina.<\/p><\/div>\n","protected":false},"excerpt":{"rendered":"<p>El abogado de Carolina P\u00edparo anunci\u00f3, luego de que la mujer prestara declaraci\u00f3n por una hora y media, que solicitar\u00e1 la detenci\u00f3n del cajero, al que Carolina acus\u00f3 de \u201cse\u00f1alarla de alguna manera\u201d durante su testimonio. Adem\u00e1s, el letrado adelant\u00f3 que pidi\u00f3 la suspensi\u00f3n de la rueda de reconocimiento de los detenidos. Carolina P\u00edparo declar\u00f3&hellip;<\/p>\n","protected":false},"author":1,"featured_media":0,"comment_status":"open","ping_status":"open","sticky":false,"template":"","format":"standard","meta":{"footnotes":""},"categories":[20],"tags":[4710,4081,4080],"class_list":["post-9713","post","type-post","status-publish","format-standard","hentry","category-judiciales","tag-ana-medina","tag-carolina-piparo","tag-fernando-burlando"],"_links":{"self":[{"href":"https:\/\/www.elsindical.com.ar\/notas\/wp-json\/wp\/v2\/posts\/9713","targetHints":{"allow":["GET"]}}],"collection":[{"href":"https:\/\/www.elsindical.com.ar\/notas\/wp-json\/wp\/v2\/posts"}],"about":[{"href":"https:\/\/www.elsindical.com.ar\/notas\/wp-json\/wp\/v2\/types\/post"}],"author":[{"embeddable":true,"href":"https:\/\/www.elsindical.com.ar\/notas\/wp-json\/wp\/v2\/users\/1"}],"replies":[{"embeddable":true,"href":"https:\/\/www.elsindical.com.ar\/notas\/wp-json\/wp\/v2\/comments?post=9713"}],"version-history":[{"count":2,"href":"https:\/\/www.elsindical.com.ar\/notas\/wp-json\/wp\/v2\/posts\/9713\/revisions"}],"predecessor-version":[{"id":9716,"href":"https:\/\/www.elsindical.com.ar\/notas\/wp-json\/wp\/v2\/posts\/9713\/revisions\/9716"}],"wp:attachment":[{"href":"https:\/\/www.elsindical.com.ar\/notas\/wp-json\/wp\/v2\/media?parent=9713"}],"wp:term":[{"taxonomy":"category","embeddable":true,"href":"https:\/\/www.elsindical.com.ar\/notas\/wp-json\/wp\/v2\/categories?post=9713"},{"taxonomy":"post_tag","embeddable":true,"href":"https:\/\/www.elsindical.com.ar\/notas\/wp-json\/wp\/v2\/tags?post=9713"}],"curies":[{"name":"wp","href":"https:\/\/api.w.org\/{rel}","templated":true}]}}