{"id":97104,"date":"2020-07-07T00:35:48","date_gmt":"2020-07-07T03:35:48","guid":{"rendered":"http:\/\/www.elsindical.com.ar\/notas\/?p=97104"},"modified":"2020-07-07T00:35:48","modified_gmt":"2020-07-07T03:35:48","slug":"el-secla-advirtio-que-los-comercios-pequenos-estan-arruinados","status":"publish","type":"post","link":"https:\/\/www.elsindical.com.ar\/notas\/el-secla-advirtio-que-los-comercios-pequenos-estan-arruinados\/","title":{"rendered":"El SECLA advirti\u00f3 que los comercios peque\u00f1os est\u00e1n arruinados"},"content":{"rendered":"\n<figure class=\"wp-block-image size-large\"><img loading=\"lazy\" decoding=\"async\" width=\"640\" height=\"345\" src=\"http:\/\/www.elsindical.com.ar\/notas\/var\/www\/html\/notas\/wp-content\/uploads\/2020\/07\/comercios-9-de-julio-Lan\u00fas.jpg\" alt=\"\" class=\"wp-image-97105\" srcset=\"https:\/\/www.elsindical.com.ar\/notas\/var\/www\/html\/notas\/wp-content\/uploads\/2020\/07\/comercios-9-de-julio-Lan\u00fas.jpg 640w, https:\/\/www.elsindical.com.ar\/notas\/var\/www\/html\/notas\/wp-content\/uploads\/2020\/07\/comercios-9-de-julio-Lan\u00fas-300x162.jpg 300w, https:\/\/www.elsindical.com.ar\/notas\/var\/www\/html\/notas\/wp-content\/uploads\/2020\/07\/comercios-9-de-julio-Lan\u00fas-500x270.jpg 500w\" sizes=\"auto, (max-width: 640px) 100vw, 640px\" \/><\/figure>\n\n\n\n<p>El Secretario General del Sindicato de Empleados de Comercio de Lan\u00fas y Avellaneda (SECLA), Orlando Machado, asegur\u00f3 que el comercio de pocas dimensiones est\u00e1 \u201cen una situaci\u00f3n desesperante\u201d a diferencia de las grandes cadenas. Tambi\u00e9n se refiri\u00f3 a los trabajadores infectados con COVID-19 en Coto y Wal Mart y las necesidades de legislar a favor del trabajador en medio de las crecientes ventas electr\u00f3nicas.<\/p>\n\n\n\n<p>Luego de los casos positivos revelados en dos hipermercados de Lan\u00fas y Avellaneda, Machado admiti\u00f3 que los comercios m\u00e1s chicos a quienes la pandemia \u201clos parte al medio\u201d y est\u00e1n \u201cen una situaci\u00f3n desesperante\u201d a diferencia de \u00e9stas empresas de retail tienen \u201cm\u00e1s espalda\u201d.<\/p>\n\n\n\n<p>\u201cAlgunos comerciantes peque\u00f1os, que por ejemplo venden ropa o calzado, est\u00e1n arruinados\u201d, asegur\u00f3 y dese\u00f3 \u201cque la pandemia termine r\u00e1pido\u201d porque \u201csu situaci\u00f3n es desesperante, tienen cero ventas desde hace 100 d\u00edas\u201d y eso afecta a las capacidades de pago de salarios.<\/p>\n\n\n\n<p>Consultado por los casos de coronvirus positivos que aparecieron en trabajadores de Coto en Monte Chingolo, donde sospech\u00f3 que \u201cpodr\u00eda haber venido de la sucursal Quilmes\u201d, y Wallmart de Sarand\u00ed, Machado sostuvo que \u201cdesde el inicio de la pandemia desde el sindicato se hizo cumplir los protocolos y el aislamiento del personal incluido en el grupo de riesgo, que est\u00e1n en sus casa hace m\u00e1s de 100 d\u00edas\u201d.<\/p>\n\n\n\n<p>Tambi\u00e9n, asegur\u00f3 que ante la aparici\u00f3n de casos en estos hipermercados, se cerraron y desinfectaron a todos los sectores que podr\u00eda haberse visto afectado, adem\u00e1s de aislar al personal que corri\u00f3 riesgo potencial de contagio.<\/p>\n\n\n\n<p>\u201cDesde el principio de la cuarentena venimos trabajando de forma muy responsable con un cuerpo de delegados muy activo en cada una de estas empresas a los que se les impartieron directivas muy claras, adem\u00e1s somos muy estrictos en el cumplimiento de los protocolos establecidos por el Gobierno Nacional. Esto se puede corroborar en cualquier visita a estas empresas\u201d, destac\u00f3 sobre los cuidados sanitarios que se toman desde el sindicato all\u00ed.<\/p>\n\n\n\n<p>Asimismo, explic\u00f3 que \u201clas medidas se tomaron guste o no y a pesar de que hubi\u00e9ramos preferido que estuviera el lugar cerrado por 30 d\u00edas aunque eso no est\u00e9 establecido en los protocolos\u201d, mientras que el sector de mercado solo estuvo un d\u00eda inhabilitado, se desinfect\u00f3 y se hisop\u00f3 a todo el personal.<\/p>\n\n\n\n<p>A pesar de estos episodios, el secretario general reconoci\u00f3 que \u201cla relaci\u00f3n con los delegados y las empresas es buena\u201d porque desde el sindicato \u201chay un deseo de que la fuente de trabajo permanezca sin poner en peligro la salud del trabajador\u201d.<\/p>\n\n\n\n<p>Por otra parte, inform\u00f3 que desde el sindicato tambi\u00e9n realizan asistencia psicol\u00f3gica para el empleado de comercio porque \u201chay mucho miedo en el trabajador de llevar el virus a su casa\u201d, al tiempo que tambi\u00e9n contin\u00faan con la entrega de pa\u00f1ales o medicamentos para aquellos afiliados que lo necesiten.<\/p>\n\n\n\n<p>En tanto, Machado advirti\u00f3 sobre la ca\u00edda de los puestos de trabajo ya que cuando se libere la cuarentena obligatoria \u201cno va a haber una reactivaci\u00f3n autom\u00e1tica al d\u00eda siguiente\u201d y por eso inst\u00f3 a que \u201cse deber\u00e1 actuar de forma muy madura y consensuar mucho porque lamentablemente va a quedar gente en la calle\u201d.<\/p>\n\n\n\n<p>\u201cEl Gobierno Nacional tendr\u00e1 que buscarle la vuelta y elaborar nuevas pol\u00edticas de fomento para el consumo, la reactivaci\u00f3n econ\u00f3mica y el mantenimiento de la fuente de trabajo. De otra forma habr\u00e1 una crisis muy profunda en el futuro inmediato\u201d, pronostic\u00f3.<\/p>\n\n\n\n<p>Sin embargo, adelant\u00f3 que desde el sindicato tendr\u00e1n por delante el deber de \u201cbuscar formas de legislar las modalidades de comercio a distancia porque esto significa muchas fuentes de trabajo perdidas\u201d, algo que \u201cno se esperaba ya, sino que se vaya incrementado hasta establecerse en el tiempo\u201d.<\/p>\n\n\n\n<p>\u201cLa pandemia nos cambi\u00f3 la vida a todos, pero m\u00e1s a \u00e9stos trabajadores que ven con mucha preocupaci\u00f3n c\u00f3mo cada d\u00eda venden menos en las tiendas y m\u00e1s a trav\u00e9s del tel\u00e9fono o Internet\u201d, observ\u00f3.<\/p>\n","protected":false},"excerpt":{"rendered":"<p>El Secretario General del Sindicato de Empleados de Comercio de Lan\u00fas y Avellaneda (SECLA), Orlando Machado, asegur\u00f3 que el comercio de pocas dimensiones est\u00e1 \u201cen una situaci\u00f3n desesperante\u201d a diferencia de las grandes cadenas. Tambi\u00e9n se refiri\u00f3 a los trabajadores infectados con COVID-19 en Coto y Wal Mart y las necesidades de legislar a favor&hellip;<\/p>\n","protected":false},"author":1,"featured_media":97105,"comment_status":"open","ping_status":"open","sticky":false,"template":"","format":"standard","meta":{"footnotes":""},"categories":[16],"tags":[461,4357,2450,209,18420,32620,13091],"class_list":["post-97104","post","type-post","status-publish","format-standard","has-post-thumbnail","hentry","category-gremiales","tag-avellaneda","tag-comercios","tag-diario-el-sindical","tag-lanus","tag-orlando-machado","tag-pandemia","tag-secla"],"_links":{"self":[{"href":"https:\/\/www.elsindical.com.ar\/notas\/wp-json\/wp\/v2\/posts\/97104","targetHints":{"allow":["GET"]}}],"collection":[{"href":"https:\/\/www.elsindical.com.ar\/notas\/wp-json\/wp\/v2\/posts"}],"about":[{"href":"https:\/\/www.elsindical.com.ar\/notas\/wp-json\/wp\/v2\/types\/post"}],"author":[{"embeddable":true,"href":"https:\/\/www.elsindical.com.ar\/notas\/wp-json\/wp\/v2\/users\/1"}],"replies":[{"embeddable":true,"href":"https:\/\/www.elsindical.com.ar\/notas\/wp-json\/wp\/v2\/comments?post=97104"}],"version-history":[{"count":1,"href":"https:\/\/www.elsindical.com.ar\/notas\/wp-json\/wp\/v2\/posts\/97104\/revisions"}],"predecessor-version":[{"id":97106,"href":"https:\/\/www.elsindical.com.ar\/notas\/wp-json\/wp\/v2\/posts\/97104\/revisions\/97106"}],"wp:featuredmedia":[{"embeddable":true,"href":"https:\/\/www.elsindical.com.ar\/notas\/wp-json\/wp\/v2\/media\/97105"}],"wp:attachment":[{"href":"https:\/\/www.elsindical.com.ar\/notas\/wp-json\/wp\/v2\/media?parent=97104"}],"wp:term":[{"taxonomy":"category","embeddable":true,"href":"https:\/\/www.elsindical.com.ar\/notas\/wp-json\/wp\/v2\/categories?post=97104"},{"taxonomy":"post_tag","embeddable":true,"href":"https:\/\/www.elsindical.com.ar\/notas\/wp-json\/wp\/v2\/tags?post=97104"}],"curies":[{"name":"wp","href":"https:\/\/api.w.org\/{rel}","templated":true}]}}