{"id":97097,"date":"2020-07-06T10:29:34","date_gmt":"2020-07-06T13:29:34","guid":{"rendered":"http:\/\/www.elsindical.com.ar\/notas\/?p=97097"},"modified":"2020-07-06T10:29:34","modified_gmt":"2020-07-06T13:29:34","slug":"la-uca-estima-mas-de-45-de-pobreza-debido-a-la-perdida-de-fuentes-de-trabajo","status":"publish","type":"post","link":"https:\/\/www.elsindical.com.ar\/notas\/la-uca-estima-mas-de-45-de-pobreza-debido-a-la-perdida-de-fuentes-de-trabajo\/","title":{"rendered":"La UCA estima m\u00e1s de 45% de pobreza debido a la \u00abp\u00e9rdida de fuentes de trabajo\u00bb"},"content":{"rendered":"\n<figure class=\"wp-block-image size-large\"><img loading=\"lazy\" decoding=\"async\" width=\"1004\" height=\"565\" src=\"http:\/\/www.elsindical.com.ar\/notas\/var\/www\/html\/notas\/wp-content\/uploads\/2019\/12\/pobreza-en-Argentina-2.jpg\" alt=\"\" class=\"wp-image-91686\" srcset=\"https:\/\/www.elsindical.com.ar\/notas\/var\/www\/html\/notas\/wp-content\/uploads\/2019\/12\/pobreza-en-Argentina-2.jpg 1004w, https:\/\/www.elsindical.com.ar\/notas\/var\/www\/html\/notas\/wp-content\/uploads\/2019\/12\/pobreza-en-Argentina-2-300x169.jpg 300w, https:\/\/www.elsindical.com.ar\/notas\/var\/www\/html\/notas\/wp-content\/uploads\/2019\/12\/pobreza-en-Argentina-2-768x432.jpg 768w, https:\/\/www.elsindical.com.ar\/notas\/var\/www\/html\/notas\/wp-content\/uploads\/2019\/12\/pobreza-en-Argentina-2-500x281.jpg 500w, https:\/\/www.elsindical.com.ar\/notas\/var\/www\/html\/notas\/wp-content\/uploads\/2019\/12\/pobreza-en-Argentina-2-460x260.jpg 460w\" sizes=\"auto, (max-width: 1004px) 100vw, 1004px\" \/><\/figure>\n\n\n\n<p>Un estudio revela los resultados que arroja la cuarentena para gran parte de las personas que perdieron su empleo.<\/p>\n\n\n\n<p>El director del <strong>Observatorio Social de la Universidad Cat\u00f3lica Argentina<\/strong>, Agust\u00edn Salvia, remarc\u00f3 hoy que las \u00faltimas proyecciones que realizaron estiman que <strong>hay un \u00ab45% de personas por debajo de la l\u00ednea de pobreza\u00bb<\/strong> y asegur\u00f3 que se duplic\u00f3 la cantidad de personas que <strong>no llega a cubrir la canasta b\u00e1sica de alimentos.<\/strong><\/p>\n\n\n\n<p><strong>\u00abEn diciembre del a\u00f1o pasado terminamos con m\u00e1s de 38% de pobreza. En enero y febrero esa situaci\u00f3n no cambi\u00f3. Los niveles de pobreza han superado el 40%<\/strong> holgadamente a fines de marzo. Las \u00faltimas proyecciones que hicimos nos est\u00e1n dando 45% de poblaci\u00f3n en situaci\u00f3n de pobreza en fines de abril\u00bb, consider\u00f3 Salvia en declaraciones radiales.<\/p>\n\n\n\n<p>Asimismo, subray\u00f3 que si bien <strong>\u00ablos precios no han estallado\u00bb y \u00abla canasta b\u00e1sica se ha mantenido con un crecimiento menor\u00bb<\/strong>, la ca\u00edda de los ingresos laborales de los hogares de clase media baja \u00abha sido muy brusca\u00bb. \u00abSe ha duplicado el d\u00e9ficit de personas que no cubren la canasta b\u00e1sica alimentaria en el \u00c1rea Metropolitana de Buenos Aires\u00bb, expres\u00f3.<\/p>\n\n\n\n<p>\u00abEl tema es complicado. <strong>Desde el punto de vista econ\u00f3mico estamos en una crisis profunda. Ha golpeado a sectores informales, los cuales han logrado tener un piso de protecci\u00f3n social pero est\u00e1n perdiendo sus fuentes de trabajo. Ha habido una reducci\u00f3n de demanda\u00bb<\/strong>, explic\u00f3. En ese sentido, coment\u00f3 antes que <strong>\u00abmucha gente se dedicaba a comercializar bienes en la v\u00eda p\u00fablica\u00bb<\/strong>: \u00abUn componente importante de los ingresos de los hogares pobres son este tipo de trabajos\u00bb.<\/p>\n\n\n\n<p><strong>\u00abEsta crisis significa una profundizaci\u00f3n de la pobreza\u00bb,<\/strong> afirm\u00f3. \u00abEl segundo factor es que tambi\u00e9n se est\u00e1 golpeando a la peque\u00f1a y mediana empresa, al peque\u00f1o emprendedor, al aut\u00f3nomo, que no era pobre y aspiraba a progresar. Estas empresas est\u00e1n fuertemente golpeados. <strong>De ellos va a surgir una nueva capa de pobres<\/strong>\u00ab, indic\u00f3.<\/p>\n\n\n\n<p><strong>\u00abVamos a tener una nueva capa de sectores laborales que caigan en la pobreza y que se sumerjan en la pobreza estructural, que es una pobreza cr\u00f3nica\u00bb<\/strong>, asegur\u00f3.<\/p>\n","protected":false},"excerpt":{"rendered":"<p>Un estudio revela los resultados que arroja la cuarentena para gran parte de las personas que perdieron su empleo. El director del Observatorio Social de la Universidad Cat\u00f3lica Argentina, Agust\u00edn Salvia, remarc\u00f3 hoy que las \u00faltimas proyecciones que realizaron estiman que hay un \u00ab45% de personas por debajo de la l\u00ednea de pobreza\u00bb y asegur\u00f3&hellip;<\/p>\n","protected":false},"author":1,"featured_media":91686,"comment_status":"open","ping_status":"open","sticky":false,"template":"","format":"standard","meta":{"footnotes":""},"categories":[9],"tags":[2450,33281,12356,9892],"class_list":["post-97097","post","type-post","status-publish","format-standard","has-post-thumbnail","hentry","category-economia","tag-diario-el-sindical","tag-fuentes-de-trabajo","tag-pobreza","tag-uca"],"_links":{"self":[{"href":"https:\/\/www.elsindical.com.ar\/notas\/wp-json\/wp\/v2\/posts\/97097","targetHints":{"allow":["GET"]}}],"collection":[{"href":"https:\/\/www.elsindical.com.ar\/notas\/wp-json\/wp\/v2\/posts"}],"about":[{"href":"https:\/\/www.elsindical.com.ar\/notas\/wp-json\/wp\/v2\/types\/post"}],"author":[{"embeddable":true,"href":"https:\/\/www.elsindical.com.ar\/notas\/wp-json\/wp\/v2\/users\/1"}],"replies":[{"embeddable":true,"href":"https:\/\/www.elsindical.com.ar\/notas\/wp-json\/wp\/v2\/comments?post=97097"}],"version-history":[{"count":1,"href":"https:\/\/www.elsindical.com.ar\/notas\/wp-json\/wp\/v2\/posts\/97097\/revisions"}],"predecessor-version":[{"id":97098,"href":"https:\/\/www.elsindical.com.ar\/notas\/wp-json\/wp\/v2\/posts\/97097\/revisions\/97098"}],"wp:featuredmedia":[{"embeddable":true,"href":"https:\/\/www.elsindical.com.ar\/notas\/wp-json\/wp\/v2\/media\/91686"}],"wp:attachment":[{"href":"https:\/\/www.elsindical.com.ar\/notas\/wp-json\/wp\/v2\/media?parent=97097"}],"wp:term":[{"taxonomy":"category","embeddable":true,"href":"https:\/\/www.elsindical.com.ar\/notas\/wp-json\/wp\/v2\/categories?post=97097"},{"taxonomy":"post_tag","embeddable":true,"href":"https:\/\/www.elsindical.com.ar\/notas\/wp-json\/wp\/v2\/tags?post=97097"}],"curies":[{"name":"wp","href":"https:\/\/api.w.org\/{rel}","templated":true}]}}