{"id":97083,"date":"2020-07-05T00:07:24","date_gmt":"2020-07-05T03:07:24","guid":{"rendered":"http:\/\/www.elsindical.com.ar\/notas\/?p=97083"},"modified":"2020-07-05T00:07:24","modified_gmt":"2020-07-05T03:07:24","slug":"avellaneda-liberan-a-policia-federal-que-mato-de-18-balazos-a-un-joven-que-lo-asalto-en-villa-tranquila","status":"publish","type":"post","link":"https:\/\/www.elsindical.com.ar\/notas\/avellaneda-liberan-a-policia-federal-que-mato-de-18-balazos-a-un-joven-que-lo-asalto-en-villa-tranquila\/","title":{"rendered":"Avellaneda: Liberan a polic\u00eda federal que mat\u00f3 de 18 balazos a un joven que lo asalt\u00f3 en Villa Tranquila"},"content":{"rendered":"\n<div class=\"wp-block-image\"><figure class=\"aligncenter size-large\"><img loading=\"lazy\" decoding=\"async\" width=\"678\" height=\"960\" src=\"http:\/\/www.elsindical.com.ar\/notas\/var\/www\/html\/notas\/wp-content\/uploads\/2020\/06\/justicia-por-Lucas-Barrios.jpg\" alt=\"\" class=\"wp-image-96181\" srcset=\"https:\/\/www.elsindical.com.ar\/notas\/var\/www\/html\/notas\/wp-content\/uploads\/2020\/06\/justicia-por-Lucas-Barrios.jpg 678w, https:\/\/www.elsindical.com.ar\/notas\/var\/www\/html\/notas\/wp-content\/uploads\/2020\/06\/justicia-por-Lucas-Barrios-212x300.jpg 212w\" sizes=\"auto, (max-width: 678px) 100vw, 678px\" \/><\/figure><\/div>\n\n\n\n<p>El polic\u00eda federal que a fines de mayo \u00faltimo mat\u00f3 de 18 balazos al joven que lo asalt\u00f3 tras haber acordado venderle una PlayStation a trav\u00e9s de una red social, en el partido bonaerense de Avellaneda, fue excarcelado en las \u00faltimas horas, luego de que una jueza entendi\u00f3 que se trat\u00f3 de un homicidio \u00abcon exceso en la leg\u00edtima defensa\u00bb, a pesar de que el fiscal hab\u00eda pedido que siguiera detenido.<\/p>\n\n\n\n<p>Fuentes judiciales aseguraron a T\u00e9lam que la decisi\u00f3n de excarcelar a Osvaldo Nicol\u00e1s Rendichi (24) fue adoptada por la jueza de Garant\u00edas de Lomas de Zamora Brenda Madrid, quien recaratul\u00f3 la causa por un delito m\u00e1s leve, a pesar de que el fiscal Elbio Laborde hab\u00eda solicitado la prisi\u00f3n preventiva del polic\u00eda por \u00abhomicidio simple agravado por el uso de arma de fuego\u00bb en perjuicio de Lucas Barrios (18).<\/p>\n\n\n\n<p>Ante esta decisi\u00f3n, el polic\u00eda recuper\u00f3 su inmediata libertad, a pesar de que seguir\u00e1 siendo investigado en el marco de la causa por la muerte del joven.<\/p>\n\n\n\n<p>\u00abCon los tiros que le peg\u00f3 en la pierna se la destroz\u00f3, ten\u00eda el hueso quebrado, ya con eso estaba reducido porque el arma se le hab\u00eda ca\u00eddo y (el polic\u00eda) volvi\u00f3 a matarlo de un balazo en el pecho\u00bb, hab\u00eda dicho a T\u00e9lam tras el hecho David Barrios, padre del joven asesinado, quien pidi\u00f3 que el caso no quede impune.<\/p>\n\n\n\n<p>La versi\u00f3n del hombre contradijo a la que el agente de la polic\u00eda Rendichi dio en primera instancia en la comisar\u00eda 1era. de Avellaneda y que ratific\u00f3 en su indagatoria ante el fiscal Laborde,<\/p>\n\n\n\n<p>El efectivo relat\u00f3 que el hecho se registr\u00f3 la tarde del 30 de mayo en Pinz\u00f3n al 1500, a pocas cuadras del estadio del Club Atl\u00e9tico San Telmo, ubicado en el l\u00edmite entre la Isla Maciel y Villa Tranquila, en Avellaneda.<\/p>\n\n\n\n<p>Seg\u00fan sus dichos, \u00e9l pact\u00f3 a trav\u00e9s de una red social comprar una PlayStation 4 por 17.000 pesos y se dirigi\u00f3 vestido de civil junto con su hermano a bordo de su auto Chevrolet Vectra gris para encontrarse con el supuesto vendedor.<\/p>\n\n\n\n<p>Al llegar al lugar, un joven se acerc\u00f3 y le dijo que lo acompa\u00f1ara unos 20 metros por un pasillo del barrio, tras lo cual apareci\u00f3 otro hombre que amenaz\u00f3 al polic\u00eda con fines de robo.<\/p>\n\n\n\n<p>Seg\u00fan su testimonio, Rendichi se identific\u00f3 como polic\u00eda y desenfund\u00f3 su pistola Bersa calibre 9 mil\u00edmetros, momento en que el asaltante efectu\u00f3 un tiro y \u00e9l lo repeli\u00f3 con cuatro disparos.<\/p>\n\n\n\n<p>Pero el padre del joven asesinado desminti\u00f3 la declaraci\u00f3n del polic\u00eda sobre un presunto enfrentamiento.<\/p>\n\n\n\n<p>\u00abYo estaba laburando a unos 30 metros del lugar donde fue todo, vi que el auto pas\u00f3 y de repente escuchamos los balazos, pero nada que ver lo que dijo el polic\u00eda sobre que hubo un enfrentamiento porque los 18 tiros que se escucharon fueron de una misma pistola, la de \u00e9l\u00bb, afirm\u00f3 a T\u00e9lam.<\/p>\n\n\n\n<p>El hombre agreg\u00f3 que Rendichi \u00abse puso el arma en la cintura y baj\u00f3 de nuevo, ah\u00ed se escuch\u00f3 otro tiro que la gente dice que le peg\u00f3 en el pecho\u00bb y reiter\u00f3 que su hijo \u00abno dispar\u00f3 en ning\u00fan momento\u00bb.<\/p>\n\n\n\n<p>Barrios agreg\u00f3 que \u00abla mujer de un amigo le dec\u00eda que deje de tirar, que deje de tirar, y segu\u00eda tirando\u00bb, por lo que \u00e9l consider\u00f3 que el polic\u00eda \u00abvino a matarlo, lo ejecut\u00f3 para hacer justicia por mano propia\u00bb.<\/p>\n\n\n\n<p>Tras los disparos, el efectivo se dirigi\u00f3 r\u00e1pidamente a la comisar\u00eda 1era. de Avellaneda, donde fue detenido y dio su versi\u00f3n de lo sucedido, entreg\u00f3 su arma reglamentaria y una pistola 9 mil\u00edmetros marca Tanfoglio que habr\u00e1 que determinar si la llevaba un tercero, como dijo el acusado.<\/p>\n\n\n\n<p>Barrios por su parte fue llevado con m\u00faltiples heridas de bala al hospital Fiorito, donde falleci\u00f3 y se determin\u00f3 que presentaba 23 orificios, de los cuales 18 eran de \u00abentrada\u00bb.<\/p>\n\n\n\n<p>El fiscal Laborde, a cargo de la Unidad Funcional de Instrucci\u00f3n (UFI) 3 descentralizada en Avellaneda, dispuso la aprehensi\u00f3n del efectivo Rendichi, por \u00abhomicidio agravado por el uso de arma de fuego\u00bb pero ahora la causa fue recaratulada por la jueza Madrid dado que consider\u00f3 que solo hubo un \u00abexceso\u00bb al defenderse del intento de robo.<\/p>\n","protected":false},"excerpt":{"rendered":"<p>El polic\u00eda federal que a fines de mayo \u00faltimo mat\u00f3 de 18 balazos al joven que lo asalt\u00f3 tras haber acordado venderle una PlayStation a trav\u00e9s de una red social, en el partido bonaerense de Avellaneda, fue excarcelado en las \u00faltimas horas, luego de que una jueza entendi\u00f3 que se trat\u00f3 de un homicidio \u00abcon&hellip;<\/p>\n","protected":false},"author":1,"featured_media":96181,"comment_status":"open","ping_status":"open","sticky":false,"template":"","format":"standard","meta":{"footnotes":""},"categories":[20],"tags":[461,2450,28912,33124,33108,116,1796],"class_list":["post-97083","post","type-post","status-publish","format-standard","has-post-thumbnail","hentry","category-judiciales","tag-avellaneda","tag-diario-el-sindical","tag-jueza-brenda-madrid","tag-lucas-barrios","tag-osvaldo-nicolas-rendichi","tag-robo","tag-villa-tranquila"],"_links":{"self":[{"href":"https:\/\/www.elsindical.com.ar\/notas\/wp-json\/wp\/v2\/posts\/97083","targetHints":{"allow":["GET"]}}],"collection":[{"href":"https:\/\/www.elsindical.com.ar\/notas\/wp-json\/wp\/v2\/posts"}],"about":[{"href":"https:\/\/www.elsindical.com.ar\/notas\/wp-json\/wp\/v2\/types\/post"}],"author":[{"embeddable":true,"href":"https:\/\/www.elsindical.com.ar\/notas\/wp-json\/wp\/v2\/users\/1"}],"replies":[{"embeddable":true,"href":"https:\/\/www.elsindical.com.ar\/notas\/wp-json\/wp\/v2\/comments?post=97083"}],"version-history":[{"count":1,"href":"https:\/\/www.elsindical.com.ar\/notas\/wp-json\/wp\/v2\/posts\/97083\/revisions"}],"predecessor-version":[{"id":97084,"href":"https:\/\/www.elsindical.com.ar\/notas\/wp-json\/wp\/v2\/posts\/97083\/revisions\/97084"}],"wp:featuredmedia":[{"embeddable":true,"href":"https:\/\/www.elsindical.com.ar\/notas\/wp-json\/wp\/v2\/media\/96181"}],"wp:attachment":[{"href":"https:\/\/www.elsindical.com.ar\/notas\/wp-json\/wp\/v2\/media?parent=97083"}],"wp:term":[{"taxonomy":"category","embeddable":true,"href":"https:\/\/www.elsindical.com.ar\/notas\/wp-json\/wp\/v2\/categories?post=97083"},{"taxonomy":"post_tag","embeddable":true,"href":"https:\/\/www.elsindical.com.ar\/notas\/wp-json\/wp\/v2\/tags?post=97083"}],"curies":[{"name":"wp","href":"https:\/\/api.w.org\/{rel}","templated":true}]}}