{"id":97065,"date":"2020-07-04T15:12:12","date_gmt":"2020-07-04T18:12:12","guid":{"rendered":"http:\/\/www.elsindical.com.ar\/notas\/?p=97065"},"modified":"2020-07-04T15:12:12","modified_gmt":"2020-07-04T18:12:12","slug":"control-policial-sin-protocolo","status":"publish","type":"post","link":"https:\/\/www.elsindical.com.ar\/notas\/control-policial-sin-protocolo\/","title":{"rendered":"Control policial sin protocolo"},"content":{"rendered":"\n<figure class=\"wp-block-image size-large\"><img loading=\"lazy\" decoding=\"async\" width=\"1024\" height=\"927\" src=\"http:\/\/www.elsindical.com.ar\/notas\/var\/www\/html\/notas\/wp-content\/uploads\/2020\/07\/control-policial-Polic\u00eda-Local-1024x927.jpg\" alt=\"\" class=\"wp-image-97066\" srcset=\"https:\/\/www.elsindical.com.ar\/notas\/var\/www\/html\/notas\/wp-content\/uploads\/2020\/07\/control-policial-Polic\u00eda-Local-1024x927.jpg 1024w, https:\/\/www.elsindical.com.ar\/notas\/var\/www\/html\/notas\/wp-content\/uploads\/2020\/07\/control-policial-Polic\u00eda-Local-300x272.jpg 300w, https:\/\/www.elsindical.com.ar\/notas\/var\/www\/html\/notas\/wp-content\/uploads\/2020\/07\/control-policial-Polic\u00eda-Local-768x696.jpg 768w, https:\/\/www.elsindical.com.ar\/notas\/var\/www\/html\/notas\/wp-content\/uploads\/2020\/07\/control-policial-Polic\u00eda-Local-331x300.jpg 331w, https:\/\/www.elsindical.com.ar\/notas\/var\/www\/html\/notas\/wp-content\/uploads\/2020\/07\/control-policial-Polic\u00eda-Local-1536x1391.jpg 1536w, https:\/\/www.elsindical.com.ar\/notas\/var\/www\/html\/notas\/wp-content\/uploads\/2020\/07\/control-policial-Polic\u00eda-Local.jpg 1908w\" sizes=\"auto, (max-width: 1024px) 100vw, 1024px\" \/><\/figure>\n\n\n\n<p class=\"wp-block-paragraph\">    A diario nos hablan del esfuerzo del personal policial y de los riesgos de contagio al tener que trabajar en la calle sea efectuando controles poblacionales o bien cumpliendo con la labor policial de prevenci\u00f3n y represi\u00f3n de delitos.<\/p>\n\n\n\n<p class=\"wp-block-paragraph\">Todos apoyamos y destacamos ese riesgo profesional y los incluimos entre los h\u00e9roes en esta Pandemia, pero tambi\u00e9n existen polic\u00edas descuidados y negligentes y eso tambi\u00e9n es correcto se\u00f1alarlo si tenemos en cuenta que se trata de un virus altamente contagiable.<\/p>\n\n\n\n<p class=\"wp-block-paragraph\">La base de la Polic\u00eda Local ubicada en las calles Heredia y Reconquista, en Gerli, que acumula m\u00e1s criticas que reconocimientos y a la que he se\u00f1alado como negligente en lo de hacer cumplir el distanciamiento social y la cuarentena, permitiendo que comercios no habilitados trabajen y no controlando que comerciantes sin permiso vengan de otros partidos, parece que comenzaron con controles de estad\u00edstica.<\/p>\n\n\n\n<p class=\"wp-block-paragraph\">Con un par de conos sobre la calle Heredia, controlan algunos de los veh\u00edculos que pasan pero curiosamente y en contra de las recomendaciones para esa tarea, solicitan el DNI y las dos mujeres polic\u00edas lo manipulan sin guantes, siendo un riesgo para ellas y para quien recibe nuevamente el documento sin saber la documentaci\u00f3n de quien han tocado antes, ya que no tienen con ellas alcohol o alg\u00fan desinfectante.<\/p>\n\n\n\n<p class=\"wp-block-paragraph\">Pero lo gracioso de la situaci\u00f3n e indignante, es que a solo unos 25 metros, tienen un taller en Heredia y Pasaje Angaco, abierto violando la cuarentena porque no es una tarea esencia y m\u00e1s a\u00fan, que se volvi\u00f3 punto de reuni\u00f3n de amigos, contando 10 personas sin mantener la distancia social, eso parece que estos polic\u00edas no lo ven, entonces su control se vuelve rid\u00edculo, son m\u00e1s peligrosos para la salud las reuniones de personas que un tipo solo en su auto, \u00bfeso no se lo explicaron? Parece que el Jefe de Estaci\u00f3n de Avellaneda, Comisario Inspector Gregorio Mart\u00ednez no se ocupa de fiscalizar y capacitar al personal policial a sus \u00f3rdenes.<\/p>\n\n\n\n<figure class=\"wp-block-image size-large\"><img loading=\"lazy\" decoding=\"async\" width=\"930\" height=\"1024\" src=\"http:\/\/www.elsindical.com.ar\/notas\/var\/www\/html\/notas\/wp-content\/uploads\/2020\/07\/Base-Polic\u00eda-Local-de-Gerli-930x1024.jpg\" alt=\"\" class=\"wp-image-97067\" srcset=\"https:\/\/www.elsindical.com.ar\/notas\/var\/www\/html\/notas\/wp-content\/uploads\/2020\/07\/Base-Polic\u00eda-Local-de-Gerli-930x1024.jpg 930w, https:\/\/www.elsindical.com.ar\/notas\/var\/www\/html\/notas\/wp-content\/uploads\/2020\/07\/Base-Polic\u00eda-Local-de-Gerli-272x300.jpg 272w, https:\/\/www.elsindical.com.ar\/notas\/var\/www\/html\/notas\/wp-content\/uploads\/2020\/07\/Base-Polic\u00eda-Local-de-Gerli-768x846.jpg 768w, https:\/\/www.elsindical.com.ar\/notas\/var\/www\/html\/notas\/wp-content\/uploads\/2020\/07\/Base-Polic\u00eda-Local-de-Gerli-1395x1536.jpg 1395w, https:\/\/www.elsindical.com.ar\/notas\/var\/www\/html\/notas\/wp-content\/uploads\/2020\/07\/Base-Polic\u00eda-Local-de-Gerli.jpg 1614w\" sizes=\"auto, (max-width: 930px) 100vw, 930px\" \/><\/figure>\n\n\n\n<figure class=\"wp-block-image size-large\"><img loading=\"lazy\" decoding=\"async\" width=\"890\" height=\"1024\" src=\"http:\/\/www.elsindical.com.ar\/notas\/var\/www\/html\/notas\/wp-content\/uploads\/2020\/07\/taller-Heredia-y-Angaco-890x1024.jpg\" alt=\"\" class=\"wp-image-97062\" srcset=\"https:\/\/www.elsindical.com.ar\/notas\/var\/www\/html\/notas\/wp-content\/uploads\/2020\/07\/taller-Heredia-y-Angaco-890x1024.jpg 890w, https:\/\/www.elsindical.com.ar\/notas\/var\/www\/html\/notas\/wp-content\/uploads\/2020\/07\/taller-Heredia-y-Angaco-261x300.jpg 261w, https:\/\/www.elsindical.com.ar\/notas\/var\/www\/html\/notas\/wp-content\/uploads\/2020\/07\/taller-Heredia-y-Angaco-768x884.jpg 768w, https:\/\/www.elsindical.com.ar\/notas\/var\/www\/html\/notas\/wp-content\/uploads\/2020\/07\/taller-Heredia-y-Angaco-1334x1536.jpg 1334w, https:\/\/www.elsindical.com.ar\/notas\/var\/www\/html\/notas\/wp-content\/uploads\/2020\/07\/taller-Heredia-y-Angaco.jpg 1614w\" sizes=\"auto, (max-width: 890px) 100vw, 890px\" \/><\/figure>\n","protected":false},"excerpt":{"rendered":"<p>A diario nos hablan del esfuerzo del personal policial y de los riesgos de contagio al tener que trabajar en la calle sea efectuando controles poblacionales o bien cumpliendo con la labor policial de prevenci\u00f3n y represi\u00f3n de delitos. Todos apoyamos y destacamos ese riesgo profesional y los incluimos entre los h\u00e9roes en esta Pandemia,&hellip;<\/p>\n","protected":false},"author":1,"featured_media":97066,"comment_status":"open","ping_status":"open","sticky":false,"template":"","format":"standard","meta":{"footnotes":""},"categories":[6],"tags":[461,28993,21009,17844,22031,22271],"class_list":["post-97065","post","type-post","status-publish","format-standard","has-post-thumbnail","hentry","category-denuncias","tag-avellaneda","tag-comisario-inspector-gregorio-martinez","tag-policia-local","tag-protocolo","tag-salud","tag-taller-mecanico"],"_links":{"self":[{"href":"https:\/\/www.elsindical.com.ar\/notas\/wp-json\/wp\/v2\/posts\/97065","targetHints":{"allow":["GET"]}}],"collection":[{"href":"https:\/\/www.elsindical.com.ar\/notas\/wp-json\/wp\/v2\/posts"}],"about":[{"href":"https:\/\/www.elsindical.com.ar\/notas\/wp-json\/wp\/v2\/types\/post"}],"author":[{"embeddable":true,"href":"https:\/\/www.elsindical.com.ar\/notas\/wp-json\/wp\/v2\/users\/1"}],"replies":[{"embeddable":true,"href":"https:\/\/www.elsindical.com.ar\/notas\/wp-json\/wp\/v2\/comments?post=97065"}],"version-history":[{"count":1,"href":"https:\/\/www.elsindical.com.ar\/notas\/wp-json\/wp\/v2\/posts\/97065\/revisions"}],"predecessor-version":[{"id":97068,"href":"https:\/\/www.elsindical.com.ar\/notas\/wp-json\/wp\/v2\/posts\/97065\/revisions\/97068"}],"wp:featuredmedia":[{"embeddable":true,"href":"https:\/\/www.elsindical.com.ar\/notas\/wp-json\/wp\/v2\/media\/97066"}],"wp:attachment":[{"href":"https:\/\/www.elsindical.com.ar\/notas\/wp-json\/wp\/v2\/media?parent=97065"}],"wp:term":[{"taxonomy":"category","embeddable":true,"href":"https:\/\/www.elsindical.com.ar\/notas\/wp-json\/wp\/v2\/categories?post=97065"},{"taxonomy":"post_tag","embeddable":true,"href":"https:\/\/www.elsindical.com.ar\/notas\/wp-json\/wp\/v2\/tags?post=97065"}],"curies":[{"name":"wp","href":"https:\/\/api.w.org\/{rel}","templated":true}]}}