{"id":97042,"date":"2020-07-03T14:24:37","date_gmt":"2020-07-03T17:24:37","guid":{"rendered":"http:\/\/www.elsindical.com.ar\/notas\/?p=97042"},"modified":"2020-07-03T14:24:37","modified_gmt":"2020-07-03T17:24:37","slug":"alberto-fernandez-un-gobierno-debil-solo-puede-fracasar","status":"publish","type":"post","link":"https:\/\/www.elsindical.com.ar\/notas\/alberto-fernandez-un-gobierno-debil-solo-puede-fracasar\/","title":{"rendered":"Alberto Fern\u00e1ndez: Un gobierno d\u00e9bil solo puede fracasar"},"content":{"rendered":"\n<figure class=\"wp-block-image size-large is-resized\"><img loading=\"lazy\" decoding=\"async\" src=\"http:\/\/www.elsindical.com.ar\/notas\/var\/www\/html\/notas\/wp-content\/uploads\/2020\/07\/Alberto-Fern\u00e1ndez-chau-1024x576.jpg\" alt=\"\" class=\"wp-image-97043\" width=\"588\" height=\"330\" srcset=\"https:\/\/www.elsindical.com.ar\/notas\/var\/www\/html\/notas\/wp-content\/uploads\/2020\/07\/Alberto-Fern\u00e1ndez-chau-1024x576.jpg 1024w, https:\/\/www.elsindical.com.ar\/notas\/var\/www\/html\/notas\/wp-content\/uploads\/2020\/07\/Alberto-Fern\u00e1ndez-chau-300x169.jpg 300w, https:\/\/www.elsindical.com.ar\/notas\/var\/www\/html\/notas\/wp-content\/uploads\/2020\/07\/Alberto-Fern\u00e1ndez-chau-768x432.jpg 768w, https:\/\/www.elsindical.com.ar\/notas\/var\/www\/html\/notas\/wp-content\/uploads\/2020\/07\/Alberto-Fern\u00e1ndez-chau-500x281.jpg 500w, https:\/\/www.elsindical.com.ar\/notas\/var\/www\/html\/notas\/wp-content\/uploads\/2020\/07\/Alberto-Fern\u00e1ndez-chau.jpg 1280w\" sizes=\"auto, (max-width: 588px) 100vw, 588px\" \/><\/figure>\n\n\n\n<p>Un gobierno d\u00e9bil solo puede estar condenado al fracaso, no alcanza con hablar bien y ser profesional, la provincia de Buenos Aires siguen subiendo los contagios y es todo un joda, por Avellaneda hay zonas donde no se puede caminar manteniendo la distancia porque se mezclan las colas de gente esperando, para el cajero, para hacer compras, autos por todos lados, una payasada una cuarentena as\u00ed, con esto solo joden al que tuvo mala suerte y fue controlado, as\u00ed no se hacen las cosas, levanten la cuarentena y asuman que no tienen los huevos para gobernar, de a poco se le burlan todos, los pol\u00edticos de la oposici\u00f3n, los jueces y empresarios corruptos, tienen en el mismo gobierno a funcionarios que no quieren que se investiguen negociados de funcionarios anteriores, esto as\u00ed, es una bomba de tiempo y termina mal.<br>No se puede confundir ser moderado con d\u00e9bil, o comienzan a sacudirse y sacarse a funcionarios que est\u00e1n m\u00e1s para la docencia que para el ejercicio de funciones ejecutivas o se los come la oposici\u00f3n que cada d\u00eda se muestra m\u00e1s fuerte.<br><a href=\"https:\/\/www.facebook.com\/hashtag\/gobierno?__eep__=6&amp;source=feed_text&amp;epa=HASHTAG\">#gobierno<\/a> <a href=\"https:\/\/www.facebook.com\/hashtag\/albertofern\u00e1ndez?__eep__=6&amp;source=feed_text&amp;epa=HASHTAG\">#AlbertoFern\u00e1ndez<\/a> <a href=\"https:\/\/www.facebook.com\/hashtag\/cuarentena?__eep__=6&amp;source=feed_text&amp;epa=HASHTAG\">#cuarentena<\/a> <a href=\"https:\/\/www.facebook.com\/hashtag\/corrupci\u00f3n?__eep__=6&amp;source=feed_text&amp;epa=HASHTAG\">#corrupci\u00f3n<\/a> <a href=\"https:\/\/www.facebook.com\/hashtag\/debilidad?__eep__=6&amp;source=feed_text&amp;epa=HASHTAG\">#debilidad<\/a> <a href=\"https:\/\/www.facebook.com\/hashtag\/funcionarios?__eep__=6&amp;source=feed_text&amp;epa=HASHTAG\">#funcionarios<\/a> <a href=\"https:\/\/www.facebook.com\/hashtag\/justicia?__eep__=6&amp;source=feed_text&amp;epa=HASHTAG\">#justicia<\/a> <a href=\"https:\/\/www.facebook.com\/hashtag\/oposici\u00f3n?__eep__=6&amp;source=feed_text&amp;epa=HASHTAG\">#oposici\u00f3n<\/a> <a href=\"https:\/\/www.facebook.com\/hashtag\/marcelohawrylciw?__eep__=6&amp;source=feed_text&amp;epa=HASHTAG\">#MarceloHawrylciw<\/a> <a href=\"https:\/\/www.facebook.com\/hashtag\/avellaneda?__eep__=6&amp;source=feed_text&amp;epa=HASHTAG\">#Avellaneda<\/a> <a href=\"https:\/\/www.facebook.com\/hashtag\/axelkicillof?__eep__=6&amp;source=feed_text&amp;epa=HASHTAG\">#AxelKicillof<\/a> <a href=\"https:\/\/www.facebook.com\/hashtag\/bsas?__eep__=6&amp;source=feed_text&amp;epa=HASHTAG\">#BsAs<\/a><\/p>\n","protected":false},"excerpt":{"rendered":"<p>Un gobierno d\u00e9bil solo puede estar condenado al fracaso, no alcanza con hablar bien y ser profesional, la provincia de Buenos Aires siguen subiendo los contagios y es todo un joda, por Avellaneda hay zonas donde no se puede caminar manteniendo la distancia porque se mezclan las colas de gente esperando, para el cajero, para&hellip;<\/p>\n","protected":false},"author":1,"featured_media":97043,"comment_status":"open","ping_status":"open","sticky":false,"template":"","format":"standard","meta":{"footnotes":""},"categories":[10],"tags":[11223,1451,32669,33274,2450,761,41,810],"class_list":["post-97042","post","type-post","status-publish","format-standard","has-post-thumbnail","hentry","category-editorial","tag-alberto-fernandez","tag-corrupcion","tag-cuarentena","tag-debilidad","tag-diario-el-sindical","tag-gobierno-nacional","tag-justicia","tag-oposicion"],"_links":{"self":[{"href":"https:\/\/www.elsindical.com.ar\/notas\/wp-json\/wp\/v2\/posts\/97042","targetHints":{"allow":["GET"]}}],"collection":[{"href":"https:\/\/www.elsindical.com.ar\/notas\/wp-json\/wp\/v2\/posts"}],"about":[{"href":"https:\/\/www.elsindical.com.ar\/notas\/wp-json\/wp\/v2\/types\/post"}],"author":[{"embeddable":true,"href":"https:\/\/www.elsindical.com.ar\/notas\/wp-json\/wp\/v2\/users\/1"}],"replies":[{"embeddable":true,"href":"https:\/\/www.elsindical.com.ar\/notas\/wp-json\/wp\/v2\/comments?post=97042"}],"version-history":[{"count":1,"href":"https:\/\/www.elsindical.com.ar\/notas\/wp-json\/wp\/v2\/posts\/97042\/revisions"}],"predecessor-version":[{"id":97044,"href":"https:\/\/www.elsindical.com.ar\/notas\/wp-json\/wp\/v2\/posts\/97042\/revisions\/97044"}],"wp:featuredmedia":[{"embeddable":true,"href":"https:\/\/www.elsindical.com.ar\/notas\/wp-json\/wp\/v2\/media\/97043"}],"wp:attachment":[{"href":"https:\/\/www.elsindical.com.ar\/notas\/wp-json\/wp\/v2\/media?parent=97042"}],"wp:term":[{"taxonomy":"category","embeddable":true,"href":"https:\/\/www.elsindical.com.ar\/notas\/wp-json\/wp\/v2\/categories?post=97042"},{"taxonomy":"post_tag","embeddable":true,"href":"https:\/\/www.elsindical.com.ar\/notas\/wp-json\/wp\/v2\/tags?post=97042"}],"curies":[{"name":"wp","href":"https:\/\/api.w.org\/{rel}","templated":true}]}}