{"id":97030,"date":"2020-07-03T00:12:16","date_gmt":"2020-07-03T03:12:16","guid":{"rendered":"http:\/\/www.elsindical.com.ar\/notas\/?p=97030"},"modified":"2020-07-03T00:12:16","modified_gmt":"2020-07-03T03:12:16","slug":"tres-trabajadores-de-la-clinica-privada-san-vicente-tienen-coronavirus","status":"publish","type":"post","link":"https:\/\/www.elsindical.com.ar\/notas\/tres-trabajadores-de-la-clinica-privada-san-vicente-tienen-coronavirus\/","title":{"rendered":"Tres trabajadores de la Cl\u00ednica Privada San Vicente tienen Coronavirus"},"content":{"rendered":"\n<figure class=\"wp-block-image size-large is-resized\"><img loading=\"lazy\" decoding=\"async\" src=\"http:\/\/www.elsindical.com.ar\/notas\/var\/www\/html\/notas\/wp-content\/uploads\/2020\/07\/Cl\u00ednica-San-Vicente.jpg\" alt=\"\" class=\"wp-image-97031\" width=\"587\" height=\"258\" srcset=\"https:\/\/www.elsindical.com.ar\/notas\/var\/www\/html\/notas\/wp-content\/uploads\/2020\/07\/Cl\u00ednica-San-Vicente.jpg 751w, https:\/\/www.elsindical.com.ar\/notas\/var\/www\/html\/notas\/wp-content\/uploads\/2020\/07\/Cl\u00ednica-San-Vicente-300x132.jpg 300w, https:\/\/www.elsindical.com.ar\/notas\/var\/www\/html\/notas\/wp-content\/uploads\/2020\/07\/Cl\u00ednica-San-Vicente-500x220.jpg 500w\" sizes=\"auto, (max-width: 587px) 100vw, 587px\" \/><\/figure>\n\n\n\n<p>As\u00ed lo confirmaron desde la instituci\u00f3n a trav\u00e9s de un comunicado. Adem\u00e1s detallaron que ninguno present\u00f3 s\u00edntomas y que se le hizo el testeo a todo el personal.<\/p>\n\n\n\n<p>La Cl\u00ednica Privada San Vicente confirm\u00f3 que tres de sus empleados est\u00e1n infectados con coronavirus y que por ese motivo se le realiz\u00f3 el hisopado a todo el personal. Adem\u00e1s, est\u00e1n aislados los contactos estrechos de los contagiados.<\/p>\n\n\n\n<p>\u201cNotificamos a pacientes y a la comunidad que tras un trasteo particular, tres empleados completamente asintom\u00e1ticos han dado resultado positivo para el test de Covid-19. Se estableci\u00f3 la cadena de contactos estrechos los trabajadores y se dispuso la cuarentena preventiva de los mismos\u201d, informaron desde el establecimiento a trav\u00e9s de un comunicado firmado por la directora Anabella Salgueiro.<\/p>\n\n\n\n<p>Adem\u00e1s, explicaron que \u201cse hizo un testeo masivo del total del personal a cuenta y orden la cl\u00ednica\u201d y que se dio aviso a las autoridades de acuerdo al protocolo de preparaci\u00f3n para la respuesta de contingencias por esta enfermedad.<\/p>\n\n\n\n<p>\u201cDe manera preventiva, y solo con el af\u00e1n de desinfectar el sector afectado, hasta el d\u00eda 4 de julio, solo se atender\u00e1 por guardia los casos urgentes, suspendiendo las consultas de seguimiento y control de las diferentes especialidades. Estamos a total disposici\u00f3n de las autoridades sanitarias con el fin de retomar el nivel de actividad del sector afectado, una vez cumplidos todos los requisitos de nuestro protocolo para la respuesta ante el Covid-19\u201d, finaliza el comunicado.<\/p>\n\n\n\n<p>Desde el Ministerio de Salud de la Provincia de Buenos Aires notificaron que en el distrito ya son 179 los casos confirmados de coronavirus, de los cuales 74 ya se recuperaron.<\/p>\n\n\n\n<figure class=\"wp-block-image size-large\"><img loading=\"lazy\" decoding=\"async\" width=\"637\" height=\"763\" src=\"http:\/\/www.elsindical.com.ar\/notas\/var\/www\/html\/notas\/wp-content\/uploads\/2020\/07\/Comunicado-Cl\u00ednica-San-Vicente.jpg\" alt=\"\" class=\"wp-image-97032\" srcset=\"https:\/\/www.elsindical.com.ar\/notas\/var\/www\/html\/notas\/wp-content\/uploads\/2020\/07\/Comunicado-Cl\u00ednica-San-Vicente.jpg 637w, https:\/\/www.elsindical.com.ar\/notas\/var\/www\/html\/notas\/wp-content\/uploads\/2020\/07\/Comunicado-Cl\u00ednica-San-Vicente-250x300.jpg 250w\" sizes=\"auto, (max-width: 637px) 100vw, 637px\" \/><\/figure>\n","protected":false},"excerpt":{"rendered":"<p>As\u00ed lo confirmaron desde la instituci\u00f3n a trav\u00e9s de un comunicado. Adem\u00e1s detallaron que ninguno present\u00f3 s\u00edntomas y que se le hizo el testeo a todo el personal. La Cl\u00ednica Privada San Vicente confirm\u00f3 que tres de sus empleados est\u00e1n infectados con coronavirus y que por ese motivo se le realiz\u00f3 el hisopado a todo&hellip;<\/p>\n","protected":false},"author":1,"featured_media":97031,"comment_status":"open","ping_status":"open","sticky":false,"template":"","format":"standard","meta":{"footnotes":""},"categories":[23],"tags":[33273,32346,32627,2450,3736],"class_list":["post-97030","post","type-post","status-publish","format-standard","has-post-thumbnail","hentry","category-salud","tag-clinica-san-vicente","tag-coronavirus","tag-covid-19","tag-diario-el-sindical","tag-san-vicente"],"_links":{"self":[{"href":"https:\/\/www.elsindical.com.ar\/notas\/wp-json\/wp\/v2\/posts\/97030","targetHints":{"allow":["GET"]}}],"collection":[{"href":"https:\/\/www.elsindical.com.ar\/notas\/wp-json\/wp\/v2\/posts"}],"about":[{"href":"https:\/\/www.elsindical.com.ar\/notas\/wp-json\/wp\/v2\/types\/post"}],"author":[{"embeddable":true,"href":"https:\/\/www.elsindical.com.ar\/notas\/wp-json\/wp\/v2\/users\/1"}],"replies":[{"embeddable":true,"href":"https:\/\/www.elsindical.com.ar\/notas\/wp-json\/wp\/v2\/comments?post=97030"}],"version-history":[{"count":1,"href":"https:\/\/www.elsindical.com.ar\/notas\/wp-json\/wp\/v2\/posts\/97030\/revisions"}],"predecessor-version":[{"id":97033,"href":"https:\/\/www.elsindical.com.ar\/notas\/wp-json\/wp\/v2\/posts\/97030\/revisions\/97033"}],"wp:featuredmedia":[{"embeddable":true,"href":"https:\/\/www.elsindical.com.ar\/notas\/wp-json\/wp\/v2\/media\/97031"}],"wp:attachment":[{"href":"https:\/\/www.elsindical.com.ar\/notas\/wp-json\/wp\/v2\/media?parent=97030"}],"wp:term":[{"taxonomy":"category","embeddable":true,"href":"https:\/\/www.elsindical.com.ar\/notas\/wp-json\/wp\/v2\/categories?post=97030"},{"taxonomy":"post_tag","embeddable":true,"href":"https:\/\/www.elsindical.com.ar\/notas\/wp-json\/wp\/v2\/tags?post=97030"}],"curies":[{"name":"wp","href":"https:\/\/api.w.org\/{rel}","templated":true}]}}