{"id":9703,"date":"2010-09-22T13:56:32","date_gmt":"2010-09-22T16:56:32","guid":{"rendered":"http:\/\/www.elsindical.com.ar\/notas\/?p=9703"},"modified":"2010-09-22T13:56:32","modified_gmt":"2010-09-22T16:56:32","slug":"lomas-de-zamoradescontrol-e-inseguridad-en-estacion-de-la-linea-roca","status":"publish","type":"post","link":"https:\/\/www.elsindical.com.ar\/notas\/lomas-de-zamoradescontrol-e-inseguridad-en-estacion-de-la-linea-roca\/","title":{"rendered":"Lomas de Zamora:Descontrol e inseguridad en estaci\u00f3n de la l\u00ednea Roca"},"content":{"rendered":"<p style=\"text-align: justify;\">\u00a0 <a href=\"http:\/\/www.elsindical.com.ar\/notas\/var\/www\/html\/notas\/wp-content\/uploads\/2010\/09\/estaci\u00f3n-Lomas-de-Zamora.jpg\"><img loading=\"lazy\" decoding=\"async\" class=\"alignleft size-medium wp-image-9704\" title=\"estaci\u00f3n-Lomas-de-Zamora\" src=\"http:\/\/www.elsindical.com.ar\/notas\/var\/www\/html\/notas\/wp-content\/uploads\/2010\/09\/estaci\u00f3n-Lomas-de-Zamora-300x225.jpg\" alt=\"\" width=\"300\" height=\"225\" srcset=\"https:\/\/www.elsindical.com.ar\/notas\/var\/www\/html\/notas\/wp-content\/uploads\/2010\/09\/estaci\u00f3n-Lomas-de-Zamora-300x225.jpg 300w, https:\/\/www.elsindical.com.ar\/notas\/var\/www\/html\/notas\/wp-content\/uploads\/2010\/09\/estaci\u00f3n-Lomas-de-Zamora.jpg 413w\" sizes=\"auto, (max-width: 300px) 100vw, 300px\" \/><\/a><em>El martes 21 de septiembre del 2010, d\u00eda de la primavera que tuvo un saldo desfavorable en los festejos por incidentes con heridos\u00a0y robos, tuvo su representaci\u00f3n negativa en Lomas de Zamora.<\/em><\/p>\n<p style=\"text-align: justify;\">En la noche del d\u00eda 21, alrededor de las 20:30 hs., los accesos a los andenes del ferrocarril de la l\u00ednea Gral. Roca administrada por UGOFE S.A, se encontraban libres, es decir, sin personal de control de acceso a los trenes con los correspondientes boletos, por ende, cualquiera pod\u00eda acceder a viajar sin abonar boleto y tambi\u00e9n que personas alcoholizadas pudieran molestar a los pasajeros que s\u00ed abonaron su pasaje.<\/p>\n<p style=\"text-align: justify;\">Durante m\u00e1s de una hora que permanecimos en el lugar a la espera de ver aparecer a alguien de seguridad privada de la empresa o alg\u00fan miembro de las fuerzas de seguridad que suelen hacer adicional en las estaciones, no pudimos ver a nadie que garantizara la seguridad de los pasajeros que a su vez, son clientes de la empresa, y como tal, merecen tener un espacio y un viaje seguro.<\/p>\n<p style=\"text-align: justify;\">Peleas, insultos, gritos, v\u00f3mitos y escupidas, eran un panorama com\u00fan en la estaci\u00f3n, y seguramente los encargados de brindar seguridad, estaban c\u00f3modos dentro de alguna oficina esperando a que algo realmente grave los haga salir y mostrar su presencia.<\/p>\n<p style=\"text-align: justify;\">Lo ir\u00f3nico de esto, es que ls empresas tienen subsidios del Estado, con lo cual, no se encuentra una justificaci\u00f3n para no invertir en seguridad, ya que en comodidad o confort jam\u00e1s lo han hecho, es de esperar que no dejen de cuidar a los pasajeros.<\/p>\n<p><object classid=\"clsid:d27cdb6e-ae6d-11cf-96b8-444553540000\" width=\"480\" height=\"385\" codebase=\"http:\/\/download.macromedia.com\/pub\/shockwave\/cabs\/flash\/swflash.cab#version=6,0,40,0\"><param name=\"allowFullScreen\" value=\"true\" \/><param name=\"allowscriptaccess\" value=\"always\" \/><param name=\"src\" value=\"http:\/\/www.youtube.com\/v\/VtuoAnLab3s?fs=1&amp;hl=en_US\" \/><param name=\"allowfullscreen\" value=\"true\" \/><embed type=\"application\/x-shockwave-flash\" width=\"480\" height=\"385\" src=\"http:\/\/www.youtube.com\/v\/VtuoAnLab3s?fs=1&amp;hl=en_US\" allowfullscreen=\"true\" allowscriptaccess=\"always\"><\/embed><\/object><\/p>\n","protected":false},"excerpt":{"rendered":"<p>\u00a0 El martes 21 de septiembre del 2010, d\u00eda de la primavera que tuvo un saldo desfavorable en los festejos por incidentes con heridos\u00a0y robos, tuvo su representaci\u00f3n negativa en Lomas de Zamora. En la noche del d\u00eda 21, alrededor de las 20:30 hs., los accesos a los andenes del ferrocarril de la l\u00ednea Gral.&hellip;<\/p>\n","protected":false},"author":1,"featured_media":0,"comment_status":"open","ping_status":"open","sticky":false,"template":"","format":"standard","meta":{"footnotes":""},"categories":[6],"tags":[108,1630,744,252,402,613],"class_list":["post-9703","post","type-post","status-publish","format-standard","hentry","category-denuncias","tag-alcohol","tag-estacion","tag-lomas-de-zamora","tag-menores","tag-pasajeros","tag-seguridad"],"_links":{"self":[{"href":"https:\/\/www.elsindical.com.ar\/notas\/wp-json\/wp\/v2\/posts\/9703","targetHints":{"allow":["GET"]}}],"collection":[{"href":"https:\/\/www.elsindical.com.ar\/notas\/wp-json\/wp\/v2\/posts"}],"about":[{"href":"https:\/\/www.elsindical.com.ar\/notas\/wp-json\/wp\/v2\/types\/post"}],"author":[{"embeddable":true,"href":"https:\/\/www.elsindical.com.ar\/notas\/wp-json\/wp\/v2\/users\/1"}],"replies":[{"embeddable":true,"href":"https:\/\/www.elsindical.com.ar\/notas\/wp-json\/wp\/v2\/comments?post=9703"}],"version-history":[{"count":1,"href":"https:\/\/www.elsindical.com.ar\/notas\/wp-json\/wp\/v2\/posts\/9703\/revisions"}],"predecessor-version":[{"id":9705,"href":"https:\/\/www.elsindical.com.ar\/notas\/wp-json\/wp\/v2\/posts\/9703\/revisions\/9705"}],"wp:attachment":[{"href":"https:\/\/www.elsindical.com.ar\/notas\/wp-json\/wp\/v2\/media?parent=9703"}],"wp:term":[{"taxonomy":"category","embeddable":true,"href":"https:\/\/www.elsindical.com.ar\/notas\/wp-json\/wp\/v2\/categories?post=9703"},{"taxonomy":"post_tag","embeddable":true,"href":"https:\/\/www.elsindical.com.ar\/notas\/wp-json\/wp\/v2\/tags?post=9703"}],"curies":[{"name":"wp","href":"https:\/\/api.w.org\/{rel}","templated":true}]}}