{"id":97027,"date":"2020-07-03T00:04:38","date_gmt":"2020-07-03T03:04:38","guid":{"rendered":"http:\/\/www.elsindical.com.ar\/notas\/?p=97027"},"modified":"2020-07-03T00:04:38","modified_gmt":"2020-07-03T03:04:38","slug":"claypole-vecinos-denuncian-los-cortes-de-luz-y-piden-que-edesur-se-haga-responsable","status":"publish","type":"post","link":"https:\/\/www.elsindical.com.ar\/notas\/claypole-vecinos-denuncian-los-cortes-de-luz-y-piden-que-edesur-se-haga-responsable\/","title":{"rendered":"Claypole: Vecinos denuncian los cortes de luz y piden que Edesur se haga responsable"},"content":{"rendered":"\n<figure class=\"wp-block-image size-large is-resized\"><img loading=\"lazy\" decoding=\"async\" src=\"http:\/\/www.elsindical.com.ar\/notas\/var\/www\/html\/notas\/wp-content\/uploads\/2020\/07\/protestas-en-Claypole-contra-EDESUR.jpg\" alt=\"\" class=\"wp-image-97028\" width=\"588\" height=\"275\" srcset=\"https:\/\/www.elsindical.com.ar\/notas\/var\/www\/html\/notas\/wp-content\/uploads\/2020\/07\/protestas-en-Claypole-contra-EDESUR.jpg 640w, https:\/\/www.elsindical.com.ar\/notas\/var\/www\/html\/notas\/wp-content\/uploads\/2020\/07\/protestas-en-Claypole-contra-EDESUR-300x141.jpg 300w, https:\/\/www.elsindical.com.ar\/notas\/var\/www\/html\/notas\/wp-content\/uploads\/2020\/07\/protestas-en-Claypole-contra-EDESUR-500x234.jpg 500w\" sizes=\"auto, (max-width: 588px) 100vw, 588px\" \/><\/figure>\n\n\n\n<p>Vecinos del barrio Santa Clara, ubicado de Claypole, exigen que Edesur mejore el servicio en la zona debido a que desde 2014 tienen problemas de baja tensi\u00f3n y cortes programados por fases. En un contexto complejo atravesado por la pandemia, muchos llevan d\u00edas sin luz, no pueden trabajar desde sus casas y se ven obligados a salir a buscar alimentos todos los d\u00edas ya que no pueden mantenerlos en la heladera.<\/p>\n\n\n\n<p>Claudia Goit\u00eda, una vecina afectada, denunci\u00f3: <strong>\u201cEsta empresa nos tiene de rehenes. Tenemos cortes de luz desde siempre y nadie se hace cargo para solucionar lo que sea que no funciona\u201d<\/strong>. El barrio acarrea este problema desde hace tiempo y a pesar de que el Ente Nacional Regulador de la Electricidad (ENRE) sancion\u00f3 a Edesur por la falta de respuesta a los usuarios, no garantizan la calidad del servicio, el cual es esencial.\u00a0<\/p>\n\n\n\n<p>En este contexto, los vecinos no pueden desempe\u00f1ar su trabajo con normalidad, hay estudiantes que ven interrumpidas sus clases, personas mayores que no tienen agua por falta de luz e insulinos dependientes que no pueden mantener prendida la heladera. En este sentido, Goit\u00eda asegur\u00f3: <strong>\u201cEdesur nos tiene que dar la energ\u00eda como corresponde porque estamos pagando para que funcione pero tienen mucha impunidad por ser la \u00fanica empresa de luz y nadie les pone un freno\u201d.<\/strong><\/p>\n\n\n\n<p>Seg\u00fan lo relatado, los vecinos de las manzanas afectadas juntaron firmas para presentar al ENRE, a la empresa, a defensa del consumidor y a la Municipalidad de Almirante Brown. Sin embargo, el problema persiste. La vecina cont\u00f3 que por m\u00e1s que intentan comunicarse con Edesur, \u201cno atienden nunca y pusieron una m\u00e1quina\u201d, para continuar el proceso con un n\u00famero de reclamo que \u201cno sirve para una soluci\u00f3n\u201d.&nbsp;<\/p>\n\n\n\n<p><strong>\u201cDurante todo el a\u00f1o, sea invierno o verano, tenemos baja tensi\u00f3n as\u00ed que para tener prendido algo tenes que desenchufar todo pero ahora es insostenible porque se complic\u00f3 m\u00e1s la situaci\u00f3n\u201d<\/strong>, asever\u00f3 Goit\u00eda.&nbsp;<\/p>\n\n\n\n<p>Las calles m\u00e1s afectadas del barrio Santa Clara son \u00c1ngel Hubac, Espa\u00f1a, Chubut, Humberto Primo, R\u00edo Negro, Falucho y Santa Cruz. Luego de a\u00f1os de fallas en el servicio, todav\u00eda desconocen el motivo de los cortes ya que la empresa nunca realiz\u00f3 un seguimiento para detectarlo y hay vecinos que comenzaron a cambiarse de fase sin asistencia.&nbsp;<\/p>\n\n\n\n<p><strong>\u201cNecesito que resuelvan lo que sea que ocurre o que licite la empresa y venga otra. No puede ser que sea Edesur o Edesur porque no nos dan soluci\u00f3n y yo pago casi 4000 pesos por algo que no uso. Es una estafa\u201d, arremeti\u00f3 la vecina.<\/strong><\/p>\n","protected":false},"excerpt":{"rendered":"<p>Vecinos del barrio Santa Clara, ubicado de Claypole, exigen que Edesur mejore el servicio en la zona debido a que desde 2014 tienen problemas de baja tensi\u00f3n y cortes programados por fases. En un contexto complejo atravesado por la pandemia, muchos llevan d\u00edas sin luz, no pueden trabajar desde sus casas y se ven obligados&hellip;<\/p>\n","protected":false},"author":1,"featured_media":97028,"comment_status":"open","ping_status":"open","sticky":false,"template":"","format":"standard","meta":{"footnotes":""},"categories":[6],"tags":[18888,2450,374,3764,33272],"class_list":["post-97027","post","type-post","status-publish","format-standard","has-post-thumbnail","hentry","category-denuncias","tag-claypole","tag-diario-el-sindical","tag-edesur","tag-enre","tag-santa-clara"],"_links":{"self":[{"href":"https:\/\/www.elsindical.com.ar\/notas\/wp-json\/wp\/v2\/posts\/97027","targetHints":{"allow":["GET"]}}],"collection":[{"href":"https:\/\/www.elsindical.com.ar\/notas\/wp-json\/wp\/v2\/posts"}],"about":[{"href":"https:\/\/www.elsindical.com.ar\/notas\/wp-json\/wp\/v2\/types\/post"}],"author":[{"embeddable":true,"href":"https:\/\/www.elsindical.com.ar\/notas\/wp-json\/wp\/v2\/users\/1"}],"replies":[{"embeddable":true,"href":"https:\/\/www.elsindical.com.ar\/notas\/wp-json\/wp\/v2\/comments?post=97027"}],"version-history":[{"count":1,"href":"https:\/\/www.elsindical.com.ar\/notas\/wp-json\/wp\/v2\/posts\/97027\/revisions"}],"predecessor-version":[{"id":97029,"href":"https:\/\/www.elsindical.com.ar\/notas\/wp-json\/wp\/v2\/posts\/97027\/revisions\/97029"}],"wp:featuredmedia":[{"embeddable":true,"href":"https:\/\/www.elsindical.com.ar\/notas\/wp-json\/wp\/v2\/media\/97028"}],"wp:attachment":[{"href":"https:\/\/www.elsindical.com.ar\/notas\/wp-json\/wp\/v2\/media?parent=97027"}],"wp:term":[{"taxonomy":"category","embeddable":true,"href":"https:\/\/www.elsindical.com.ar\/notas\/wp-json\/wp\/v2\/categories?post=97027"},{"taxonomy":"post_tag","embeddable":true,"href":"https:\/\/www.elsindical.com.ar\/notas\/wp-json\/wp\/v2\/tags?post=97027"}],"curies":[{"name":"wp","href":"https:\/\/api.w.org\/{rel}","templated":true}]}}