{"id":96982,"date":"2020-06-30T13:57:21","date_gmt":"2020-06-30T16:57:21","guid":{"rendered":"http:\/\/www.elsindical.com.ar\/notas\/?p=96982"},"modified":"2020-06-30T13:57:21","modified_gmt":"2020-06-30T16:57:21","slug":"lanus-grave-denuncia-de-trabajadores-al-municipio-por-contagios-de-covid-19","status":"publish","type":"post","link":"https:\/\/www.elsindical.com.ar\/notas\/lanus-grave-denuncia-de-trabajadores-al-municipio-por-contagios-de-covid-19\/","title":{"rendered":"Lan\u00fas: Grave denuncia de trabajadores al municipio por contagios de COVID-19"},"content":{"rendered":"\n<figure class=\"wp-block-image size-large is-resized\"><img loading=\"lazy\" decoding=\"async\" src=\"http:\/\/www.elsindical.com.ar\/notas\/var\/www\/html\/notas\/wp-content\/uploads\/2020\/06\/seguridad-ciudadana-Lan\u00fas-1024x683.jpg\" alt=\"\" class=\"wp-image-96983\" width=\"590\" height=\"393\" srcset=\"https:\/\/www.elsindical.com.ar\/notas\/var\/www\/html\/notas\/wp-content\/uploads\/2020\/06\/seguridad-ciudadana-Lan\u00fas-1024x683.jpg 1024w, https:\/\/www.elsindical.com.ar\/notas\/var\/www\/html\/notas\/wp-content\/uploads\/2020\/06\/seguridad-ciudadana-Lan\u00fas-300x200.jpg 300w, https:\/\/www.elsindical.com.ar\/notas\/var\/www\/html\/notas\/wp-content\/uploads\/2020\/06\/seguridad-ciudadana-Lan\u00fas-768x512.jpg 768w, https:\/\/www.elsindical.com.ar\/notas\/var\/www\/html\/notas\/wp-content\/uploads\/2020\/06\/seguridad-ciudadana-Lan\u00fas-450x300.jpg 450w, https:\/\/www.elsindical.com.ar\/notas\/var\/www\/html\/notas\/wp-content\/uploads\/2020\/06\/seguridad-ciudadana-Lan\u00fas.jpg 1200w\" sizes=\"auto, (max-width: 590px) 100vw, 590px\" \/><\/figure>\n\n\n\n<p>Luego de la confirmaci\u00f3n del primer caso positivo de coronavirus en el \u00e1rea de Seguridad Ciudadana (dependiente de la Secretar\u00eda de Seguridad, a cargo de Diego Kravetz), los trabajadores denunciaron una serie de irregularidades del Municipio de Lan\u00fas a la hora de cumplir el protocolo sanitario impulsado por el gobierno nacional.<\/p>\n\n\n\n<p>De acuerdo a lo expresado en el comunicado de la Asociaci\u00f3n de Trabajadores del Estado (ATE), \u201clos trabajadores reclaman medidas de protecci\u00f3n ante la pandemia, tales como la desinfecci\u00f3n de los m\u00f3viles en cada cambio de guardia y el aislamiento y seguimiento de los contactos estrechos, ante el negligente proceder del Municipio, que no resguarda la salud de sus trabajadores\u201d.<\/p>\n\n\n\n<p>El escrito, adem\u00e1s, agrega que \u201cde la misma manera se expone la precarizaci\u00f3n laboral y la falta de elementos de seguridad personal, teniendo en cuenta que los trabajadores arriesgan su vida para brindar seguridad a los vecinos del distrito\u201d.<\/p>\n\n\n\n<p>En di\u00e1logo con La Uni\u00f3n de Lan\u00fas, uno de los trabajadores, que prefiri\u00f3 preservar su identidad, denunci\u00f3: \u201cEl Municipio hace todo al rev\u00e9s y los trabajadores de Seguridad Ciudadana somos los menos cuidados. Desde que arranc\u00f3 junio, estamos trabajando todos los d\u00edas con un solo franco a la semana, muy expuestos en la calle. Todos los que estuvimos en contacto directo con el caso positivo fue porque tocamos las mismas llaves, compartimos lapiceras, tel\u00e9fonos y los chalecos antibalas, al igual que los m\u00f3viles, que no se sanitarizan entre guardia y guardia\u201d.<\/p>\n\n\n\n<p>\u201cEstamos todos los d\u00edas juntos, somos 50 personas en una guardia que nos encontramos con los otros 50 al cambiar de guardia. Cuando hacen una reuni\u00f3n nos amontonan a todos\u201d, agreg\u00f3.<\/p>\n\n\n\n<p>\u201cEl lunes tuvimos una reuni\u00f3n con las autoridades, en la que nos obligaron a salir a trabajar. La mayor\u00eda de los trabajadores decidi\u00f3 salir por miedo a perder el trabajo, mientras que cinco de nosotros decidimos aislarnos de forma preventiva como lo dicta la ley nacional y el protocolo de personas que estuvieron en contacto directo con un caso positivo de Coronavirus. Esperamos no sufrir represalias y no tener problemas con nuestro trabajo\u201d, concluy\u00f3.<\/p>\n","protected":false},"excerpt":{"rendered":"<p>Luego de la confirmaci\u00f3n del primer caso positivo de coronavirus en el \u00e1rea de Seguridad Ciudadana (dependiente de la Secretar\u00eda de Seguridad, a cargo de Diego Kravetz), los trabajadores denunciaron una serie de irregularidades del Municipio de Lan\u00fas a la hora de cumplir el protocolo sanitario impulsado por el gobierno nacional. De acuerdo a lo&hellip;<\/p>\n","protected":false},"author":1,"featured_media":96983,"comment_status":"open","ping_status":"open","sticky":false,"template":"","format":"standard","meta":{"footnotes":""},"categories":[6],"tags":[290,32627,23470,209],"class_list":["post-96982","post","type-post","status-publish","format-standard","has-post-thumbnail","hentry","category-denuncias","tag-ate","tag-covid-19","tag-diego-kravetz","tag-lanus"],"_links":{"self":[{"href":"https:\/\/www.elsindical.com.ar\/notas\/wp-json\/wp\/v2\/posts\/96982","targetHints":{"allow":["GET"]}}],"collection":[{"href":"https:\/\/www.elsindical.com.ar\/notas\/wp-json\/wp\/v2\/posts"}],"about":[{"href":"https:\/\/www.elsindical.com.ar\/notas\/wp-json\/wp\/v2\/types\/post"}],"author":[{"embeddable":true,"href":"https:\/\/www.elsindical.com.ar\/notas\/wp-json\/wp\/v2\/users\/1"}],"replies":[{"embeddable":true,"href":"https:\/\/www.elsindical.com.ar\/notas\/wp-json\/wp\/v2\/comments?post=96982"}],"version-history":[{"count":1,"href":"https:\/\/www.elsindical.com.ar\/notas\/wp-json\/wp\/v2\/posts\/96982\/revisions"}],"predecessor-version":[{"id":96984,"href":"https:\/\/www.elsindical.com.ar\/notas\/wp-json\/wp\/v2\/posts\/96982\/revisions\/96984"}],"wp:featuredmedia":[{"embeddable":true,"href":"https:\/\/www.elsindical.com.ar\/notas\/wp-json\/wp\/v2\/media\/96983"}],"wp:attachment":[{"href":"https:\/\/www.elsindical.com.ar\/notas\/wp-json\/wp\/v2\/media?parent=96982"}],"wp:term":[{"taxonomy":"category","embeddable":true,"href":"https:\/\/www.elsindical.com.ar\/notas\/wp-json\/wp\/v2\/categories?post=96982"},{"taxonomy":"post_tag","embeddable":true,"href":"https:\/\/www.elsindical.com.ar\/notas\/wp-json\/wp\/v2\/tags?post=96982"}],"curies":[{"name":"wp","href":"https:\/\/api.w.org\/{rel}","templated":true}]}}