{"id":96976,"date":"2020-06-30T00:14:11","date_gmt":"2020-06-30T03:14:11","guid":{"rendered":"http:\/\/www.elsindical.com.ar\/notas\/?p=96976"},"modified":"2020-06-30T00:14:11","modified_gmt":"2020-06-30T03:14:11","slug":"avellaneda-confirmo-dos-nuevas-muertes-y-ya-son-mas-de-1-900-los-contagiados","status":"publish","type":"post","link":"https:\/\/www.elsindical.com.ar\/notas\/avellaneda-confirmo-dos-nuevas-muertes-y-ya-son-mas-de-1-900-los-contagiados\/","title":{"rendered":"Avellaneda confirm\u00f3 dos nuevas muertes y ya son m\u00e1s de 1.900 los contagiados"},"content":{"rendered":"\n<figure class=\"wp-block-image size-large\"><img loading=\"lazy\" decoding=\"async\" width=\"960\" height=\"960\" src=\"http:\/\/www.elsindical.com.ar\/notas\/var\/www\/html\/notas\/wp-content\/uploads\/2020\/06\/contagios-29-de-junio.jpg\" alt=\"\" class=\"wp-image-96977\" srcset=\"https:\/\/www.elsindical.com.ar\/notas\/var\/www\/html\/notas\/wp-content\/uploads\/2020\/06\/contagios-29-de-junio.jpg 960w, https:\/\/www.elsindical.com.ar\/notas\/var\/www\/html\/notas\/wp-content\/uploads\/2020\/06\/contagios-29-de-junio-300x300.jpg 300w, https:\/\/www.elsindical.com.ar\/notas\/var\/www\/html\/notas\/wp-content\/uploads\/2020\/06\/contagios-29-de-junio-150x150.jpg 150w, https:\/\/www.elsindical.com.ar\/notas\/var\/www\/html\/notas\/wp-content\/uploads\/2020\/06\/contagios-29-de-junio-768x768.jpg 768w, https:\/\/www.elsindical.com.ar\/notas\/var\/www\/html\/notas\/wp-content\/uploads\/2020\/06\/contagios-29-de-junio-50x50.jpg 50w\" sizes=\"auto, (max-width: 960px) 100vw, 960px\" \/><\/figure>\n\n\n\n<p>El Municipio contabiliza 26 v\u00edctimas fatales y 1.917 casos confirmados.<\/p>\n\n\n\n<p>El Municipio de Avellaneda confirm\u00f3 dos nuevas muertes en la comuna, por lo que ya son 26 las v\u00edctimas fatales de coronavirus. En tanto, se registraron 66 nuevos casos confirmados, por lo que asciende a 1.917 el n\u00famero de infectados, en sinton\u00eda con los datos que brinda el Ministerio de Salud bonaerense.<\/p>\n\n\n\n<p>En ese sentido, en el informe epidemiol\u00f3gico brindado por la comuna se precisa que del total de contagiados, 521 lograron recuperarse, 1370 son pacientes activos y 26 son los vecinos que fallecieron. En tanto, otros 793 se encuentran bajo an\u00e1lisis y ya se testearon a 5.768 personas.<\/p>\n\n\n\n<p>La cartera sanitaria, adem\u00e1s, confirma que el 62,6 por ciento de los infectados se contagi\u00f3 de manera comunitaria, el 11,7 por ciento por contacto estrecho, el 6,3 por ciento por ser trabajadores de la salud, y el 20,2 por ciento se encuentra bajo investigaci\u00f3n.<\/p>\n\n\n\n<p><\/p>\n","protected":false},"excerpt":{"rendered":"<p>El Municipio contabiliza 26 v\u00edctimas fatales y 1.917 casos confirmados. El Municipio de Avellaneda confirm\u00f3 dos nuevas muertes en la comuna, por lo que ya son 26 las v\u00edctimas fatales de coronavirus. En tanto, se registraron 66 nuevos casos confirmados, por lo que asciende a 1.917 el n\u00famero de infectados, en sinton\u00eda con los datos&hellip;<\/p>\n","protected":false},"author":1,"featured_media":96977,"comment_status":"open","ping_status":"open","sticky":false,"template":"","format":"standard","meta":{"footnotes":""},"categories":[23],"tags":[461,19938,32346,32627,2450,1062,649,22031],"class_list":["post-96976","post","type-post","status-publish","format-standard","has-post-thumbnail","hentry","category-salud","tag-avellaneda","tag-contagios","tag-coronavirus","tag-covid-19","tag-diario-el-sindical","tag-jorge-ferraresi","tag-muertos","tag-salud"],"_links":{"self":[{"href":"https:\/\/www.elsindical.com.ar\/notas\/wp-json\/wp\/v2\/posts\/96976","targetHints":{"allow":["GET"]}}],"collection":[{"href":"https:\/\/www.elsindical.com.ar\/notas\/wp-json\/wp\/v2\/posts"}],"about":[{"href":"https:\/\/www.elsindical.com.ar\/notas\/wp-json\/wp\/v2\/types\/post"}],"author":[{"embeddable":true,"href":"https:\/\/www.elsindical.com.ar\/notas\/wp-json\/wp\/v2\/users\/1"}],"replies":[{"embeddable":true,"href":"https:\/\/www.elsindical.com.ar\/notas\/wp-json\/wp\/v2\/comments?post=96976"}],"version-history":[{"count":1,"href":"https:\/\/www.elsindical.com.ar\/notas\/wp-json\/wp\/v2\/posts\/96976\/revisions"}],"predecessor-version":[{"id":96978,"href":"https:\/\/www.elsindical.com.ar\/notas\/wp-json\/wp\/v2\/posts\/96976\/revisions\/96978"}],"wp:featuredmedia":[{"embeddable":true,"href":"https:\/\/www.elsindical.com.ar\/notas\/wp-json\/wp\/v2\/media\/96977"}],"wp:attachment":[{"href":"https:\/\/www.elsindical.com.ar\/notas\/wp-json\/wp\/v2\/media?parent=96976"}],"wp:term":[{"taxonomy":"category","embeddable":true,"href":"https:\/\/www.elsindical.com.ar\/notas\/wp-json\/wp\/v2\/categories?post=96976"},{"taxonomy":"post_tag","embeddable":true,"href":"https:\/\/www.elsindical.com.ar\/notas\/wp-json\/wp\/v2\/tags?post=96976"}],"curies":[{"name":"wp","href":"https:\/\/api.w.org\/{rel}","templated":true}]}}