{"id":96931,"date":"2020-06-28T17:01:05","date_gmt":"2020-06-28T20:01:05","guid":{"rendered":"http:\/\/www.elsindical.com.ar\/notas\/?p=96931"},"modified":"2020-06-28T22:52:04","modified_gmt":"2020-06-29T01:52:04","slug":"avellaneda-comercios-siguen-violando-la-cuarentena-y-el-distanciamiento-social","status":"publish","type":"post","link":"https:\/\/www.elsindical.com.ar\/notas\/avellaneda-comercios-siguen-violando-la-cuarentena-y-el-distanciamiento-social\/","title":{"rendered":"Avellaneda: Comercios siguen violando la cuarentena y el distanciamiento social"},"content":{"rendered":"\n<figure class=\"wp-block-image size-large\"><img loading=\"lazy\" decoding=\"async\" width=\"1024\" height=\"732\" src=\"http:\/\/www.elsindical.com.ar\/notas\/var\/www\/html\/notas\/wp-content\/uploads\/2020\/06\/quedate-en-casa-1024x732.jpg\" alt=\"\" class=\"wp-image-96937\" srcset=\"https:\/\/www.elsindical.com.ar\/notas\/var\/www\/html\/notas\/wp-content\/uploads\/2020\/06\/quedate-en-casa-1024x732.jpg 1024w, https:\/\/www.elsindical.com.ar\/notas\/var\/www\/html\/notas\/wp-content\/uploads\/2020\/06\/quedate-en-casa-300x214.jpg 300w, https:\/\/www.elsindical.com.ar\/notas\/var\/www\/html\/notas\/wp-content\/uploads\/2020\/06\/quedate-en-casa-768x549.jpg 768w, https:\/\/www.elsindical.com.ar\/notas\/var\/www\/html\/notas\/wp-content\/uploads\/2020\/06\/quedate-en-casa-420x300.jpg 420w, https:\/\/www.elsindical.com.ar\/notas\/var\/www\/html\/notas\/wp-content\/uploads\/2020\/06\/quedate-en-casa.jpg 1170w\" sizes=\"auto, (max-width: 1024px) 100vw, 1024px\" \/><\/figure>\n\n\n\n<p>   Cuando se ha decretado una nueva extensi\u00f3n de la cuarentena por el aumento de contagios, que no solo tiene un riesgo por el COVID-19, sino que la irresponsabilidad de algunos perjudica el sistema de salud.<\/p>\n\n\n\n<p>Antes de seguir con la nota le recomiendo a los lectores que hagan el esfuerzo de ser objetivos, porque si hay algo que ha hecho la cuarentena es marcar a\u00fan m\u00e1s la grieta pol\u00edtica sino las opiniones subjetivas, mientras que algunos critican a los peluqueros que abrieron a pesar de no estar habilitados, no les pareci\u00f3 mal que lo hayan hecho los gimnasios y menos si son clientes del lugar, hay que entender de una buena vez que no se trata de unos s\u00ed y otros no, sino de cumplir lo que se ordena, as\u00ed funcionan los pa\u00edses desarrollados que tanto admiran algunos.<\/p>\n\n\n\n<p>La falta de compromiso pol\u00edtico, donde sabiendo que el argentino cuestiona todo y que no iban a alcanzar los fiscales y jueces para sancionar los incumplimientos al Decreto 297\/20, se dej\u00f3 al libre albedr\u00edo el cumplimiento de la cuarentena y as\u00ed nos fue.<\/p>\n\n\n\n<p>Es rid\u00edculo los argumentos de que los peluqueros abrieron o atendieron en una especie de clandestinidad por hambre, porque es una de la profesiones m\u00e1s redituables, quien diga lo contrario es un ignorante y vago porque con solo sacar unas simples cuentas del precio del corte, de los costos del color y vas sumando lavado y tratamientos te das cuenta que ninguno es pobre, salvo tenga alg\u00fan vicio.<\/p>\n\n\n\n<p>Si es por justificar, tal vez el tema de los gimnasios es m\u00e1s complicado, pero est\u00e1n dentro de los rubros con menos inversi\u00f3n y r\u00e1pida recuperaci\u00f3n de la inversi\u00f3n inicial, aunque es cierto que la crisis los afecto a\u00fan antes de la cuarentena, a\u00fan as\u00ed, nada justifica que si est\u00e1s en falta de burles de los vecinos.<\/p>\n\n\n\n<figure class=\"wp-block-image size-large\"><img loading=\"lazy\" decoding=\"async\" width=\"1024\" height=\"863\" src=\"http:\/\/www.elsindical.com.ar\/notas\/var\/www\/html\/notas\/wp-content\/uploads\/2020\/06\/barber\u00eda-De-La-Serna-1024x863.jpg\" alt=\"\" class=\"wp-image-96932\" srcset=\"https:\/\/www.elsindical.com.ar\/notas\/var\/www\/html\/notas\/wp-content\/uploads\/2020\/06\/barber\u00eda-De-La-Serna-1024x863.jpg 1024w, https:\/\/www.elsindical.com.ar\/notas\/var\/www\/html\/notas\/wp-content\/uploads\/2020\/06\/barber\u00eda-De-La-Serna-300x253.jpg 300w, https:\/\/www.elsindical.com.ar\/notas\/var\/www\/html\/notas\/wp-content\/uploads\/2020\/06\/barber\u00eda-De-La-Serna-768x647.jpg 768w, https:\/\/www.elsindical.com.ar\/notas\/var\/www\/html\/notas\/wp-content\/uploads\/2020\/06\/barber\u00eda-De-La-Serna-356x300.jpg 356w, https:\/\/www.elsindical.com.ar\/notas\/var\/www\/html\/notas\/wp-content\/uploads\/2020\/06\/barber\u00eda-De-La-Serna-1536x1294.jpg 1536w, https:\/\/www.elsindical.com.ar\/notas\/var\/www\/html\/notas\/wp-content\/uploads\/2020\/06\/barber\u00eda-De-La-Serna.jpg 1908w\" sizes=\"auto, (max-width: 1024px) 100vw, 1024px\" \/><\/figure>\n\n\n\n<p>Barber\u00eda Los Cl\u00e1sicos de Gerli<\/p>\n\n\n\n<p>El local de la barber\u00eda Los Cl\u00e1sicos se encuentra sobre la calle De La Serna al 1153, si bien en un principio hab\u00edan pegado en la persiana un cartel con un n\u00famero de WhatsApp para turnos, luego fueron varias las veces que los vecinos vieron la puerta de la persiana abierta y el ingreso de gente. Este tipo de actividades a la fecha no se encuentran habilitadas por el Municipio de Avellaneda, en el \u00e1mbito del AMBA, ni en CABA.<\/p>\n\n\n\n<figure class=\"wp-block-image size-large\"><img loading=\"lazy\" decoding=\"async\" width=\"1024\" height=\"715\" src=\"http:\/\/www.elsindical.com.ar\/notas\/var\/www\/html\/notas\/wp-content\/uploads\/2020\/06\/barber\u00eda-Sarand\u00ed-1024x715.jpg\" alt=\"\" class=\"wp-image-96933\" srcset=\"https:\/\/www.elsindical.com.ar\/notas\/var\/www\/html\/notas\/wp-content\/uploads\/2020\/06\/barber\u00eda-Sarand\u00ed-1024x715.jpg 1024w, https:\/\/www.elsindical.com.ar\/notas\/var\/www\/html\/notas\/wp-content\/uploads\/2020\/06\/barber\u00eda-Sarand\u00ed-300x209.jpg 300w, https:\/\/www.elsindical.com.ar\/notas\/var\/www\/html\/notas\/wp-content\/uploads\/2020\/06\/barber\u00eda-Sarand\u00ed-768x536.jpg 768w, https:\/\/www.elsindical.com.ar\/notas\/var\/www\/html\/notas\/wp-content\/uploads\/2020\/06\/barber\u00eda-Sarand\u00ed-430x300.jpg 430w, https:\/\/www.elsindical.com.ar\/notas\/var\/www\/html\/notas\/wp-content\/uploads\/2020\/06\/barber\u00eda-Sarand\u00ed-1536x1072.jpg 1536w, https:\/\/www.elsindical.com.ar\/notas\/var\/www\/html\/notas\/wp-content\/uploads\/2020\/06\/barber\u00eda-Sarand\u00ed.jpg 1908w\" sizes=\"auto, (max-width: 1024px) 100vw, 1024px\" \/><\/figure>\n\n\n\n<p>Barber\u00eda Las Caribe\u00f1a<\/p>\n\n\n\n<p>Es un local que se construy\u00f3 curiosamente durante la cuarentena, a pesar de que es una calle transitada por donde pasa incluso el colectivo de la l\u00ednea 10, el local de la calle Estanislao del Campo y Antafogasta, no solo incumple la cuarentena al abrir sus puertas, lo hace sin esconderse, para que se vea que no le importa cumplir ning\u00fan protocolo. Esto es responsabilidad del municipio de Avellaneda.<\/p>\n\n\n\n<figure class=\"wp-block-image size-large\"><img loading=\"lazy\" decoding=\"async\" width=\"720\" height=\"921\" src=\"http:\/\/www.elsindical.com.ar\/notas\/var\/www\/html\/notas\/wp-content\/uploads\/2020\/06\/Nova-Gerli-Lacarra-1583.jpg\" alt=\"\" class=\"wp-image-96934\" srcset=\"https:\/\/www.elsindical.com.ar\/notas\/var\/www\/html\/notas\/wp-content\/uploads\/2020\/06\/Nova-Gerli-Lacarra-1583.jpg 720w, https:\/\/www.elsindical.com.ar\/notas\/var\/www\/html\/notas\/wp-content\/uploads\/2020\/06\/Nova-Gerli-Lacarra-1583-235x300.jpg 235w\" sizes=\"auto, (max-width: 720px) 100vw, 720px\" \/><\/figure>\n\n\n\n<p>Gimnasio Nova de Gerli<\/p>\n\n\n\n<p>Una publicaci\u00f3n de estos d\u00edas del gimnasio me record\u00f3 la pol\u00e9mica del lugar con algunos vecinos que molestos denunciaban en las redes sociales el incumplimiento de la cuarentena y el distanciamiento social, por entonces una de las instructoras del gimnasio respond\u00eda con fuerza a las denuncias y en la p\u00e1gina de Facebook del gimnasio eran duros para responder, pero a la vez, se les escapaban algunas incoherencias, como es el hecho de que ellos mismos publiquen una captura de conversaci\u00f3n por WhatsApp con una clienta a la que destacaban como que entendi\u00f3 todo, all\u00ed,  reconoc\u00edan que \u00abcon carpa\u00bb hab\u00eda clases personalizadas, actividad que tampoco se encuentra habilitada, es decir, antes de ofenderte con los vecinos y hacer publicaciones provocadoras, fijate de no estar en falta, porque en realidad corresponde la clausura y sanci\u00f3n por violar el Decreto y los Art. 205 y 239 C.P . El gimnasio NOVA funciona en Av. Lacarra 1583, sobre la sucursal del Banco Franc\u00e9s.<\/p>\n\n\n\n<div class=\"wp-block-image\"><figure class=\"aligncenter size-large\"><img loading=\"lazy\" decoding=\"async\" width=\"457\" height=\"902\" src=\"http:\/\/www.elsindical.com.ar\/notas\/var\/www\/html\/notas\/wp-content\/uploads\/2020\/06\/Ly-peluquera.jpg\" alt=\"\" class=\"wp-image-96935\" srcset=\"https:\/\/www.elsindical.com.ar\/notas\/var\/www\/html\/notas\/wp-content\/uploads\/2020\/06\/Ly-peluquera.jpg 457w, https:\/\/www.elsindical.com.ar\/notas\/var\/www\/html\/notas\/wp-content\/uploads\/2020\/06\/Ly-peluquera-152x300.jpg 152w\" sizes=\"auto, (max-width: 457px) 100vw, 457px\" \/><\/figure><\/div>\n\n\n\n<p>Sal\u00f3n Unisex Ly<\/p>\n\n\n\n<p>Sal\u00f3n peluquer\u00eda, ubicada en Heredia 1676, Gerli, fue una de las primeras peluquer\u00edas en violar la cuarentena, atiende con persiana baja y puerta cerrada, pero los clientes saben que pueden golpear la persiana porque no est\u00e1n los candados puestos, preferiblemente da turnos por WhatsApp y para los que dicen que por ser una mujer sola en un local chico se sorprender\u00edan de saber que de pobre no tiene nada, aunque ese no sea el problema, sino la terca actitud de desafiar todo consejo, cuando se le explic\u00f3 los motivos de cuidarse su excusa fue que tiene clientas que trabajan en hospitales y no es tan grave??, y una clienta es secretario del Jefe de Gabinete Santiago Cafiero y le dijo que no le de bola a lo de las sanciones que no pasa nada, bueno, la memoria me recuerda a dos casos de familiares de clientes con fiebre y otros s\u00edntomas, m\u00e1s el pol\u00edtico que falleci\u00f3 seg\u00fan su hijo y los m\u00e9dicos de COVID, pero seg\u00fan la peluquera se muri\u00f3 por ser un paciente de riesgo y viejo, record\u00e1ndome que me cuide porque pod\u00eda terminar igual, ya que yo ya soy una persona mayor, motivo por el cual me preocupan m\u00e1s los que no cumplen, no por ellos sino por el resto de los ciudadanos.<\/p>\n\n\n\n<p>El sal\u00f3n se encuentra a 15 metros de la base de la Polic\u00eda Local y de Los Cuidadores Ciudadanos, s\u00ed esos que deben controlar los comercios y el cumplimiento de las normas, ah pero claro, algunos son clientes y otros no saben quien atiende en el lugar.<\/p>\n\n\n\n<p>En este caso el responsable es el Estado por la falta de controles, la se\u00f1ora viaja de Quilmes a Avellaneda sin ser un trabajador esencial, en los meses transcurridos ha trabajado de martes a s\u00e1bado sin problemas, hasta esto ten\u00eda el mejor de los conceptos de ella, pero dudo de quien se muestra simp\u00e1tica con los clientes, pero no los cuida desde la salud, no hubiera se\u00f1alado su irresponsabilidad si por lo menos tuviera protocolos seguros, en su actividad no alcanzan barbijos, guantes y el Lisoform no sirve para nada, lo correcto es el mismo protocolo que siguen los odont\u00f3logos.<\/p>\n\n\n\n<figure class=\"wp-block-image size-large\"><img loading=\"lazy\" decoding=\"async\" width=\"1024\" height=\"882\" src=\"http:\/\/www.elsindical.com.ar\/notas\/var\/www\/html\/notas\/wp-content\/uploads\/2020\/06\/parrilla-garage-Ag\u00fcero-1024x882.jpg\" alt=\"\" class=\"wp-image-96936\" srcset=\"https:\/\/www.elsindical.com.ar\/notas\/var\/www\/html\/notas\/wp-content\/uploads\/2020\/06\/parrilla-garage-Ag\u00fcero-1024x882.jpg 1024w, https:\/\/www.elsindical.com.ar\/notas\/var\/www\/html\/notas\/wp-content\/uploads\/2020\/06\/parrilla-garage-Ag\u00fcero-300x258.jpg 300w, https:\/\/www.elsindical.com.ar\/notas\/var\/www\/html\/notas\/wp-content\/uploads\/2020\/06\/parrilla-garage-Ag\u00fcero-768x662.jpg 768w, https:\/\/www.elsindical.com.ar\/notas\/var\/www\/html\/notas\/wp-content\/uploads\/2020\/06\/parrilla-garage-Ag\u00fcero-348x300.jpg 348w, https:\/\/www.elsindical.com.ar\/notas\/var\/www\/html\/notas\/wp-content\/uploads\/2020\/06\/parrilla-garage-Ag\u00fcero-1536x1323.jpg 1536w, https:\/\/www.elsindical.com.ar\/notas\/var\/www\/html\/notas\/wp-content\/uploads\/2020\/06\/parrilla-garage-Ag\u00fcero.jpg 1908w\" sizes=\"auto, (max-width: 1024px) 100vw, 1024px\" \/><\/figure>\n\n\n\n<p>Parrilla en Cris\u00f3logo Larralde y Elizalde<\/p>\n\n\n\n<p>A pesar de las denuncias y reclamos de los vecinos, las clausuras duran solo unas horas, en el lugar no solo permiten el ingreso de algunos conocidos, sino que trabajan preparando la comida sin respetar protocolos m\u00ednimos de higiene, mucho menos de COVID, descartan los desechos en el boulevard al llegar la noche y entre sus clientes se suelen ver polic\u00edas en servicio que pasan y estacionan las patrullas.<\/p>\n\n\n\n<p>De m\u00e1s est\u00e1 aclarar que el lugar no re\u00fane los requisitos m\u00ednimos para estar habilitado, por el lugar pasan cientos de funcionarios a diario pero &#8230;<\/p>\n\n\n\n<p>La falta de CAMAS DE TERAPIA INTENSIVA<\/p>\n\n\n\n<p>Lo pongo en may\u00fasculas porque creo que el gobierno no ha informado correctamente y muchos se enojan porque dicen que el virus mata menos gente que una gripe, lo cual es cierto, nadie inteligente puede decir que es un sin\u00f3nimo de contagio y muerte, pero s\u00ed, es un medio muy eficaz para contagiar y SATURAR el sistema de salud.<\/p>\n\n\n\n<p>Entonces mis estimados IGNORANTES, ustedes los que se creen p\u00edcaros porque dicen que les mienten, en realidad les han explicado mal el problema que el virus causa en el sistema de salud.<\/p>\n\n\n\n<p>Hoy casi no hay camas disponibles en terapia en el sistema de salud privado y se acerca a una situaci\u00f3n similar el sistema de salud p\u00fablica.<\/p>\n\n\n\n<p>Supongamos, que usted, el que va al gim, que sabe que tiene una gran capacidad pulmonar, que sus defensas y el sistema inmunol\u00f3gico funciona al 100% tiene un accidente que requiera de una internaci\u00f3n en terapia, va a terminar en un box de guardia a la espera si es que el destino lo permite encuentren o se desocupe una cama.<\/p>\n\n\n\n<p>Hay que ser responsables no por los contagios igual muerte, sino por los contagios igual saturaci\u00f3n de camas.<\/p>\n\n\n\n<p>Hoy en Avellaneda, Lan\u00fas, Quilmes y Lomas de Zamora, los hospitales est\u00e1n  al borde del colapso, las estad\u00edsticas que informan los municipios est\u00e1n demoradas en los n\u00fameros de contagios reales, ustedes sigan burl\u00e1ndose y pensando que solo se mueren los mayores o con enfermedades preexistentes, les aseguro que voy a ser el primero en recordarles las burlas de hoy.<\/p>\n\n\n\n<p>Por Marcelo Ricardo Hawrylciw<\/p>\n","protected":false},"excerpt":{"rendered":"<p>Cuando se ha decretado una nueva extensi\u00f3n de la cuarentena por el aumento de contagios, que no solo tiene un riesgo por el COVID-19, sino que la irresponsabilidad de algunos perjudica el sistema de salud. Antes de seguir con la nota le recomiendo a los lectores que hagan el esfuerzo de ser objetivos, porque si&hellip;<\/p>\n","protected":false},"author":1,"featured_media":96937,"comment_status":"open","ping_status":"open","sticky":false,"template":"","format":"standard","meta":{"footnotes":""},"categories":[10],"tags":[33248,461,4357,32627,33222,2450,33250,33249,134,33251],"class_list":["post-96931","post","type-post","status-publish","format-standard","has-post-thumbnail","hentry","category-editorial","tag-art-205-y-239-c-p","tag-avellaneda","tag-comercios","tag-covid-19","tag-decreto-297-20","tag-diario-el-sindical","tag-ly-peluquera","tag-ly-peluqueria","tag-muertes","tag-nova"],"_links":{"self":[{"href":"https:\/\/www.elsindical.com.ar\/notas\/wp-json\/wp\/v2\/posts\/96931","targetHints":{"allow":["GET"]}}],"collection":[{"href":"https:\/\/www.elsindical.com.ar\/notas\/wp-json\/wp\/v2\/posts"}],"about":[{"href":"https:\/\/www.elsindical.com.ar\/notas\/wp-json\/wp\/v2\/types\/post"}],"author":[{"embeddable":true,"href":"https:\/\/www.elsindical.com.ar\/notas\/wp-json\/wp\/v2\/users\/1"}],"replies":[{"embeddable":true,"href":"https:\/\/www.elsindical.com.ar\/notas\/wp-json\/wp\/v2\/comments?post=96931"}],"version-history":[{"count":1,"href":"https:\/\/www.elsindical.com.ar\/notas\/wp-json\/wp\/v2\/posts\/96931\/revisions"}],"predecessor-version":[{"id":96938,"href":"https:\/\/www.elsindical.com.ar\/notas\/wp-json\/wp\/v2\/posts\/96931\/revisions\/96938"}],"wp:featuredmedia":[{"embeddable":true,"href":"https:\/\/www.elsindical.com.ar\/notas\/wp-json\/wp\/v2\/media\/96937"}],"wp:attachment":[{"href":"https:\/\/www.elsindical.com.ar\/notas\/wp-json\/wp\/v2\/media?parent=96931"}],"wp:term":[{"taxonomy":"category","embeddable":true,"href":"https:\/\/www.elsindical.com.ar\/notas\/wp-json\/wp\/v2\/categories?post=96931"},{"taxonomy":"post_tag","embeddable":true,"href":"https:\/\/www.elsindical.com.ar\/notas\/wp-json\/wp\/v2\/tags?post=96931"}],"curies":[{"name":"wp","href":"https:\/\/api.w.org\/{rel}","templated":true}]}}