{"id":96900,"date":"2020-06-27T12:39:58","date_gmt":"2020-06-27T15:39:58","guid":{"rendered":"http:\/\/www.elsindical.com.ar\/notas\/?p=96900"},"modified":"2020-06-27T12:39:58","modified_gmt":"2020-06-27T15:39:58","slug":"avellaneda-ya-son-24-los-decesos-y-mas-de-1-700-los-infectados","status":"publish","type":"post","link":"https:\/\/www.elsindical.com.ar\/notas\/avellaneda-ya-son-24-los-decesos-y-mas-de-1-700-los-infectados\/","title":{"rendered":"Avellaneda: Ya son 24 los decesos y m\u00e1s de 1.700 los infectados"},"content":{"rendered":"\n<figure class=\"wp-block-image size-large\"><img loading=\"lazy\" decoding=\"async\" width=\"719\" height=\"520\" src=\"http:\/\/www.elsindical.com.ar\/notas\/var\/www\/html\/notas\/wp-content\/uploads\/2020\/06\/contagios-y-muertes-al-27-de-junio.jpg\" alt=\"\" class=\"wp-image-96901\" srcset=\"https:\/\/www.elsindical.com.ar\/notas\/var\/www\/html\/notas\/wp-content\/uploads\/2020\/06\/contagios-y-muertes-al-27-de-junio.jpg 719w, https:\/\/www.elsindical.com.ar\/notas\/var\/www\/html\/notas\/wp-content\/uploads\/2020\/06\/contagios-y-muertes-al-27-de-junio-300x217.jpg 300w, https:\/\/www.elsindical.com.ar\/notas\/var\/www\/html\/notas\/wp-content\/uploads\/2020\/06\/contagios-y-muertes-al-27-de-junio-415x300.jpg 415w\" sizes=\"auto, (max-width: 719px) 100vw, 719px\" \/><\/figure>\n\n\n\n<p>El Ministerio de Salud inform\u00f3 que en las \u00faltimas horas se produjo una nueva muerte y 91 contagios.<\/p>\n\n\n\n<p>El Ministerio de Salud de la provincia de Buenos Aires confirm\u00f3 que este viernes se registr\u00f3 una nueva muerte por Coronavirus en Avellaneda con lo que son 24 las v\u00edctimas fatales en el distrito. Report\u00f3, adem\u00e1s, que en las \u00faltimas horas se registraron 91 contagios por lo que ascendieron a 1.706 los casos en el distrito.<\/p>\n\n\n\n<p>En la \u00faltima actualizaci\u00f3n de la \u201csala de situaci\u00f3n\u201d publicada en la p\u00e1gina de la cartera sanitaria bonaerense, tambi\u00e9n se indic\u00f3 que son 457 los vecinos recuperados. La tasa de letalidad es 1,41 por ciento.<\/p>\n\n\n\n<p>En tanto fueron testeadas 5.407 personas mientras que entre los casos confirmados hay 96 menores de 10 a\u00f1os y 214 mayores de 60 a\u00f1os.<\/p>\n\n\n\n<p>En cuanto a la clasificaci\u00f3n epidemiol\u00f3gica, el 61,2 por ciento de los casos fueron por transmisi\u00f3n comunitaria, 21,4 por ciento est\u00e1n en investigaci\u00f3n, 11,8 por ciento fueron contacto estrecho y 5,5 por ciento corresponden a trabajadores de la salud.<\/p>\n\n\n\n<div class=\"wp-block-image\"><figure class=\"aligncenter size-large\"><img loading=\"lazy\" decoding=\"async\" width=\"960\" height=\"960\" src=\"http:\/\/www.elsindical.com.ar\/notas\/var\/www\/html\/notas\/wp-content\/uploads\/2020\/06\/contagios-y-muertes-26-de-junio.png\" alt=\"\" class=\"wp-image-96902\" srcset=\"https:\/\/www.elsindical.com.ar\/notas\/var\/www\/html\/notas\/wp-content\/uploads\/2020\/06\/contagios-y-muertes-26-de-junio.png 960w, https:\/\/www.elsindical.com.ar\/notas\/var\/www\/html\/notas\/wp-content\/uploads\/2020\/06\/contagios-y-muertes-26-de-junio-300x300.png 300w, https:\/\/www.elsindical.com.ar\/notas\/var\/www\/html\/notas\/wp-content\/uploads\/2020\/06\/contagios-y-muertes-26-de-junio-150x150.png 150w, https:\/\/www.elsindical.com.ar\/notas\/var\/www\/html\/notas\/wp-content\/uploads\/2020\/06\/contagios-y-muertes-26-de-junio-768x768.png 768w, https:\/\/www.elsindical.com.ar\/notas\/var\/www\/html\/notas\/wp-content\/uploads\/2020\/06\/contagios-y-muertes-26-de-junio-50x50.png 50w\" sizes=\"auto, (max-width: 960px) 100vw, 960px\" \/><\/figure><\/div>\n","protected":false},"excerpt":{"rendered":"<p>El Ministerio de Salud inform\u00f3 que en las \u00faltimas horas se produjo una nueva muerte y 91 contagios. El Ministerio de Salud de la provincia de Buenos Aires confirm\u00f3 que este viernes se registr\u00f3 una nueva muerte por Coronavirus en Avellaneda con lo que son 24 las v\u00edctimas fatales en el distrito. Report\u00f3, adem\u00e1s, que&hellip;<\/p>\n","protected":false},"author":1,"featured_media":96901,"comment_status":"open","ping_status":"open","sticky":false,"template":"","format":"standard","meta":{"footnotes":""},"categories":[23],"tags":[461,32346,32627,649],"class_list":["post-96900","post","type-post","status-publish","format-standard","has-post-thumbnail","hentry","category-salud","tag-avellaneda","tag-coronavirus","tag-covid-19","tag-muertos"],"_links":{"self":[{"href":"https:\/\/www.elsindical.com.ar\/notas\/wp-json\/wp\/v2\/posts\/96900","targetHints":{"allow":["GET"]}}],"collection":[{"href":"https:\/\/www.elsindical.com.ar\/notas\/wp-json\/wp\/v2\/posts"}],"about":[{"href":"https:\/\/www.elsindical.com.ar\/notas\/wp-json\/wp\/v2\/types\/post"}],"author":[{"embeddable":true,"href":"https:\/\/www.elsindical.com.ar\/notas\/wp-json\/wp\/v2\/users\/1"}],"replies":[{"embeddable":true,"href":"https:\/\/www.elsindical.com.ar\/notas\/wp-json\/wp\/v2\/comments?post=96900"}],"version-history":[{"count":1,"href":"https:\/\/www.elsindical.com.ar\/notas\/wp-json\/wp\/v2\/posts\/96900\/revisions"}],"predecessor-version":[{"id":96903,"href":"https:\/\/www.elsindical.com.ar\/notas\/wp-json\/wp\/v2\/posts\/96900\/revisions\/96903"}],"wp:featuredmedia":[{"embeddable":true,"href":"https:\/\/www.elsindical.com.ar\/notas\/wp-json\/wp\/v2\/media\/96901"}],"wp:attachment":[{"href":"https:\/\/www.elsindical.com.ar\/notas\/wp-json\/wp\/v2\/media?parent=96900"}],"wp:term":[{"taxonomy":"category","embeddable":true,"href":"https:\/\/www.elsindical.com.ar\/notas\/wp-json\/wp\/v2\/categories?post=96900"},{"taxonomy":"post_tag","embeddable":true,"href":"https:\/\/www.elsindical.com.ar\/notas\/wp-json\/wp\/v2\/tags?post=96900"}],"curies":[{"name":"wp","href":"https:\/\/api.w.org\/{rel}","templated":true}]}}