{"id":96881,"date":"2020-06-25T19:45:06","date_gmt":"2020-06-25T22:45:06","guid":{"rendered":"http:\/\/www.elsindical.com.ar\/notas\/?p=96881"},"modified":"2020-06-25T19:45:06","modified_gmt":"2020-06-25T22:45:06","slug":"a-18-anos-del-asesinato-de-kosteki-y-santillan-marchamos-al-puente-pueyrredon","status":"publish","type":"post","link":"https:\/\/www.elsindical.com.ar\/notas\/a-18-anos-del-asesinato-de-kosteki-y-santillan-marchamos-al-puente-pueyrredon\/","title":{"rendered":"A 18 a\u00f1os del asesinato de Kosteki y Santill\u00e1n marchamos al Puente Pueyrred\u00f3n"},"content":{"rendered":"\n<figure class=\"wp-block-image size-large is-resized\"><img loading=\"lazy\" decoding=\"async\" src=\"http:\/\/www.elsindical.com.ar\/notas\/var\/www\/html\/notas\/wp-content\/uploads\/2020\/06\/Kosteki-y-Santill\u00e1n.jpg\" alt=\"\" class=\"wp-image-96882\" width=\"590\" height=\"332\" srcset=\"https:\/\/www.elsindical.com.ar\/notas\/var\/www\/html\/notas\/wp-content\/uploads\/2020\/06\/Kosteki-y-Santill\u00e1n.jpg 1004w, https:\/\/www.elsindical.com.ar\/notas\/var\/www\/html\/notas\/wp-content\/uploads\/2020\/06\/Kosteki-y-Santill\u00e1n-300x169.jpg 300w, https:\/\/www.elsindical.com.ar\/notas\/var\/www\/html\/notas\/wp-content\/uploads\/2020\/06\/Kosteki-y-Santill\u00e1n-768x432.jpg 768w, https:\/\/www.elsindical.com.ar\/notas\/var\/www\/html\/notas\/wp-content\/uploads\/2020\/06\/Kosteki-y-Santill\u00e1n-500x281.jpg 500w, https:\/\/www.elsindical.com.ar\/notas\/var\/www\/html\/notas\/wp-content\/uploads\/2020\/06\/Kosteki-y-Santill\u00e1n-460x260.jpg 460w\" sizes=\"auto, (max-width: 590px) 100vw, 590px\" \/><\/figure>\n\n\n\n<p class=\"wp-block-paragraph\"><strong><em>Concentramos a las 11 horas en la Estaci\u00f3n Dar\u00edo Santill\u00e1n y Maximiliano Kosteki (ex Estaci\u00f3n Avellaneda).<\/em><\/strong><\/p>\n\n\n\n<p class=\"wp-block-paragraph\">Como sucede todos los a\u00f1os desde aquel 26 de junio del 2002 donde una brutal represi\u00f3n terminara con la vida de los compa\u00f1eros Dar\u00edo Santill\u00e1n y Maximiliano Kosteki, en este 18 aniversario, aun atravesados por la pandemia de coronavirus, no bajamos las banderas de justicia por nuestros ca\u00eddas y volvemos a movilizar al Puente Pueyrred\u00f3n, como ha sido una tradici\u00f3n de todos estos a\u00f1os.<\/p>\n\n\n\n<p class=\"wp-block-paragraph\">Con los recaudos sanitarios correspondientes y el distanciamiento social necesario las organizaciones piqueteras y pol\u00edticas que aquel 26 de junio participaron de la jornada que termin\u00f3 en una balacera de la Polic\u00eda Bonaerense vuelven a convocar a movilizar al puente bajo la consigna del reclamo de juicio y castigo a los responsables de la masacre de Avellaneda, remarcando la responsabilidad de Eduardo Duhalde, An\u00edbal Fern\u00e1ndez y Felipe Sol\u00e1.<\/p>\n\n\n\n<p class=\"wp-block-paragraph\">Tanto Felipe Sol\u00e1 como An\u00edbal Fern\u00e1ndez han sido integrados a cargos importantes del Estado \u2013ministro de Relaciones Exteriores, el primero, e interventor de Yacimientos Carboniferos R\u00edo Turbio, el segundo- por decisi\u00f3n el actual presidente Alberto Fern\u00e1ndez. Mientras que Duhalde goza de un v\u00ednculo privilegiado estrecho con el actual mandatario, quien lo ha recibido en varias oportunidades.<\/p>\n\n\n\n<p class=\"wp-block-paragraph\">Esta jornada tambi\u00e9n vuelva a colocar la actualidad y vigencia de la lucha de Kosteki y Santill\u00e1n ante un crecimiento exponencial de la pobreza, m\u00e1s de 300 mil despidos en el \u00faltimo trimestre, que van a engrosar las filas de los desocupados, y frente a las negociaciones del gobierno con el FMI para someter toda la econom\u00eda y los recursos nacionales al pago de los acreedores internacionales.<\/p>\n\n\n\n<p class=\"wp-block-paragraph\">Tambi\u00e9n tiene lugar ante la cercan\u00eda del aniversario de los 10 a\u00f1os del asesinato de nuestro compa\u00f1ero Mariano Ferreyra, que junto a Dar\u00edo y Maxy constituyen un s\u00edmbolo de la juventud revolucionaria que lucha contra las pol\u00edtica de ajuste de las patronales, el Estado y su r\u00e9gimen social de conjunto.<\/p>\n\n\n\n<p class=\"wp-block-paragraph\">Este 26 de junio volvemos a exigir justicia. Todos los responsables \u00a1la tienen que pagar!<br>&#8212;<br><strong>Partido Obrero Avellaneda<\/strong>WhatsApp: 11557011451Facebook: Partido Obrero &#8211; AvellanedaTwitter: @avellaneda_poInstagram: @po_avellanedaMail: <a href=\"mailto:po.avellaneda.contacto@gmail.com\">po.avellaneda.contacto@gmail.com<\/a>.<\/p>\n","protected":false},"excerpt":{"rendered":"<p>Concentramos a las 11 horas en la Estaci\u00f3n Dar\u00edo Santill\u00e1n y Maximiliano Kosteki (ex Estaci\u00f3n Avellaneda). Como sucede todos los a\u00f1os desde aquel 26 de junio del 2002 donde una brutal represi\u00f3n terminara con la vida de los compa\u00f1eros Dar\u00edo Santill\u00e1n y Maximiliano Kosteki, en este 18 aniversario, aun atravesados por la pandemia de coronavirus,&hellip;<\/p>\n","protected":false},"author":1,"featured_media":96882,"comment_status":"open","ping_status":"open","sticky":false,"template":"","format":"standard","meta":{"footnotes":""},"categories":[13],"tags":[461,4965,601],"class_list":["post-96881","post","type-post","status-publish","format-standard","has-post-thumbnail","hentry","category-politica","tag-avellaneda","tag-po","tag-puente-pueyrredon"],"_links":{"self":[{"href":"https:\/\/www.elsindical.com.ar\/notas\/wp-json\/wp\/v2\/posts\/96881","targetHints":{"allow":["GET"]}}],"collection":[{"href":"https:\/\/www.elsindical.com.ar\/notas\/wp-json\/wp\/v2\/posts"}],"about":[{"href":"https:\/\/www.elsindical.com.ar\/notas\/wp-json\/wp\/v2\/types\/post"}],"author":[{"embeddable":true,"href":"https:\/\/www.elsindical.com.ar\/notas\/wp-json\/wp\/v2\/users\/1"}],"replies":[{"embeddable":true,"href":"https:\/\/www.elsindical.com.ar\/notas\/wp-json\/wp\/v2\/comments?post=96881"}],"version-history":[{"count":1,"href":"https:\/\/www.elsindical.com.ar\/notas\/wp-json\/wp\/v2\/posts\/96881\/revisions"}],"predecessor-version":[{"id":96883,"href":"https:\/\/www.elsindical.com.ar\/notas\/wp-json\/wp\/v2\/posts\/96881\/revisions\/96883"}],"wp:featuredmedia":[{"embeddable":true,"href":"https:\/\/www.elsindical.com.ar\/notas\/wp-json\/wp\/v2\/media\/96882"}],"wp:attachment":[{"href":"https:\/\/www.elsindical.com.ar\/notas\/wp-json\/wp\/v2\/media?parent=96881"}],"wp:term":[{"taxonomy":"category","embeddable":true,"href":"https:\/\/www.elsindical.com.ar\/notas\/wp-json\/wp\/v2\/categories?post=96881"},{"taxonomy":"post_tag","embeddable":true,"href":"https:\/\/www.elsindical.com.ar\/notas\/wp-json\/wp\/v2\/tags?post=96881"}],"curies":[{"name":"wp","href":"https:\/\/api.w.org\/{rel}","templated":true}]}}