{"id":96858,"date":"2020-06-25T00:44:46","date_gmt":"2020-06-25T03:44:46","guid":{"rendered":"http:\/\/www.elsindical.com.ar\/notas\/?p=96858"},"modified":"2020-06-25T00:44:46","modified_gmt":"2020-06-25T03:44:46","slug":"25-y-26-de-junio-jornadas-solidarias-dario-santillan","status":"publish","type":"post","link":"https:\/\/www.elsindical.com.ar\/notas\/25-y-26-de-junio-jornadas-solidarias-dario-santillan\/","title":{"rendered":"25 y 26 de junio: Jornadas Solidarias Dario Santill\u00e1n"},"content":{"rendered":"\n<figure class=\"wp-block-image size-large is-resized\"><img loading=\"lazy\" decoding=\"async\" src=\"http:\/\/www.elsindical.com.ar\/notas\/var\/www\/html\/notas\/wp-content\/uploads\/2020\/06\/logo4_opt.jpg\" alt=\"\" class=\"wp-image-96859\" width=\"591\" height=\"144\" srcset=\"https:\/\/www.elsindical.com.ar\/notas\/var\/www\/html\/notas\/wp-content\/uploads\/2020\/06\/logo4_opt.jpg 864w, https:\/\/www.elsindical.com.ar\/notas\/var\/www\/html\/notas\/wp-content\/uploads\/2020\/06\/logo4_opt-300x73.jpg 300w, https:\/\/www.elsindical.com.ar\/notas\/var\/www\/html\/notas\/wp-content\/uploads\/2020\/06\/logo4_opt-768x188.jpg 768w, https:\/\/www.elsindical.com.ar\/notas\/var\/www\/html\/notas\/wp-content\/uploads\/2020\/06\/logo4_opt-500x122.jpg 500w\" sizes=\"auto, (max-width: 591px) 100vw, 591px\" \/><\/figure>\n\n\n\n<p class=\"wp-block-paragraph\"><strong>25\/6, 11 Hs, Estaci\u00f3n&nbsp;Dar\u00edo Santill\u00e1n y Maximiliano Kosteki<\/strong><br><strong>A 18 a\u00f1os de la Masacre de Avellaneda,&nbsp;<\/strong><strong>seguimos exigiendo justicia&nbsp;<\/strong><br>Este Jueves 25 de junio a las 11 Hs, se lanzar\u00e1n las jornadas solidarias Dar\u00edo Santill\u00e1n, al cumplirse 18 a\u00f1os de los asesinatos de Kosteki y Santill\u00e1n con ollas populares y un semaforazo sobre la Avenida Pav\u00f3n frente a la estaci\u00f3n Dar\u00edo y Maximiliano Kosteki (ex Avellaneda) para exigir &nbsp;juicio y castigo a los responsables pol\u00edticos de la Masacre de Avellaneda<br>Dina S\u00e1nchez (Referenta nacional del FPDS): \u00abA 18 a\u00f1os de la brutal represi\u00f3n del 26 de junio de 2002, &nbsp;seguimos exigiendo juicio y castigo a los responsables pol\u00edticos de la Masacre de Avellaneda. El mejor homenaje hoy es continuar su ejemplo, poniendo el cuerpo y estando en la primera l\u00ednea de batalla, como venimos haciendo: en los operativos detectar, en el relevamiento a los vecinos de los barrios populares, en las ollas y comedores, en la producci\u00f3n y comercializaci\u00f3n de alimentos.\u00bb &nbsp; &nbsp; &nbsp; &nbsp; &nbsp; &nbsp; &nbsp; &nbsp; &nbsp; &nbsp; &nbsp; &nbsp; &nbsp; &nbsp; &nbsp; &nbsp; &nbsp; &nbsp; &nbsp; &nbsp; &nbsp; &nbsp; &nbsp; &nbsp; &nbsp; &nbsp; &nbsp; &nbsp; &nbsp; &nbsp; &nbsp; &nbsp; &nbsp; &nbsp;&nbsp;<br><strong>CONTACTOS<br><\/strong>-Dina S\u00e1nchez, 154-089-1074<br>-Prensa, 155-605-6238<\/p>\n","protected":false},"excerpt":{"rendered":"<p>25\/6, 11 Hs, Estaci\u00f3n&nbsp;Dar\u00edo Santill\u00e1n y Maximiliano KostekiA 18 a\u00f1os de la Masacre de Avellaneda,&nbsp;seguimos exigiendo justicia&nbsp;Este Jueves 25 de junio a las 11 Hs, se lanzar\u00e1n las jornadas solidarias Dar\u00edo Santill\u00e1n, al cumplirse 18 a\u00f1os de los asesinatos de Kosteki y Santill\u00e1n con ollas populares y un semaforazo sobre la Avenida Pav\u00f3n frente a&hellip;<\/p>\n","protected":false},"author":1,"featured_media":96859,"comment_status":"open","ping_status":"open","sticky":false,"template":"","format":"standard","meta":{"footnotes":""},"categories":[25],"tags":[2450,33234,33233,33232,11705],"class_list":["post-96858","post","type-post","status-publish","format-standard","has-post-thumbnail","hentry","category-sociedad","tag-diario-el-sindical","tag-estacion-dario-santillan-y-maximiliano-kosteki","tag-fpds","tag-jornadas-solidarias-dario-santillan","tag-masacre-de-avellaneda"],"_links":{"self":[{"href":"https:\/\/www.elsindical.com.ar\/notas\/wp-json\/wp\/v2\/posts\/96858","targetHints":{"allow":["GET"]}}],"collection":[{"href":"https:\/\/www.elsindical.com.ar\/notas\/wp-json\/wp\/v2\/posts"}],"about":[{"href":"https:\/\/www.elsindical.com.ar\/notas\/wp-json\/wp\/v2\/types\/post"}],"author":[{"embeddable":true,"href":"https:\/\/www.elsindical.com.ar\/notas\/wp-json\/wp\/v2\/users\/1"}],"replies":[{"embeddable":true,"href":"https:\/\/www.elsindical.com.ar\/notas\/wp-json\/wp\/v2\/comments?post=96858"}],"version-history":[{"count":1,"href":"https:\/\/www.elsindical.com.ar\/notas\/wp-json\/wp\/v2\/posts\/96858\/revisions"}],"predecessor-version":[{"id":96860,"href":"https:\/\/www.elsindical.com.ar\/notas\/wp-json\/wp\/v2\/posts\/96858\/revisions\/96860"}],"wp:featuredmedia":[{"embeddable":true,"href":"https:\/\/www.elsindical.com.ar\/notas\/wp-json\/wp\/v2\/media\/96859"}],"wp:attachment":[{"href":"https:\/\/www.elsindical.com.ar\/notas\/wp-json\/wp\/v2\/media?parent=96858"}],"wp:term":[{"taxonomy":"category","embeddable":true,"href":"https:\/\/www.elsindical.com.ar\/notas\/wp-json\/wp\/v2\/categories?post=96858"},{"taxonomy":"post_tag","embeddable":true,"href":"https:\/\/www.elsindical.com.ar\/notas\/wp-json\/wp\/v2\/tags?post=96858"}],"curies":[{"name":"wp","href":"https:\/\/api.w.org\/{rel}","templated":true}]}}