{"id":96809,"date":"2020-06-24T01:07:28","date_gmt":"2020-06-24T04:07:28","guid":{"rendered":"http:\/\/www.elsindical.com.ar\/notas\/?p=96809"},"modified":"2020-06-24T01:07:28","modified_gmt":"2020-06-24T04:07:28","slug":"lomasde-zamora-la-policia-tuvo-que-devolver-electrodomesticos-secuestrados-en-un-allanamiento","status":"publish","type":"post","link":"https:\/\/www.elsindical.com.ar\/notas\/lomasde-zamora-la-policia-tuvo-que-devolver-electrodomesticos-secuestrados-en-un-allanamiento\/","title":{"rendered":"Lomasde Zamora: La Polic\u00eda tuvo que devolver electrodom\u00e9sticos secuestrados en un allanamiento"},"content":{"rendered":"\n<figure class=\"wp-block-image size-large is-resized\"><img loading=\"lazy\" decoding=\"async\" src=\"http:\/\/www.elsindical.com.ar\/notas\/var\/www\/html\/notas\/wp-content\/uploads\/2020\/06\/devoluci\u00f3n-de-electrodom\u00e9sticos-1024x576.jpeg\" alt=\"\" class=\"wp-image-96810\" width=\"591\" height=\"332\" srcset=\"https:\/\/www.elsindical.com.ar\/notas\/var\/www\/html\/notas\/wp-content\/uploads\/2020\/06\/devoluci\u00f3n-de-electrodom\u00e9sticos-1024x576.jpeg 1024w, https:\/\/www.elsindical.com.ar\/notas\/var\/www\/html\/notas\/wp-content\/uploads\/2020\/06\/devoluci\u00f3n-de-electrodom\u00e9sticos-300x169.jpeg 300w, https:\/\/www.elsindical.com.ar\/notas\/var\/www\/html\/notas\/wp-content\/uploads\/2020\/06\/devoluci\u00f3n-de-electrodom\u00e9sticos-768x432.jpeg 768w, https:\/\/www.elsindical.com.ar\/notas\/var\/www\/html\/notas\/wp-content\/uploads\/2020\/06\/devoluci\u00f3n-de-electrodom\u00e9sticos-500x281.jpeg 500w, https:\/\/www.elsindical.com.ar\/notas\/var\/www\/html\/notas\/wp-content\/uploads\/2020\/06\/devoluci\u00f3n-de-electrodom\u00e9sticos.jpeg 1280w\" sizes=\"auto, (max-width: 591px) 100vw, 591px\" \/><\/figure>\n\n\n\n<p>Vecinos de Villa Albertina recuperaron algunos objetos secuestrados por la polic\u00eda en allanamientos realizados el s\u00e1bado por el robo en la Escuela Secundaria 26. De las viviendas, los efectivos se llevaron freezer, horno microondas, horno el\u00e9ctrico, equipo de m\u00fasica, pava el\u00e9ctrica, ollas, que ser\u00edan \u201csimilares\u201d a los robados por tres delincuentes una semana atr\u00e1s en el establecimiento educativo. Este lunes los tuvieron que devolver a los vecinos. En una de las casas allanadas, efectivos dispararon a un joven y la herida le produjo la p\u00e9rdida de un ojo.<\/p>\n\n\n\n<p>El muchacho de 17 a\u00f1os herido de un balazo recibi\u00f3 el alta este lunes por la ma\u00f1ana.\u201cEstamos mal por el maltrato que recibimos. Mi hijo qued\u00f3 completamente ciego porque perdi\u00f3 un ojo y el otro lo tiene muy inflamado\u201d, cont\u00f3 la madre del&nbsp; adolescente.<\/p>\n\n\n\n<p>Marina Canva, madre del joven herido, afirm\u00f3: \u201cA mi sacaron un hornito que todav\u00eda no me lo devolvieron, pero a mi vecina le devolvieron el freezer. De la casa de mi vecina se llevaron un freezer y ollas, para justificar lo que ellos estaban buscando y que hab\u00edan robado de la Secundaria 26\u201d.<\/p>\n\n\n\n<p>El allanamiento tuvo lugar en una vivienda ubicada en Cosqu\u00edn al 1800, a s\u00f3lo cuatro cuadras de la Escuela Secundaria 26, a donde el fin de semana pasado entraron a robar tres delincuentes generando, tambi\u00e9n, graves destrozos.<\/p>\n\n\n\n<p>Por el hecho, fue herido que el muchacho que nada ten\u00eda que ver con el robo. En tanto, su t\u00edo que viv\u00eda al lado, termin\u00f3 detenido.<\/p>\n\n\n\n<p>La familia del joven herido en el ojo derecho por el disparo de uno de los polic\u00edas, aparentemente en \u201cforma intimidatoria\u201d, asegura que tiene pruebas para demostrar c\u00f3mo fueron los hechos.<\/p>\n\n\n\n<p>\u201cTengo fotos y testigos, para que esto salga a la luz. Lo que hicieron con mi hijo es gatillo f\u00e1cil, le arruinaron la vida a un chico de 17 a\u00f1os\u201d, afirm\u00f3 la madre del joven.<\/p>\n\n\n\n<p>En esa l\u00ednea, la mujer manifest\u00f3 que los polic\u00edas que realizaron el allanamiento \u201cse quer\u00edan justificar\u201d porque su hijo sali\u00f3 de la habitaci\u00f3n con un cuchillo en la mano.<\/p>\n\n\n\n<p>\u201cSi, ten\u00eda el cuchillo, porque la puerta al no tener picaporte, todos ingresamos as\u00ed. Fue terrible lo que pas\u00f3, &nbsp;la violencia con la que ingresaron a mi casa. A mi me apuntaron con el arma y ten\u00eda a mi beb\u00e9 en brazos, y a mi marido lo tiraron al piso\u201d, relat\u00f3 la mujer.<\/p>\n\n\n\n<p>La Unidad Funcional de Instrucci\u00f3n (UFI) 8 de Lomas de Zamora es la que investiga el accionar de los uniformados.<\/p>\n","protected":false},"excerpt":{"rendered":"<p>Vecinos de Villa Albertina recuperaron algunos objetos secuestrados por la polic\u00eda en allanamientos realizados el s\u00e1bado por el robo en la Escuela Secundaria 26. De las viviendas, los efectivos se llevaron freezer, horno microondas, horno el\u00e9ctrico, equipo de m\u00fasica, pava el\u00e9ctrica, ollas, que ser\u00edan \u201csimilares\u201d a los robados por tres delincuentes una semana atr\u00e1s en&hellip;<\/p>\n","protected":false},"author":1,"featured_media":96810,"comment_status":"open","ping_status":"open","sticky":false,"template":"","format":"standard","meta":{"footnotes":""},"categories":[20],"tags":[493,2450,4768,33218,744,14697],"class_list":["post-96809","post","type-post","status-publish","format-standard","has-post-thumbnail","hentry","category-judiciales","tag-allanamientos","tag-diario-el-sindical","tag-electrodomesticos","tag-escuela-secundaria-26","tag-lomas-de-zamora","tag-villa-albertina"],"_links":{"self":[{"href":"https:\/\/www.elsindical.com.ar\/notas\/wp-json\/wp\/v2\/posts\/96809","targetHints":{"allow":["GET"]}}],"collection":[{"href":"https:\/\/www.elsindical.com.ar\/notas\/wp-json\/wp\/v2\/posts"}],"about":[{"href":"https:\/\/www.elsindical.com.ar\/notas\/wp-json\/wp\/v2\/types\/post"}],"author":[{"embeddable":true,"href":"https:\/\/www.elsindical.com.ar\/notas\/wp-json\/wp\/v2\/users\/1"}],"replies":[{"embeddable":true,"href":"https:\/\/www.elsindical.com.ar\/notas\/wp-json\/wp\/v2\/comments?post=96809"}],"version-history":[{"count":1,"href":"https:\/\/www.elsindical.com.ar\/notas\/wp-json\/wp\/v2\/posts\/96809\/revisions"}],"predecessor-version":[{"id":96811,"href":"https:\/\/www.elsindical.com.ar\/notas\/wp-json\/wp\/v2\/posts\/96809\/revisions\/96811"}],"wp:featuredmedia":[{"embeddable":true,"href":"https:\/\/www.elsindical.com.ar\/notas\/wp-json\/wp\/v2\/media\/96810"}],"wp:attachment":[{"href":"https:\/\/www.elsindical.com.ar\/notas\/wp-json\/wp\/v2\/media?parent=96809"}],"wp:term":[{"taxonomy":"category","embeddable":true,"href":"https:\/\/www.elsindical.com.ar\/notas\/wp-json\/wp\/v2\/categories?post=96809"},{"taxonomy":"post_tag","embeddable":true,"href":"https:\/\/www.elsindical.com.ar\/notas\/wp-json\/wp\/v2\/tags?post=96809"}],"curies":[{"name":"wp","href":"https:\/\/api.w.org\/{rel}","templated":true}]}}