{"id":96776,"date":"2020-06-23T14:18:58","date_gmt":"2020-06-23T17:18:58","guid":{"rendered":"http:\/\/www.elsindical.com.ar\/notas\/?p=96776"},"modified":"2020-06-23T14:20:46","modified_gmt":"2020-06-23T17:20:46","slug":"grave-denuncia-penalmente-al-procurador-conte-grand-el-fiscal-general-scalera-y-rossi-por-espionaje-ilegal","status":"publish","type":"post","link":"https:\/\/www.elsindical.com.ar\/notas\/grave-denuncia-penalmente-al-procurador-conte-grand-el-fiscal-general-scalera-y-rossi-por-espionaje-ilegal\/","title":{"rendered":"Grave denuncia penalmente al Procurador Conte Grand, el Fiscal General Scalera y Rossi por espionaje ilegal"},"content":{"rendered":"\n<figure class=\"wp-block-image size-large is-resized\"><img loading=\"lazy\" decoding=\"async\" src=\"http:\/\/www.elsindical.com.ar\/notas\/var\/www\/html\/notas\/wp-content\/uploads\/2020\/06\/Sebasti\u00e1n-Scalera-y-Conte-Grand.jpg\" alt=\"\" class=\"wp-image-96777\" width=\"589\" height=\"431\" srcset=\"https:\/\/www.elsindical.com.ar\/notas\/var\/www\/html\/notas\/wp-content\/uploads\/2020\/06\/Sebasti\u00e1n-Scalera-y-Conte-Grand.jpg 583w, https:\/\/www.elsindical.com.ar\/notas\/var\/www\/html\/notas\/wp-content\/uploads\/2020\/06\/Sebasti\u00e1n-Scalera-y-Conte-Grand-300x220.jpg 300w, https:\/\/www.elsindical.com.ar\/notas\/var\/www\/html\/notas\/wp-content\/uploads\/2020\/06\/Sebasti\u00e1n-Scalera-y-Conte-Grand-410x300.jpg 410w\" sizes=\"auto, (max-width: 589px) 100vw, 589px\" \/><\/figure>\n\n\n\n<p>El fiscal General de Lomas de Zamora, Enrique Ferrari, pidi\u00f3 al juez federal Federico Villena que investigue al procurador bonaerense, Julio Conte Grand, y a los fiscales Sebasti\u00e1n Scalera y Pablo Rossi, ambos de Lomas, por el presunto armado de causas con la intervenci\u00f3n de agentes de la AFI. La causa contra la familia Moyano y la que llev\u00f3 a prisi\u00f3n a Jorge Castillo, el hombre fuerte de La Salada, aparecen como los ejemplos de este accionar denunciado. Aseguran que es la \u00abpata bonaerense\u00bb del espionaje macrista.<\/p>\n\n\n\n<p>La presentaci\u00f3n Ferrari es, adem\u00e1s, otro cap\u00edtulo de la feroz interna desatada desde hace un a\u00f1o en la Fiscal\u00eda General de Lomas entre su titular y el adjunto, Sebasti\u00e1n Scalera. Esta disputa ha incluido denuncias cruzadas y la intervenci\u00f3n de Conte Grand en respaldo de este \u00faltimo.<\/p>\n\n\n\n<p>Ferrari se present\u00f3 este lunes en el Juzgado Federal de Lomas de Zamora donde Villena investiga el espionaje realizado durante el macrismo a dirigentes pol\u00edticos y sindicales y agreg\u00f3 lo que muchos denominan \u201cpata bonaerense\u201d de la causa.<\/p>\n\n\n\n<p>\u201cEl Fiscal General Adjunto, el Dr. Sebasti\u00e1n Scalera y sus secretarios a trav\u00e9s de \u00b4Unidad de Coordinaci\u00f3n de Delitos Complejos y Crimen Organizado de la Fiscal\u00eda General de Lomas de Zamora\u00b4 no s\u00f3lo no han podido informar-en tiempo y forma-&nbsp; sobre el contenido, estado y cantidad de las causas que tramitan ante esa Fiscal\u00eda, sino que, y peor a\u00fan habr\u00edan iniciado investigaciones con objetos de inclinarlas a sus intereses pol\u00edticos y\/o generando IPP con el fin de perseguir a pol\u00edticos, sindicalistas, Magistrados y Funcionarios, (Doctrina de \u00abLawfare\u00bb), entre otros, en donde han participado Funcionarios de la Agencia Federal de Investigaciones de manera, cuanto menos irregular, en consonancia con lo denunciado por diferentes magistrados de Lomas de Zamora\u201d, sostuvo Ferrari en su denuncia, a al que tuvo acceso <strong>Diario El Sindical. <\/strong><\/p>\n\n\n\n<p>El fiscal General de Lomas record\u00f3 que ante las denuncias de la relaci\u00f3n de agentes de la AFI con los fiscales Scalera y Pablo Rossi y sus secretarios decidi\u00f3 disolver esa Unidad de Investigaci\u00f3n, que tuvo en sus manos causas medi\u00e1ticas como La Salada I y II y la que investigaba a la familia de Hugo Moyano y a otros dirigentes de Independiente.<\/p>\n\n\n\n<p>Esa decisi\u00f3n fue r\u00e1pidamente cuestionada e impugnada por el procurador Julio Conte Grand, quien termin\u00f3 respaldado el accionar de Sebasti\u00e1n Scalera y Pablo Rossi.<\/p>\n\n\n\n<p>Adem\u00e1s Ferrari destac\u00f3 que el ex director de Asuntos Jur\u00eddicos de la AFI Juan Sebasti\u00e1n De St\u00e9fano,&nbsp; fue uno de los agentes a los que el juez Luis Carzoglio acus\u00f3 de un apriete para detener a Pablo Moyano.<\/p>\n\n\n\n<p>En esa l\u00ednea, subray\u00f3 que fueron los titulares de la AFI durante el macrismo, Gustavo Arribas y Silvia Majdalani, quienes \u201cadmitieron ante la Comisi\u00f3n Bicameral del Congreso Nacional haber enviado a sus agentes; los intermediarios fueron del Ministerio Publico Fiscal de Lomas de Zamora, conforme lo denunciara el Juez Carzoglio\u201d.<\/p>\n\n\n\n<p>Justamente fue Carzoglio quien, luego de ser separado de su cargo, denunci\u00f3 que en el apriete sufrido para avalar la detenci\u00f3n de Moyano, pedida por el fiscal Scalera, cont\u00f3 con la participaci\u00f3n de Sebasti\u00e1n Dist\u00e9fano y Fernando Di Pasquale, agentes de la AFI, ligados al presidente de Boca Juniors, y de Fernando \u201cEl Chino\u201d Cornes, del \u00e1rea de Inteligencia del Ministerio de Seguridad, vinculado con Gerardo Millman, funcionario de primera l\u00ednea de esa cartera y dirigente del GEN en Avellaneda.<\/p>\n\n\n\n<p>El fiscal General de Lomas impulsa de esta manera la investigaci\u00f3n de la \u201cpata bonaerense\u201d del espionaje y armado de causas del macrismo a dirigentes pol\u00edticos y sindicales. Los Tribunales de Lomas parece haber sido un lugar clave para esto.<\/p>\n\n\n\n<p><strong><a href=\"http:\/\/www.elsindical.com.ar\/notas\/var\/www\/html\/notas\/wp-content\/uploads\/2020\/06\/466545842-Denuncia.pdf\">DENUNCIA PENAL EN EL FUERO FEDERAL<\/a><\/strong><\/p>\n","protected":false},"excerpt":{"rendered":"<p>El fiscal General de Lomas de Zamora, Enrique Ferrari, pidi\u00f3 al juez federal Federico Villena que investigue al procurador bonaerense, Julio Conte Grand, y a los fiscales Sebasti\u00e1n Scalera y Pablo Rossi, ambos de Lomas, por el presunto armado de causas con la intervenci\u00f3n de agentes de la AFI. La causa contra la familia Moyano&hellip;<\/p>\n","protected":false},"author":1,"featured_media":96777,"comment_status":"open","ping_status":"open","sticky":false,"template":"","format":"standard","meta":{"footnotes":""},"categories":[6,20],"tags":[20772,2450,470,26340,27193,24022,30490],"class_list":["post-96776","post","type-post","status-publish","format-standard","has-post-thumbnail","hentry","category-denuncias","category-judiciales","tag-afi","tag-diario-el-sindical","tag-espionaje","tag-fiscal-general-enrique-ferrari","tag-fiscal-general-sebastian-scalera","tag-fiscal-pablo-rossi","tag-juez-federal-villena"],"_links":{"self":[{"href":"https:\/\/www.elsindical.com.ar\/notas\/wp-json\/wp\/v2\/posts\/96776","targetHints":{"allow":["GET"]}}],"collection":[{"href":"https:\/\/www.elsindical.com.ar\/notas\/wp-json\/wp\/v2\/posts"}],"about":[{"href":"https:\/\/www.elsindical.com.ar\/notas\/wp-json\/wp\/v2\/types\/post"}],"author":[{"embeddable":true,"href":"https:\/\/www.elsindical.com.ar\/notas\/wp-json\/wp\/v2\/users\/1"}],"replies":[{"embeddable":true,"href":"https:\/\/www.elsindical.com.ar\/notas\/wp-json\/wp\/v2\/comments?post=96776"}],"version-history":[{"count":2,"href":"https:\/\/www.elsindical.com.ar\/notas\/wp-json\/wp\/v2\/posts\/96776\/revisions"}],"predecessor-version":[{"id":96780,"href":"https:\/\/www.elsindical.com.ar\/notas\/wp-json\/wp\/v2\/posts\/96776\/revisions\/96780"}],"wp:featuredmedia":[{"embeddable":true,"href":"https:\/\/www.elsindical.com.ar\/notas\/wp-json\/wp\/v2\/media\/96777"}],"wp:attachment":[{"href":"https:\/\/www.elsindical.com.ar\/notas\/wp-json\/wp\/v2\/media?parent=96776"}],"wp:term":[{"taxonomy":"category","embeddable":true,"href":"https:\/\/www.elsindical.com.ar\/notas\/wp-json\/wp\/v2\/categories?post=96776"},{"taxonomy":"post_tag","embeddable":true,"href":"https:\/\/www.elsindical.com.ar\/notas\/wp-json\/wp\/v2\/tags?post=96776"}],"curies":[{"name":"wp","href":"https:\/\/api.w.org\/{rel}","templated":true}]}}