{"id":96742,"date":"2020-06-22T17:12:37","date_gmt":"2020-06-22T20:12:37","guid":{"rendered":"http:\/\/www.elsindical.com.ar\/notas\/?p=96742"},"modified":"2020-06-22T17:12:37","modified_gmt":"2020-06-22T20:12:37","slug":"lanus-protesta-y-corte-de-feriantes-que-piden-volver-a-trabajar","status":"publish","type":"post","link":"https:\/\/www.elsindical.com.ar\/notas\/lanus-protesta-y-corte-de-feriantes-que-piden-volver-a-trabajar\/","title":{"rendered":"Lan\u00fas: Protesta y corte de feriantes que piden volver a trabajar"},"content":{"rendered":"\n<figure class=\"wp-block-image size-large\"><img loading=\"lazy\" decoding=\"async\" width=\"597\" height=\"352\" src=\"http:\/\/www.elsindical.com.ar\/notas\/var\/www\/html\/notas\/wp-content\/uploads\/2020\/06\/protesta-de-feriantes-en-Lan\u00fas-1.jpg\" alt=\"\" class=\"wp-image-96743\" srcset=\"https:\/\/www.elsindical.com.ar\/notas\/var\/www\/html\/notas\/wp-content\/uploads\/2020\/06\/protesta-de-feriantes-en-Lan\u00fas-1.jpg 597w, https:\/\/www.elsindical.com.ar\/notas\/var\/www\/html\/notas\/wp-content\/uploads\/2020\/06\/protesta-de-feriantes-en-Lan\u00fas-1-300x177.jpg 300w, https:\/\/www.elsindical.com.ar\/notas\/var\/www\/html\/notas\/wp-content\/uploads\/2020\/06\/protesta-de-feriantes-en-Lan\u00fas-1-500x295.jpg 500w\" sizes=\"auto, (max-width: 597px) 100vw, 597px\" \/><\/figure>\n\n\n\n<p class=\"wp-block-paragraph\">\u00abNosotros tenemos un protocolo y necesitamos trabajar\u00bb, advirtieron. Fueron recibidos por autoridades, pero la respuesta fue negativa.<\/p>\n\n\n\n<p class=\"wp-block-paragraph\">Feriantes de Lan\u00fas cortaron la avenida Hip\u00f3lito Yrigoyen al 3600, frente a la Municipalidad, para reclamar que les permitan volver a trabajar en cuarentena con el protocolo correspondiente. Aunque ya tuvieron tres reuniones con autoridades municipales, piden ser recibidos por el intendente N\u00e9stor Grindetti.<\/p>\n\n\n\n<p class=\"wp-block-paragraph\">Se apostaron esta ma\u00f1ana sobre la arteria y bloquearon el paso de veh\u00edculos. Reclaman volver a trabajar y exigen ser atendidos por el jefe comunal. Ya hace 90 d\u00edas que no tienen ingresos y su situaci\u00f3n cada d\u00eda empeora.<\/p>\n\n\n\n<p class=\"wp-block-paragraph\">Desde el municipio explicaron, que ya fueron elevados los protocolos a la Provincia pero la decisi\u00f3n no depende de ellos. \u201cNo es que los autorizamos o los dejamos de autorizar. Cuando los elevamos, autoridades bonaerense lo rechazaron porque no est\u00e1n dadas las condiciones para que este rubro pueda abrir. Entendemos el reclamo y hasta lo compartimos. Quedamos en que vamos a presentarle una nota conjunta entre el Municipio y la agrupaci\u00f3n de feriantes\u201d, explicaron.<\/p>\n\n\n\n<p class=\"wp-block-paragraph\">De todas maneras el secretario general de la asociaci\u00f3n de feriantes del distrito, Adri\u00e1n Argulo, hizo visible la disconformidad del sector. \u201cNo nos conforma esa respuesta ya que vemos que en otros municipios, como es el caso de Avellaneda y La Plata, sus ferias est\u00e1n habilitadas trabajando siempre con un protocolo. Nosotros tenemos un protocolo y necesitamos trabajar\u201d, se\u00f1al\u00f3.<\/p>\n\n\n\n<p class=\"wp-block-paragraph\">Argulo detall\u00f3, en contacto con este medio, que este lunes lograron reunirse con autoridades, pero la respuesta fue negativa. \u201cNos volvieron a decir que tienen toda la voluntad de abrir la feria pero que la Provincia de Buenos Aires no se lo permite\u201d, sostuvo.<\/p>\n\n\n\n<p class=\"wp-block-paragraph\">Quienes est\u00e1n al frente del reclamo son&nbsp;comerciantes minoristas&nbsp;que venden alimentos de primera necesidad: \u201cHace dos meses y medio que venimos negociando, diciendo que al ser puestos de pollo, pescado, verduler\u00eda, carnicer\u00eda y art\u00edculos de limpieza, nunca deber\u00edan haber sido levantados del Municipio de Lan\u00fas\u201d. Consideran que se \u201cajustan al Decreto de Necesidad y Urgencia (DNU) nacional\u201d.<\/p>\n\n\n\n<p class=\"wp-block-paragraph\">Otro de los manifestantes, C\u00e9sar, remarc\u00f3 en di\u00e1logo con este medio que \u201cno es la primera vez\u201d que se acercan al Municipio para reclamar. \u201cHay un protocolo que indica que se iban a empezar a abrir los negocios m\u00e1s necesarios, de a poco\u2026 \u00a1Pero a nosotros nos dicen que no se puede trabajar! Necesitamos una soluci\u00f3n\u201d, plante\u00f3.<\/p>\n\n\n\n<p class=\"wp-block-paragraph\">Las ferias son actividades que re\u00fanen mucha gente y por este motivo, est\u00e1n prohibidas por el momento en el \u00c1rea Metropolitana de Buenos Aires (AMBA), que se encuentra cursando la Fase 3. La semana pasada, el Municipio habilit\u00f3 algunas actividades: la obra privada de apuntalamiento y demolici\u00f3n, servicios inmobiliarios y martilleros, servicios jur\u00eddicos, servicios de contadur\u00eda y auditor\u00eda, y servicios de arquitectura e ingenier\u00eda. \u201cEn todos los casos deber\u00e1n cumplir con los protocolos\u201d, precisaron las autoridades.<\/p>\n\n\n\n<p class=\"wp-block-paragraph\">Estos permisos se sumaron a los\u00a0ya habilitados a lo largo de los \u00faltimos meses: industria automotriz y autopartes, electr\u00f3nica y electrodom\u00e9sticos, indumentaria, productos del tabaco, metalurgia, maquinaria y equipos, calzado, gr\u00e1fica, ediciones e impresiones, madera y muebles, juguetes, cemento, productos textiles, manufacturas del cuero, neum\u00e1ticos, bicicletas y motos, qu\u00edmica y petroqu\u00edmica, celulosa y papel, pl\u00e1sticos y subproductos, cer\u00e1micos,\u00a0venta minorista de art\u00edculos de bazar y menaje, muebles y colchones, electrodom\u00e9sticos, cart\u00f3n y art\u00edculos de librer\u00eda, y art\u00edculos de relojer\u00eda y joyer\u00eda.\u00a0Adem\u00e1s, se suman los servicios de kinesiolog\u00eda, podolog\u00eda y actividad notarial.<\/p>\n\n\n\n<figure class=\"wp-block-image size-large\"><img loading=\"lazy\" decoding=\"async\" width=\"780\" height=\"548\" src=\"http:\/\/www.elsindical.com.ar\/notas\/var\/www\/html\/notas\/wp-content\/uploads\/2020\/06\/protesta-de-feriantes-en-Lan\u00fas-2.jpg\" alt=\"\" class=\"wp-image-96744\" srcset=\"https:\/\/www.elsindical.com.ar\/notas\/var\/www\/html\/notas\/wp-content\/uploads\/2020\/06\/protesta-de-feriantes-en-Lan\u00fas-2.jpg 780w, https:\/\/www.elsindical.com.ar\/notas\/var\/www\/html\/notas\/wp-content\/uploads\/2020\/06\/protesta-de-feriantes-en-Lan\u00fas-2-300x211.jpg 300w, https:\/\/www.elsindical.com.ar\/notas\/var\/www\/html\/notas\/wp-content\/uploads\/2020\/06\/protesta-de-feriantes-en-Lan\u00fas-2-768x540.jpg 768w, https:\/\/www.elsindical.com.ar\/notas\/var\/www\/html\/notas\/wp-content\/uploads\/2020\/06\/protesta-de-feriantes-en-Lan\u00fas-2-427x300.jpg 427w\" sizes=\"auto, (max-width: 780px) 100vw, 780px\" \/><\/figure>\n","protected":false},"excerpt":{"rendered":"<p>\u00abNosotros tenemos un protocolo y necesitamos trabajar\u00bb, advirtieron. Fueron recibidos por autoridades, pero la respuesta fue negativa. Feriantes de Lan\u00fas cortaron la avenida Hip\u00f3lito Yrigoyen al 3600, frente a la Municipalidad, para reclamar que les permitan volver a trabajar en cuarentena con el protocolo correspondiente. Aunque ya tuvieron tres reuniones con autoridades municipales, piden ser&hellip;<\/p>\n","protected":false},"author":1,"featured_media":96743,"comment_status":"open","ping_status":"open","sticky":false,"template":"","format":"standard","meta":{"footnotes":""},"categories":[25],"tags":[3468,32669,209,1718,5025,33206],"class_list":["post-96742","post","type-post","status-publish","format-standard","has-post-thumbnail","hentry","category-sociedad","tag-amba","tag-cuarentena","tag-lanus","tag-municipio","tag-nestor-grindetti","tag-protesta-feriantes"],"_links":{"self":[{"href":"https:\/\/www.elsindical.com.ar\/notas\/wp-json\/wp\/v2\/posts\/96742","targetHints":{"allow":["GET"]}}],"collection":[{"href":"https:\/\/www.elsindical.com.ar\/notas\/wp-json\/wp\/v2\/posts"}],"about":[{"href":"https:\/\/www.elsindical.com.ar\/notas\/wp-json\/wp\/v2\/types\/post"}],"author":[{"embeddable":true,"href":"https:\/\/www.elsindical.com.ar\/notas\/wp-json\/wp\/v2\/users\/1"}],"replies":[{"embeddable":true,"href":"https:\/\/www.elsindical.com.ar\/notas\/wp-json\/wp\/v2\/comments?post=96742"}],"version-history":[{"count":1,"href":"https:\/\/www.elsindical.com.ar\/notas\/wp-json\/wp\/v2\/posts\/96742\/revisions"}],"predecessor-version":[{"id":96745,"href":"https:\/\/www.elsindical.com.ar\/notas\/wp-json\/wp\/v2\/posts\/96742\/revisions\/96745"}],"wp:featuredmedia":[{"embeddable":true,"href":"https:\/\/www.elsindical.com.ar\/notas\/wp-json\/wp\/v2\/media\/96743"}],"wp:attachment":[{"href":"https:\/\/www.elsindical.com.ar\/notas\/wp-json\/wp\/v2\/media?parent=96742"}],"wp:term":[{"taxonomy":"category","embeddable":true,"href":"https:\/\/www.elsindical.com.ar\/notas\/wp-json\/wp\/v2\/categories?post=96742"},{"taxonomy":"post_tag","embeddable":true,"href":"https:\/\/www.elsindical.com.ar\/notas\/wp-json\/wp\/v2\/tags?post=96742"}],"curies":[{"name":"wp","href":"https:\/\/api.w.org\/{rel}","templated":true}]}}