{"id":96714,"date":"2020-06-21T12:45:36","date_gmt":"2020-06-21T15:45:36","guid":{"rendered":"http:\/\/www.elsindical.com.ar\/notas\/?p=96714"},"modified":"2020-06-21T12:45:36","modified_gmt":"2020-06-21T15:45:36","slug":"avellaneda-la-rapida-accion-policial-y-judicial-permitio-esclarecer-un-robo-y-recuperar-los-objetos-robados","status":"publish","type":"post","link":"https:\/\/www.elsindical.com.ar\/notas\/avellaneda-la-rapida-accion-policial-y-judicial-permitio-esclarecer-un-robo-y-recuperar-los-objetos-robados\/","title":{"rendered":"Avellaneda: La r\u00e1pida acci\u00f3n policial y judicial permiti\u00f3 esclarecer un robo y recuperar los objetos robados"},"content":{"rendered":"\n<figure class=\"wp-block-image size-large\"><img loading=\"lazy\" decoding=\"async\" width=\"968\" height=\"472\" src=\"http:\/\/www.elsindical.com.ar\/notas\/var\/www\/html\/notas\/wp-content\/uploads\/2020\/06\/jidsaois.jpg\" alt=\"\" class=\"wp-image-96715\" srcset=\"https:\/\/www.elsindical.com.ar\/notas\/var\/www\/html\/notas\/wp-content\/uploads\/2020\/06\/jidsaois.jpg 968w, https:\/\/www.elsindical.com.ar\/notas\/var\/www\/html\/notas\/wp-content\/uploads\/2020\/06\/jidsaois-300x146.jpg 300w, https:\/\/www.elsindical.com.ar\/notas\/var\/www\/html\/notas\/wp-content\/uploads\/2020\/06\/jidsaois-768x374.jpg 768w, https:\/\/www.elsindical.com.ar\/notas\/var\/www\/html\/notas\/wp-content\/uploads\/2020\/06\/jidsaois-500x244.jpg 500w\" sizes=\"auto, (max-width: 968px) 100vw, 968px\" \/><\/figure>\n\n\n\n<p>  Hace mucho tiempo que los vecinos reclaman medidas m\u00e1s expeditivas de parte de la polic\u00eda y de la justicia que a veces demora con las medidas judiciales, generalmente los allanamientos, lo que hace que cuando se concretan no se recuperen los objetos y no se encuentren pruebas suficientes para procesar a los acusados.<\/p>\n\n\n\n<p> En este caso en particular, el robo a una comerciante de Sarand\u00ed, fue distinto, la Fiscal del caso consult\u00f3 con la Jueza de Garant\u00edas respecto de autorizar los allanamientos en urgencia por la ubicaci\u00f3n de uno de los celulares robados, esa medida que se encuentra contemplada en el C\u00f3digo Procesal Penal de la provincia de Buenos Aires, tipificado en el Art. 222, no requiere de la orden judicial previa, pero nunca est\u00e1 de m\u00e1s si en la demora no se perjudica el resultado buscado.<\/p>\n\n\n\n<p>El parte policial:<\/p>\n\n\n\n<p>CCAR. ALLANAMIENTOS DE URGENCIA POR ROBO CALIFICADO (ENTRADERA)<\/p>\n\n\n\n<p>SUPERINTENDENCIA REGI\u00d3N AMBA SUR I \u2013<br>ESTACI\u00d3N DE POLIC\u00cdA DEPARTAMENTAL DE SEGURIDAD AVELLANEDA \u2013<br>CRIA AVELLANEDA 5TA, WILDE.<br>FECHA: 20-06-2020.-<br>OBJETIVO: CCAR. ROBO CALIFICADO \u201cENTRADERA\u201d.-<br>LUGAR DEL HECHO: JUAN B. JUSTO 996 SARAND\u00cd, AVELLANEDA.<br>V\u00cdCTIMA: ROMINA S., arg, 31 a\u00f1os, comerciante.<br>APREHENDIDOS:<br>1.- C\u00c9SPEDES MIGUEL ARIEL, arg, 22 a\u00f1os, vendedor ambulante, Dlio. Sargento Cabral S\/Nro. y Neuqu\u00e9n de Villa Azul Bernal Quilmes.<br>2.- CARBALLO MARCELO ALEJANDRO, arg, 31 a\u00f1os, changar\u00edn, Dlio. Pasaje 3 Casa 9 de Villa Azul Wilde Avellaneda.-<br>3.- RIMBELITTI MAT\u00cdAS CARLOS, arg, 25 a\u00f1os, desocupado, Dlio. Pasaje 4 Casa 17 de Villa Azul Wilde Avellaneda.-<br>ELEMENTOS SECUESTRADOS:<br>1.- TV marca Hitachi de 40 \u201c.-<br>2.- TV marca Samsung de 40\u201d.-<br>3.- 9 Atados de cigarrillos de diferentes marcas.-<br>4.- 2 Tel\u00e9fonos celulares de diferentes marcas y modelos.-<br>5.- 4 Remeras de diferentes talles y motivos marca CARACRUZ.-<br>6.- 4 Pantalones de diferentes talles marca CARACRUZ.-<br>7.- 17 Buzos de diferentes talles marca CARACRUZ.-<br>8.- 13 Pares de zapatillas marca Nike.-<br>9.- 4 Chombas de diferentes talles marca CARACRUZ.-<br>(Todo lo nombrado a perteneciente a la Vtma).-<br>10.- Rev\u00f3lver marca Cold Cal. 38 SP Serie 161866 con 4 proyectiles intactos.-<br>11.- Pistol\u00f3n marca PVT Cal. 16 numeraci\u00f3n suprimida.-<\/p>\n\n\n\n<p>OBJETIVOS ALLANADOS DE URGENCIA:<br>1.- Pasaje 3 Casa 9 de Villa Azul, Wilde, Avellaneda.-<br>2.- Pasaje 4 Casa 17 de Villa Azul, Wilde, Avellaneda.-<br>S\u00cdNTESIS: Llevo a su conocimiento que a ra\u00edz de hecho de Robo en finca (entradera) en jurisdicci\u00f3n de Cr\u00eda Avellaneda 4ta Sarandi, por parte de 3 N.N masculinos y por seguimiento de GPS de uno de los tel\u00e9fonos celulares sustra\u00eddos a las victimas, se logr\u00f3 dar con los domicilios de los autores del hecho. Que mantenida comunicaci\u00f3n con la Dra. Solange C\u00c1CERES titular de la UFI 3 Polo Judicial Avellaneda \u2013 Dpto. Judicial Lomas de Zamora, quien previa consulta con la Dra. Brenda MADRY titular del Juzgado de Garant\u00edas Nro. 9 Sede Avellaneda y a tener del Art\u00edculo 59 inciso 1ro 2do P\u00e1rrafo del CPP, dispuso los ALLANAMIENTOS DE URGENCIA para con los domicilios sito en PASAJE 3 CASA 9 y Dlio sito en PASAJE 4 CASA 17 ambos de Villa Azul de Wilde \u2013 Avellaneda.- Que en el Dlio de Pasaje 3 Casa 9 de este medio, se procedi\u00f3 a la aprehensi\u00f3n de C\u00c9SPEDES MIGUEL ARIEL y de CARBALLO MARCELO ALEJANDRO, a quienes se les secuestr\u00f3: 2 TV Led, 2 Tel\u00e9fonos celulares, 4 Pares de Zapatillas marca Nike, 2 Remeras marca Caracruz, 1 Buzo marca Caracruz y 1 Chomba marca Caracruz (elementos pertenecientes a la Vtma) y en relaci\u00f3n al Dlio sito en Pasaje 4 Casa 17 de este medio, se procedi\u00f3 a la aprehensi\u00f3n de RIMBELITTI MATIAS CARLOS, donde se procedi\u00f3 al secuestro de: 16 Buzos marca Caracruz, 4 pantalones marca Caracruz, 3 chombas marca Caracruz, 2 remeras marca Caracruz y 9 atados de cigarrillos (elementos pertenecientes y sustra\u00eddos a la Vtma) como as\u00ed tambi\u00e9n se procedi\u00f3 al secuestro de: Rev\u00f3lver marca Cold Cal. 38 SPL Serie 161866 con 4 proyectiles intactos dentro de sus alv\u00e9olos almacenados y Un Pistol\u00f3n marca PVT Cal. 16 con numeraci\u00f3n suprimida, como tambi\u00e9n prendas de vestir de esta polic\u00eda como ser Gorra (quepi), Camisa, campera y Chaleco refractario naranja todo con escudo de color dorado de esta polic\u00eda.- Mantenida nueva comunicaci\u00f3n con la Dra. C\u00c1CERES quien interiorizada de los pormenores, dispuso la APREHENSI\u00d3N de C\u00c9SPEDES MIGUEL, CARBALLO MARCELO y de RIMBELITTI MAT\u00cdAS en orden al delito de ROBO CALIFICADO (ENTRADERA) POR EL USO DE ARMA DE FUEGO Y EN POBLADO Y EN BANDA \u2013 TENENCIA ILEGAL DE ARMA DE GUERRA Y TENENCIA ILEGAL DE ARMA DE USO CIVIL, y dem\u00e1s diligencias de rigor.- Fdo. JAVIER GONERODOSQUI \u2013 SUBCOMISARIO \u2013 JEFE DE DEPENDENCIA.-<\/p>\n\n\n\n<figure class=\"wp-block-gallery columns-1 is-cropped wp-block-gallery-1 is-layout-flex wp-block-gallery-is-layout-flex\"><ul class=\"blocks-gallery-grid\"><li class=\"blocks-gallery-item\"><figure><img loading=\"lazy\" decoding=\"async\" width=\"572\" height=\"736\" src=\"http:\/\/www.elsindical.com.ar\/notas\/var\/www\/html\/notas\/wp-content\/uploads\/2020\/06\/jIAJSIA.jpg\" alt=\"\" data-id=\"96716\" data-full-url=\"http:\/\/www.elsindical.com.ar\/notas\/var\/www\/html\/notas\/wp-content\/uploads\/2020\/06\/jIAJSIA.jpg\" data-link=\"http:\/\/www.elsindical.com.ar\/notas\/?attachment_id=96716#main\" class=\"wp-image-96716\" srcset=\"https:\/\/www.elsindical.com.ar\/notas\/var\/www\/html\/notas\/wp-content\/uploads\/2020\/06\/jIAJSIA.jpg 572w, https:\/\/www.elsindical.com.ar\/notas\/var\/www\/html\/notas\/wp-content\/uploads\/2020\/06\/jIAJSIA-233x300.jpg 233w\" sizes=\"auto, (max-width: 572px) 100vw, 572px\" \/><\/figure><\/li><li class=\"blocks-gallery-item\"><figure><img loading=\"lazy\" decoding=\"async\" width=\"999\" height=\"722\" src=\"http:\/\/www.elsindical.com.ar\/notas\/var\/www\/html\/notas\/wp-content\/uploads\/2020\/06\/jodisjisa.jpg\" alt=\"\" data-id=\"96717\" data-full-url=\"http:\/\/www.elsindical.com.ar\/notas\/var\/www\/html\/notas\/wp-content\/uploads\/2020\/06\/jodisjisa.jpg\" data-link=\"http:\/\/www.elsindical.com.ar\/notas\/?attachment_id=96717#main\" class=\"wp-image-96717\" srcset=\"https:\/\/www.elsindical.com.ar\/notas\/var\/www\/html\/notas\/wp-content\/uploads\/2020\/06\/jodisjisa.jpg 999w, https:\/\/www.elsindical.com.ar\/notas\/var\/www\/html\/notas\/wp-content\/uploads\/2020\/06\/jodisjisa-300x217.jpg 300w, https:\/\/www.elsindical.com.ar\/notas\/var\/www\/html\/notas\/wp-content\/uploads\/2020\/06\/jodisjisa-768x555.jpg 768w, https:\/\/www.elsindical.com.ar\/notas\/var\/www\/html\/notas\/wp-content\/uploads\/2020\/06\/jodisjisa-415x300.jpg 415w\" sizes=\"auto, (max-width: 999px) 100vw, 999px\" \/><\/figure><\/li><li class=\"blocks-gallery-item\"><figure><img loading=\"lazy\" decoding=\"async\" width=\"923\" height=\"469\" src=\"http:\/\/www.elsindical.com.ar\/notas\/var\/www\/html\/notas\/wp-content\/uploads\/2020\/06\/iadjiww.jpg\" alt=\"\" data-id=\"96718\" data-full-url=\"http:\/\/www.elsindical.com.ar\/notas\/var\/www\/html\/notas\/wp-content\/uploads\/2020\/06\/iadjiww.jpg\" data-link=\"http:\/\/www.elsindical.com.ar\/notas\/?attachment_id=96718#main\" class=\"wp-image-96718\" srcset=\"https:\/\/www.elsindical.com.ar\/notas\/var\/www\/html\/notas\/wp-content\/uploads\/2020\/06\/iadjiww.jpg 923w, https:\/\/www.elsindical.com.ar\/notas\/var\/www\/html\/notas\/wp-content\/uploads\/2020\/06\/iadjiww-300x152.jpg 300w, https:\/\/www.elsindical.com.ar\/notas\/var\/www\/html\/notas\/wp-content\/uploads\/2020\/06\/iadjiww-768x390.jpg 768w, https:\/\/www.elsindical.com.ar\/notas\/var\/www\/html\/notas\/wp-content\/uploads\/2020\/06\/iadjiww-500x254.jpg 500w\" sizes=\"auto, (max-width: 923px) 100vw, 923px\" \/><\/figure><\/li><li class=\"blocks-gallery-item\"><figure><img loading=\"lazy\" decoding=\"async\" width=\"993\" height=\"728\" src=\"http:\/\/www.elsindical.com.ar\/notas\/var\/www\/html\/notas\/wp-content\/uploads\/2020\/06\/dhaois.jpg\" alt=\"\" data-id=\"96719\" data-full-url=\"http:\/\/www.elsindical.com.ar\/notas\/var\/www\/html\/notas\/wp-content\/uploads\/2020\/06\/dhaois.jpg\" data-link=\"http:\/\/www.elsindical.com.ar\/notas\/?attachment_id=96719#main\" class=\"wp-image-96719\" srcset=\"https:\/\/www.elsindical.com.ar\/notas\/var\/www\/html\/notas\/wp-content\/uploads\/2020\/06\/dhaois.jpg 993w, https:\/\/www.elsindical.com.ar\/notas\/var\/www\/html\/notas\/wp-content\/uploads\/2020\/06\/dhaois-300x220.jpg 300w, https:\/\/www.elsindical.com.ar\/notas\/var\/www\/html\/notas\/wp-content\/uploads\/2020\/06\/dhaois-768x563.jpg 768w, https:\/\/www.elsindical.com.ar\/notas\/var\/www\/html\/notas\/wp-content\/uploads\/2020\/06\/dhaois-409x300.jpg 409w\" sizes=\"auto, (max-width: 993px) 100vw, 993px\" \/><\/figure><\/li><li class=\"blocks-gallery-item\"><figure><img loading=\"lazy\" decoding=\"async\" width=\"965\" height=\"469\" src=\"http:\/\/www.elsindical.com.ar\/notas\/var\/www\/html\/notas\/wp-content\/uploads\/2020\/06\/jadissa.jpg\" alt=\"\" data-id=\"96720\" data-full-url=\"http:\/\/www.elsindical.com.ar\/notas\/var\/www\/html\/notas\/wp-content\/uploads\/2020\/06\/jadissa.jpg\" data-link=\"http:\/\/www.elsindical.com.ar\/notas\/?attachment_id=96720#main\" class=\"wp-image-96720\" srcset=\"https:\/\/www.elsindical.com.ar\/notas\/var\/www\/html\/notas\/wp-content\/uploads\/2020\/06\/jadissa.jpg 965w, https:\/\/www.elsindical.com.ar\/notas\/var\/www\/html\/notas\/wp-content\/uploads\/2020\/06\/jadissa-300x146.jpg 300w, https:\/\/www.elsindical.com.ar\/notas\/var\/www\/html\/notas\/wp-content\/uploads\/2020\/06\/jadissa-768x373.jpg 768w, https:\/\/www.elsindical.com.ar\/notas\/var\/www\/html\/notas\/wp-content\/uploads\/2020\/06\/jadissa-500x243.jpg 500w\" sizes=\"auto, (max-width: 965px) 100vw, 965px\" \/><\/figure><\/li><li class=\"blocks-gallery-item\"><figure><img loading=\"lazy\" decoding=\"async\" width=\"575\" height=\"759\" src=\"http:\/\/www.elsindical.com.ar\/notas\/var\/www\/html\/notas\/wp-content\/uploads\/2020\/06\/iadjodw.jpg\" alt=\"\" data-id=\"96721\" data-full-url=\"http:\/\/www.elsindical.com.ar\/notas\/var\/www\/html\/notas\/wp-content\/uploads\/2020\/06\/iadjodw.jpg\" data-link=\"http:\/\/www.elsindical.com.ar\/notas\/?attachment_id=96721#main\" class=\"wp-image-96721\" srcset=\"https:\/\/www.elsindical.com.ar\/notas\/var\/www\/html\/notas\/wp-content\/uploads\/2020\/06\/iadjodw.jpg 575w, https:\/\/www.elsindical.com.ar\/notas\/var\/www\/html\/notas\/wp-content\/uploads\/2020\/06\/iadjodw-227x300.jpg 227w\" sizes=\"auto, (max-width: 575px) 100vw, 575px\" \/><\/figure><\/li><li class=\"blocks-gallery-item\"><figure><img loading=\"lazy\" decoding=\"async\" width=\"435\" height=\"652\" src=\"http:\/\/www.elsindical.com.ar\/notas\/var\/www\/html\/notas\/wp-content\/uploads\/2020\/06\/jasijds.jpg\" alt=\"\" data-id=\"96722\" data-full-url=\"http:\/\/www.elsindical.com.ar\/notas\/var\/www\/html\/notas\/wp-content\/uploads\/2020\/06\/jasijds.jpg\" data-link=\"http:\/\/www.elsindical.com.ar\/notas\/?attachment_id=96722#main\" class=\"wp-image-96722\" srcset=\"https:\/\/www.elsindical.com.ar\/notas\/var\/www\/html\/notas\/wp-content\/uploads\/2020\/06\/jasijds.jpg 435w, https:\/\/www.elsindical.com.ar\/notas\/var\/www\/html\/notas\/wp-content\/uploads\/2020\/06\/jasijds-200x300.jpg 200w\" sizes=\"auto, (max-width: 435px) 100vw, 435px\" \/><\/figure><\/li><li class=\"blocks-gallery-item\"><figure><img loading=\"lazy\" decoding=\"async\" width=\"436\" height=\"676\" src=\"http:\/\/www.elsindical.com.ar\/notas\/var\/www\/html\/notas\/wp-content\/uploads\/2020\/06\/idajoiss.jpg\" alt=\"\" data-id=\"96723\" data-full-url=\"http:\/\/www.elsindical.com.ar\/notas\/var\/www\/html\/notas\/wp-content\/uploads\/2020\/06\/idajoiss.jpg\" data-link=\"http:\/\/www.elsindical.com.ar\/notas\/?attachment_id=96723#main\" class=\"wp-image-96723\" srcset=\"https:\/\/www.elsindical.com.ar\/notas\/var\/www\/html\/notas\/wp-content\/uploads\/2020\/06\/idajoiss.jpg 436w, https:\/\/www.elsindical.com.ar\/notas\/var\/www\/html\/notas\/wp-content\/uploads\/2020\/06\/idajoiss-193x300.jpg 193w\" sizes=\"auto, (max-width: 436px) 100vw, 436px\" \/><\/figure><\/li><\/ul><\/figure>\n","protected":false},"excerpt":{"rendered":"<p>Hace mucho tiempo que los vecinos reclaman medidas m\u00e1s expeditivas de parte de la polic\u00eda y de la justicia que a veces demora con las medidas judiciales, generalmente los allanamientos, lo que hace que cuando se concretan no se recuperen los objetos y no se encuentren pruebas suficientes para procesar a los acusados. En este&hellip;<\/p>\n","protected":false},"author":1,"featured_media":96715,"comment_status":"open","ping_status":"open","sticky":false,"template":"","format":"standard","meta":{"footnotes":""},"categories":[22],"tags":[461,11792,33202,684,23030,32891,15539,882],"class_list":["post-96714","post","type-post","status-publish","format-standard","has-post-thumbnail","hentry","category-policiales","tag-avellaneda","tag-entradera","tag-fiscal-caceres-solange","tag-quilmes","tag-robo-agravado-en-banda-y-en-poblado","tag-superintendente-javier-carlos-villar","tag-villa-azul","tag-wilde"],"_links":{"self":[{"href":"https:\/\/www.elsindical.com.ar\/notas\/wp-json\/wp\/v2\/posts\/96714","targetHints":{"allow":["GET"]}}],"collection":[{"href":"https:\/\/www.elsindical.com.ar\/notas\/wp-json\/wp\/v2\/posts"}],"about":[{"href":"https:\/\/www.elsindical.com.ar\/notas\/wp-json\/wp\/v2\/types\/post"}],"author":[{"embeddable":true,"href":"https:\/\/www.elsindical.com.ar\/notas\/wp-json\/wp\/v2\/users\/1"}],"replies":[{"embeddable":true,"href":"https:\/\/www.elsindical.com.ar\/notas\/wp-json\/wp\/v2\/comments?post=96714"}],"version-history":[{"count":1,"href":"https:\/\/www.elsindical.com.ar\/notas\/wp-json\/wp\/v2\/posts\/96714\/revisions"}],"predecessor-version":[{"id":96724,"href":"https:\/\/www.elsindical.com.ar\/notas\/wp-json\/wp\/v2\/posts\/96714\/revisions\/96724"}],"wp:featuredmedia":[{"embeddable":true,"href":"https:\/\/www.elsindical.com.ar\/notas\/wp-json\/wp\/v2\/media\/96715"}],"wp:attachment":[{"href":"https:\/\/www.elsindical.com.ar\/notas\/wp-json\/wp\/v2\/media?parent=96714"}],"wp:term":[{"taxonomy":"category","embeddable":true,"href":"https:\/\/www.elsindical.com.ar\/notas\/wp-json\/wp\/v2\/categories?post=96714"},{"taxonomy":"post_tag","embeddable":true,"href":"https:\/\/www.elsindical.com.ar\/notas\/wp-json\/wp\/v2\/tags?post=96714"}],"curies":[{"name":"wp","href":"https:\/\/api.w.org\/{rel}","templated":true}]}}