{"id":96689,"date":"2020-06-20T15:56:25","date_gmt":"2020-06-20T18:56:25","guid":{"rendered":"http:\/\/www.elsindical.com.ar\/notas\/?p=96689"},"modified":"2020-06-20T15:56:25","modified_gmt":"2020-06-20T18:56:25","slug":"avellaneda-comerciantes-violan-la-ley-con-impunidad","status":"publish","type":"post","link":"https:\/\/www.elsindical.com.ar\/notas\/avellaneda-comerciantes-violan-la-ley-con-impunidad\/","title":{"rendered":"Avellaneda: Comerciantes violan la Ley con impunidad"},"content":{"rendered":"\n<div class=\"wp-block-image\"><figure class=\"aligncenter size-large\"><img loading=\"lazy\" decoding=\"async\" width=\"407\" height=\"563\" src=\"http:\/\/www.elsindical.com.ar\/notas\/var\/www\/html\/notas\/wp-content\/uploads\/2020\/06\/comercio-de-Wilde-infracci\u00f3n.jpg\" alt=\"\" class=\"wp-image-96690\" srcset=\"https:\/\/www.elsindical.com.ar\/notas\/var\/www\/html\/notas\/wp-content\/uploads\/2020\/06\/comercio-de-Wilde-infracci\u00f3n.jpg 407w, https:\/\/www.elsindical.com.ar\/notas\/var\/www\/html\/notas\/wp-content\/uploads\/2020\/06\/comercio-de-Wilde-infracci\u00f3n-217x300.jpg 217w\" sizes=\"auto, (max-width: 407px) 100vw, 407px\" \/><\/figure><\/div>\n\n\n\n<p>    Las medidas contradictorias que el municipio de Avellaneda aplica, han generado una curiosa situaci\u00f3n en la cual, no se controla nada, lo hemos dicho y volvemos a repetirlo, el \u00fanico responsable de que no se cumpla con la cuarentena es el intendente Jorge Ferraresi.<\/p>\n\n\n\n<p>Por las redes sociales los vecinos se van sumando a las criticas que se le hacen a la gesti\u00f3n que en el caso del COVID-19 es muy mal y ha dejado el descubierto la corrupci\u00f3n municipal.<\/p>\n\n\n\n<p>Los vecinos responsables denuncian que nadie se hace cargo de controlar y clausurar a los que violan a diario la cuarentena y que por su ambici\u00f3n o estupidez, ponen en riesgo a la comunidad, hay p\u00edcaros en todos los barrios y las acciones del municipio son err\u00e1ticas y muy dudosas, mientras que en Gerli se denunci\u00f3 a una profesora de gimnasia por dar turnos a clientes, y se intimo a no citar a nadie en el gimnasio, peluquer\u00edas y barber\u00edas atienden persianas bajas a m\u00e1s de un cliente y sin protocolo alguno.<\/p>\n\n\n\n<p>En Sarand\u00ed un gimnasio hace pasar a sus clientes y persianas bajas dentro del mismo no hay l\u00edmite de clientes, as\u00ed de irresponsables y criminales son algunos comerciantes, pero gran parte le corresponde a sus clientes que deben responder ante la justicia por el mismo delito, as\u00ed que lectores, si ven incumplimiento de la cuarentena, tomen fotos de los clientes tambi\u00e9n.<\/p>\n\n\n\n<p>En Wilde un comercio que se encontraba abierto fue advertido por personal de Cuidadores Ciudadanos y ante la advertencia su due\u00f1o tuvo una reacci\u00f3n que debe ser erradicada, si est\u00e1s en falta, si no cumpl\u00eds la Ley corresponde una sanci\u00f3n, es de un payaso hacer amenazas y hablar de ir a la justicia cuando sos justamente el que debe ir en condici\u00f3n de procesado.<\/p>\n\n\n\n<p>Esta nota es para felicitar a las dos mujeres de Cuidadores Ciudadanos, porque le\u00ed muchas criticas e insultos de est\u00fapidos que hacen pol\u00edtica con una pandemia, cuando por una vez uno ve que hacen bien su trabajo, al que no le gusta las medidas que se aguante o vaya a la justicia a hacer valer sus motivos.<\/p>\n\n\n\n<p>Pero insisto, el municipio es el principal responsable de los contagios en Avellaneda, es poco serio culpar a los vecinos de ser irresponsables o decir que cada uno es libre de elegir, si as\u00ed fuera entonces no tiene sentido el Decreto Presidencial que impuso y los que prorrogaron la cuarentena, mientras sigan violando la Ley, seguir\u00e9 reclamando el cumplimiento y la sanci\u00f3n para los que nos exponen a todos.<\/p>\n\n\n\n<p>Por Marcelo Ricardo Hawrylciw<\/p>\n\n\n\n<iframe loading=\"lazy\" width=\"580\" height=\"420\" src=\"https:\/\/www.youtube.com\/embed\/TmiQq7RhSb8\" frameborder=\"0\" allow=\"accelerometer; autoplay; encrypted-media; gyroscope; picture-in-picture\" allowfullscreen><\/iframe>\n","protected":false},"excerpt":{"rendered":"<p>Las medidas contradictorias que el municipio de Avellaneda aplica, han generado una curiosa situaci\u00f3n en la cual, no se controla nada, lo hemos dicho y volvemos a repetirlo, el \u00fanico responsable de que no se cumpla con la cuarentena es el intendente Jorge Ferraresi. Por las redes sociales los vecinos se van sumando a las&hellip;<\/p>\n","protected":false},"author":1,"featured_media":96690,"comment_status":"open","ping_status":"open","sticky":false,"template":"","format":"standard","meta":{"footnotes":""},"categories":[10],"tags":[461,32627,32669,29797,2450,1662,2509,1062,32684,2330],"class_list":["post-96689","post","type-post","status-publish","format-standard","has-post-thumbnail","hentry","category-editorial","tag-avellaneda","tag-covid-19","tag-cuarentena","tag-cuidadores-ciudadanos","tag-diario-el-sindical","tag-gerli","tag-infracciones","tag-jorge-ferraresi","tag-peluquerias","tag-sarandi"],"_links":{"self":[{"href":"https:\/\/www.elsindical.com.ar\/notas\/wp-json\/wp\/v2\/posts\/96689","targetHints":{"allow":["GET"]}}],"collection":[{"href":"https:\/\/www.elsindical.com.ar\/notas\/wp-json\/wp\/v2\/posts"}],"about":[{"href":"https:\/\/www.elsindical.com.ar\/notas\/wp-json\/wp\/v2\/types\/post"}],"author":[{"embeddable":true,"href":"https:\/\/www.elsindical.com.ar\/notas\/wp-json\/wp\/v2\/users\/1"}],"replies":[{"embeddable":true,"href":"https:\/\/www.elsindical.com.ar\/notas\/wp-json\/wp\/v2\/comments?post=96689"}],"version-history":[{"count":1,"href":"https:\/\/www.elsindical.com.ar\/notas\/wp-json\/wp\/v2\/posts\/96689\/revisions"}],"predecessor-version":[{"id":96691,"href":"https:\/\/www.elsindical.com.ar\/notas\/wp-json\/wp\/v2\/posts\/96689\/revisions\/96691"}],"wp:featuredmedia":[{"embeddable":true,"href":"https:\/\/www.elsindical.com.ar\/notas\/wp-json\/wp\/v2\/media\/96690"}],"wp:attachment":[{"href":"https:\/\/www.elsindical.com.ar\/notas\/wp-json\/wp\/v2\/media?parent=96689"}],"wp:term":[{"taxonomy":"category","embeddable":true,"href":"https:\/\/www.elsindical.com.ar\/notas\/wp-json\/wp\/v2\/categories?post=96689"},{"taxonomy":"post_tag","embeddable":true,"href":"https:\/\/www.elsindical.com.ar\/notas\/wp-json\/wp\/v2\/tags?post=96689"}],"curies":[{"name":"wp","href":"https:\/\/api.w.org\/{rel}","templated":true}]}}