{"id":96658,"date":"2020-06-19T00:27:38","date_gmt":"2020-06-19T03:27:38","guid":{"rendered":"http:\/\/www.elsindical.com.ar\/notas\/?p=96658"},"modified":"2020-06-19T00:27:38","modified_gmt":"2020-06-19T03:27:38","slug":"avellaneda-se-detectaron-71-nuevos-casos-de-covid-19","status":"publish","type":"post","link":"https:\/\/www.elsindical.com.ar\/notas\/avellaneda-se-detectaron-71-nuevos-casos-de-covid-19\/","title":{"rendered":"Avellaneda: Se detectaron 71 nuevos casos de Covid-19"},"content":{"rendered":"\n<figure class=\"wp-block-image size-large\"><img loading=\"lazy\" decoding=\"async\" width=\"744\" height=\"744\" src=\"http:\/\/www.elsindical.com.ar\/notas\/var\/www\/html\/notas\/wp-content\/uploads\/2020\/06\/Ferraresi-COVID-Avell.jpg\" alt=\"\" class=\"wp-image-96659\" srcset=\"https:\/\/www.elsindical.com.ar\/notas\/var\/www\/html\/notas\/wp-content\/uploads\/2020\/06\/Ferraresi-COVID-Avell.jpg 744w, https:\/\/www.elsindical.com.ar\/notas\/var\/www\/html\/notas\/wp-content\/uploads\/2020\/06\/Ferraresi-COVID-Avell-300x300.jpg 300w, https:\/\/www.elsindical.com.ar\/notas\/var\/www\/html\/notas\/wp-content\/uploads\/2020\/06\/Ferraresi-COVID-Avell-150x150.jpg 150w, https:\/\/www.elsindical.com.ar\/notas\/var\/www\/html\/notas\/wp-content\/uploads\/2020\/06\/Ferraresi-COVID-Avell-50x50.jpg 50w\" sizes=\"auto, (max-width: 744px) 100vw, 744px\" \/><\/figure>\n\n\n\n<p class=\"wp-block-paragraph\">El Ministerio de Salud bonaerense indic\u00f3 que son 1.093 los infectados en el distrito. Adem\u00e1s, 143 pacientes fueron dados de alta.<\/p>\n\n\n\n<p class=\"wp-block-paragraph\">En Avellaneda contin\u00faan en aumento los casos registrados de coronavirus. El Ministerio de Salud de la provincia de Buenos Aires inform\u00f3 que en las \u00faltimas horas se produjeron 71 contagios por lo que suman 1.093 los positivos.<\/p>\n\n\n\n<p class=\"wp-block-paragraph\">Seg\u00fan la \u00faltima actualizaci\u00f3n de la \u201csala de situaci\u00f3n\u201d publicada en la p\u00e1gina de la cartera sanitaria bonaerense, 143 vecinos se recuperaron y 3.856 fueron testeados. Los fallecidos son 19, con una tasa de letalidad de 1,74 por ciento.<\/p>\n\n\n\n<p class=\"wp-block-paragraph\">El 60,9 por ciento de los contagios fueron por transmisi\u00f3n comunitaria, 21,9 por ciento est\u00e1n en investigaci\u00f3n, 11,2 por ciento fueron por contacto y 5,8 por ciento corresponde a trabajadores de la salud.<\/p>\n\n\n\n<p class=\"wp-block-paragraph\">En tanto, entre los infectados figuran 68 menores de 10 a\u00f1os y 141 mayores de 60 a\u00f1os, el grupo de mayor riesgo.<\/p>\n\n\n\n<p class=\"wp-block-paragraph\"><\/p>\n","protected":false},"excerpt":{"rendered":"<p>El Ministerio de Salud bonaerense indic\u00f3 que son 1.093 los infectados en el distrito. Adem\u00e1s, 143 pacientes fueron dados de alta. En Avellaneda contin\u00faan en aumento los casos registrados de coronavirus. El Ministerio de Salud de la provincia de Buenos Aires inform\u00f3 que en las \u00faltimas horas se produjeron 71 contagios por lo que suman&hellip;<\/p>\n","protected":false},"author":1,"featured_media":96659,"comment_status":"open","ping_status":"open","sticky":false,"template":"","format":"standard","meta":{"footnotes":""},"categories":[23],"tags":[461,19938,32346,32627,2450,1062],"class_list":["post-96658","post","type-post","status-publish","format-standard","has-post-thumbnail","hentry","category-salud","tag-avellaneda","tag-contagios","tag-coronavirus","tag-covid-19","tag-diario-el-sindical","tag-jorge-ferraresi"],"_links":{"self":[{"href":"https:\/\/www.elsindical.com.ar\/notas\/wp-json\/wp\/v2\/posts\/96658","targetHints":{"allow":["GET"]}}],"collection":[{"href":"https:\/\/www.elsindical.com.ar\/notas\/wp-json\/wp\/v2\/posts"}],"about":[{"href":"https:\/\/www.elsindical.com.ar\/notas\/wp-json\/wp\/v2\/types\/post"}],"author":[{"embeddable":true,"href":"https:\/\/www.elsindical.com.ar\/notas\/wp-json\/wp\/v2\/users\/1"}],"replies":[{"embeddable":true,"href":"https:\/\/www.elsindical.com.ar\/notas\/wp-json\/wp\/v2\/comments?post=96658"}],"version-history":[{"count":1,"href":"https:\/\/www.elsindical.com.ar\/notas\/wp-json\/wp\/v2\/posts\/96658\/revisions"}],"predecessor-version":[{"id":96660,"href":"https:\/\/www.elsindical.com.ar\/notas\/wp-json\/wp\/v2\/posts\/96658\/revisions\/96660"}],"wp:featuredmedia":[{"embeddable":true,"href":"https:\/\/www.elsindical.com.ar\/notas\/wp-json\/wp\/v2\/media\/96659"}],"wp:attachment":[{"href":"https:\/\/www.elsindical.com.ar\/notas\/wp-json\/wp\/v2\/media?parent=96658"}],"wp:term":[{"taxonomy":"category","embeddable":true,"href":"https:\/\/www.elsindical.com.ar\/notas\/wp-json\/wp\/v2\/categories?post=96658"},{"taxonomy":"post_tag","embeddable":true,"href":"https:\/\/www.elsindical.com.ar\/notas\/wp-json\/wp\/v2\/tags?post=96658"}],"curies":[{"name":"wp","href":"https:\/\/api.w.org\/{rel}","templated":true}]}}