{"id":96570,"date":"2020-06-17T00:58:40","date_gmt":"2020-06-17T03:58:40","guid":{"rendered":"http:\/\/www.elsindical.com.ar\/notas\/?p=96570"},"modified":"2020-06-17T00:58:40","modified_gmt":"2020-06-17T03:58:40","slug":"acumar-detecto-una-violacion-de-clausura-en-una-planta-industrial-y-trabajo-en-la-limpieza-de-una-mancha-de-hidrocarburos-sobre-el-rio","status":"publish","type":"post","link":"https:\/\/www.elsindical.com.ar\/notas\/acumar-detecto-una-violacion-de-clausura-en-una-planta-industrial-y-trabajo-en-la-limpieza-de-una-mancha-de-hidrocarburos-sobre-el-rio\/","title":{"rendered":"ACUMAR detect\u00f3 una violaci\u00f3n de clausura en una planta industrial y trabaj\u00f3 en la limpieza de una mancha de hidrocarburos sobre el r\u00edo"},"content":{"rendered":"\n<figure class=\"wp-block-image size-large is-resized\"><img loading=\"lazy\" decoding=\"async\" src=\"http:\/\/www.elsindical.com.ar\/notas\/var\/www\/html\/notas\/wp-content\/uploads\/2020\/06\/16063...jpg\" alt=\"\" class=\"wp-image-96571\" width=\"591\" height=\"321\" srcset=\"https:\/\/www.elsindical.com.ar\/notas\/var\/www\/html\/notas\/wp-content\/uploads\/2020\/06\/16063...jpg 660w, https:\/\/www.elsindical.com.ar\/notas\/var\/www\/html\/notas\/wp-content\/uploads\/2020\/06\/16063..-300x163.jpg 300w, https:\/\/www.elsindical.com.ar\/notas\/var\/www\/html\/notas\/wp-content\/uploads\/2020\/06\/16063..-500x272.jpg 500w\" sizes=\"auto, (max-width: 591px) 100vw, 591px\" \/><\/figure>\n\n\n\n<p class=\"wp-block-paragraph\">A ra\u00edz de una denuncia, la Autoridad de Cuenca Matanza Riachuelo realiz\u00f3 una inspecci\u00f3n a la altura de Puente Alsina y clausur\u00f3 una empresa que estaba funcionando de manera irregular. Ademas, se trabaj\u00f3 en la limpieza de un vuelco clandestino que gener\u00f3 una mancha de hidrocarburo sobre el r\u00edo.<\/p>\n\n\n\n<p class=\"wp-block-paragraph\">El martes de la semana pasada un grupo de vecinas y vecinos, junto a organizaciones sociales, denunciaron a trav\u00e9s del formulario disponible en la p\u00e1gina web de<strong> ACUMAR<\/strong>, la presencia de fuertes olores a combustible que se concentraban en torno al meandro de Brian, las calles San Blas y Tres Rosas, a la altura de la Villa 21-24, en el barrio de Barracas de la Ciudad Aut\u00f3noma de Buenos Aires.<\/p>\n\n\n\n<p class=\"wp-block-paragraph\">Tras esta situaci\u00f3n, el personal de la Direcci\u00f3n de Fiscalizaci\u00f3n y Adecuaci\u00f3n Ambiental de <strong>ACUMAR<\/strong>, realiz\u00f3 un operativo en conjunto con Prefectura Naval Argentina y la Polic\u00eda Ecol\u00f3gica de la provincia de Buenos Aires, en el barrio de Valent\u00edn Alsina, en el cual detect\u00f3 la violaci\u00f3n de clausura de la firma, Energ\u00eda Renovable para un Mundo Mejor SRL.<\/p>\n\n\n\n<p class=\"wp-block-paragraph\">Durante la recorrida por la planta industrial, que se dedica a la obtenci\u00f3n de materia prima utilizada para la elaboraci\u00f3n de combustibles alternativos, encontraron varias irregularidades referidas al almacenamiento de sebo de segunda y al estado de las canaletas internas, que conten\u00edan grasa en su interior y vertida en suelo natural.<\/p>\n\n\n\n<p class=\"wp-block-paragraph\">Por esta raz\u00f3n se procedi\u00f3 a clausurar parte de la planta, con la colocaci\u00f3n de los sellos y precintos correspondientes, lo que impedir\u00e1 la puesta en marcha del establecimiento hasta tanto regularice su situaci\u00f3n.<\/p>\n\n\n\n<p class=\"wp-block-paragraph\">Adem\u00e1s la ma\u00f1ana del s\u00e1bado 13, el Comit\u00e9 de Emergencia de <strong>ACUMAR<\/strong>, trabaj\u00f3 en la limpieza de un vuelco clandestino que gener\u00f3 una mancha de hidrocarburo sobre el r\u00edo, la misma lleg\u00f3 a tener una extensi\u00f3n de 800 metros sobre el cauce del Riachuelo. Finalmente los residuos fueron controlados por los sistemas de retenci\u00f3n con mangas que <strong>ACUMAR<\/strong> dispone en sus instalaciones del Puente Bosh, entre Barracas y Avellaneda.<\/p>\n\n\n\n<p class=\"wp-block-paragraph\">El Comit\u00e9 de Emergencia, articula con los equipos de salud, fiscalizaci\u00f3n, recursos h\u00eddricos, prevenci\u00f3n y residuos, e implementan los protocolos correspondientes con recursos t\u00e9cnicos y econ\u00f3micos en articulaci\u00f3n interinstitucional. De esta manera, a trav\u00e9s del trabajo ejecutado por empresas ambientales contratadas por <strong>ACUMAR<\/strong>, que con maniobras de elevaci\u00f3n de residuos impregnados de combustible vertido y de bombeo del l\u00edquido, se logr\u00f3 la limpieza del espejo de agua evitando que la mayor parte del residuo llegue al R\u00edo de la Plata.<\/p>\n\n\n\n<p class=\"wp-block-paragraph\">Pod\u00e9s ver m\u00e1s en <a rel=\"noreferrer noopener\" href=\"https:\/\/acumar.tr.pemsv30.net\/c\/eyJhIjoiYWN1bWFyIiwibSI6Im1haWxfY2tiaWpqZG11Nm80bDA3NDJjcjdmMXF0ZCIsImwiOiJsaW5rXzFlYWM5YWE5NzVlZjYzOTg4ZGNmMTg3MTAyZjNjMzUzNjk1ODMzYmIiLCJpIjpbXSwidSI6Imh0dHA6Ly93d3cuYWN1bWFyLmdvYi5hci8uIiwiYyI6IiIsImgiOiIwM2M4YmUifQ\" target=\"_blank\">http:\/\/www.acumar.gob.ar\/.<\/a><\/p>\n\n\n\n<figure class=\"wp-block-gallery columns-1 is-cropped wp-block-gallery-1 is-layout-flex wp-block-gallery-is-layout-flex\"><ul class=\"blocks-gallery-grid\"><li class=\"blocks-gallery-item\"><figure><img loading=\"lazy\" decoding=\"async\" width=\"660\" height=\"362\" src=\"http:\/\/www.elsindical.com.ar\/notas\/var\/www\/html\/notas\/wp-content\/uploads\/2020\/06\/16064...jpg\" alt=\"\" data-id=\"96572\" data-full-url=\"http:\/\/www.elsindical.com.ar\/notas\/var\/www\/html\/notas\/wp-content\/uploads\/2020\/06\/16064...jpg\" data-link=\"http:\/\/www.elsindical.com.ar\/notas\/?attachment_id=96572#main\" class=\"wp-image-96572\" srcset=\"https:\/\/www.elsindical.com.ar\/notas\/var\/www\/html\/notas\/wp-content\/uploads\/2020\/06\/16064...jpg 660w, https:\/\/www.elsindical.com.ar\/notas\/var\/www\/html\/notas\/wp-content\/uploads\/2020\/06\/16064..-300x165.jpg 300w, https:\/\/www.elsindical.com.ar\/notas\/var\/www\/html\/notas\/wp-content\/uploads\/2020\/06\/16064..-500x274.jpg 500w\" sizes=\"auto, (max-width: 660px) 100vw, 660px\" \/><\/figure><\/li><li class=\"blocks-gallery-item\"><figure><img loading=\"lazy\" decoding=\"async\" width=\"660\" height=\"440\" src=\"http:\/\/www.elsindical.com.ar\/notas\/var\/www\/html\/notas\/wp-content\/uploads\/2020\/06\/16062.png\" alt=\"\" data-id=\"96573\" data-full-url=\"http:\/\/www.elsindical.com.ar\/notas\/var\/www\/html\/notas\/wp-content\/uploads\/2020\/06\/16062.png\" data-link=\"http:\/\/www.elsindical.com.ar\/notas\/?attachment_id=96573#main\" class=\"wp-image-96573\" srcset=\"https:\/\/www.elsindical.com.ar\/notas\/var\/www\/html\/notas\/wp-content\/uploads\/2020\/06\/16062.png 660w, https:\/\/www.elsindical.com.ar\/notas\/var\/www\/html\/notas\/wp-content\/uploads\/2020\/06\/16062-300x200.png 300w, https:\/\/www.elsindical.com.ar\/notas\/var\/www\/html\/notas\/wp-content\/uploads\/2020\/06\/16062-450x300.png 450w\" sizes=\"auto, (max-width: 660px) 100vw, 660px\" \/><\/figure><\/li><li class=\"blocks-gallery-item\"><figure><img loading=\"lazy\" decoding=\"async\" width=\"660\" height=\"440\" src=\"http:\/\/www.elsindical.com.ar\/notas\/var\/www\/html\/notas\/wp-content\/uploads\/2020\/06\/16061.png\" alt=\"\" data-id=\"96574\" data-full-url=\"http:\/\/www.elsindical.com.ar\/notas\/var\/www\/html\/notas\/wp-content\/uploads\/2020\/06\/16061.png\" data-link=\"http:\/\/www.elsindical.com.ar\/notas\/?attachment_id=96574#main\" class=\"wp-image-96574\" srcset=\"https:\/\/www.elsindical.com.ar\/notas\/var\/www\/html\/notas\/wp-content\/uploads\/2020\/06\/16061.png 660w, https:\/\/www.elsindical.com.ar\/notas\/var\/www\/html\/notas\/wp-content\/uploads\/2020\/06\/16061-300x200.png 300w, https:\/\/www.elsindical.com.ar\/notas\/var\/www\/html\/notas\/wp-content\/uploads\/2020\/06\/16061-450x300.png 450w\" sizes=\"auto, (max-width: 660px) 100vw, 660px\" \/><\/figure><\/li><\/ul><\/figure>\n","protected":false},"excerpt":{"rendered":"<p>A ra\u00edz de una denuncia, la Autoridad de Cuenca Matanza Riachuelo realiz\u00f3 una inspecci\u00f3n a la altura de Puente Alsina y clausur\u00f3 una empresa que estaba funcionando de manera irregular. Ademas, se trabaj\u00f3 en la limpieza de un vuelco clandestino que gener\u00f3 una mancha de hidrocarburo sobre el r\u00edo. El martes de la semana pasada&hellip;<\/p>\n","protected":false},"author":1,"featured_media":96571,"comment_status":"open","ping_status":"open","sticky":false,"template":"","format":"standard","meta":{"footnotes":""},"categories":[13],"tags":[13480,461,3256,8865,2450,22703,4447],"class_list":["post-96570","post","type-post","status-publish","format-standard","has-post-thumbnail","hentry","category-politica","tag-acumar","tag-avellaneda","tag-barracas","tag-cuenca-matanza-riachuelo","tag-diario-el-sindical","tag-puente-alsina","tag-riachuelo"],"_links":{"self":[{"href":"https:\/\/www.elsindical.com.ar\/notas\/wp-json\/wp\/v2\/posts\/96570","targetHints":{"allow":["GET"]}}],"collection":[{"href":"https:\/\/www.elsindical.com.ar\/notas\/wp-json\/wp\/v2\/posts"}],"about":[{"href":"https:\/\/www.elsindical.com.ar\/notas\/wp-json\/wp\/v2\/types\/post"}],"author":[{"embeddable":true,"href":"https:\/\/www.elsindical.com.ar\/notas\/wp-json\/wp\/v2\/users\/1"}],"replies":[{"embeddable":true,"href":"https:\/\/www.elsindical.com.ar\/notas\/wp-json\/wp\/v2\/comments?post=96570"}],"version-history":[{"count":1,"href":"https:\/\/www.elsindical.com.ar\/notas\/wp-json\/wp\/v2\/posts\/96570\/revisions"}],"predecessor-version":[{"id":96575,"href":"https:\/\/www.elsindical.com.ar\/notas\/wp-json\/wp\/v2\/posts\/96570\/revisions\/96575"}],"wp:featuredmedia":[{"embeddable":true,"href":"https:\/\/www.elsindical.com.ar\/notas\/wp-json\/wp\/v2\/media\/96571"}],"wp:attachment":[{"href":"https:\/\/www.elsindical.com.ar\/notas\/wp-json\/wp\/v2\/media?parent=96570"}],"wp:term":[{"taxonomy":"category","embeddable":true,"href":"https:\/\/www.elsindical.com.ar\/notas\/wp-json\/wp\/v2\/categories?post=96570"},{"taxonomy":"post_tag","embeddable":true,"href":"https:\/\/www.elsindical.com.ar\/notas\/wp-json\/wp\/v2\/tags?post=96570"}],"curies":[{"name":"wp","href":"https:\/\/api.w.org\/{rel}","templated":true}]}}