{"id":96550,"date":"2020-06-16T11:53:30","date_gmt":"2020-06-16T14:53:30","guid":{"rendered":"http:\/\/www.elsindical.com.ar\/notas\/?p=96550"},"modified":"2020-06-16T11:53:30","modified_gmt":"2020-06-16T14:53:30","slug":"entre-riosse-re-pico-en-el-templo-funcionarios-de-concordia-rompieron-cuarentena-por-un-cumpleanos","status":"publish","type":"post","link":"https:\/\/www.elsindical.com.ar\/notas\/entre-riosse-re-pico-en-el-templo-funcionarios-de-concordia-rompieron-cuarentena-por-un-cumpleanos\/","title":{"rendered":"Entre R\u00edos:\u00bbSe re pic\u00f3 en el templo\u00bb: funcionarios de Concordia rompieron cuarentena por un cumplea\u00f1os"},"content":{"rendered":"\n<figure class=\"wp-block-image size-large is-resized\"><img loading=\"lazy\" decoding=\"async\" src=\"http:\/\/www.elsindical.com.ar\/notas\/var\/www\/html\/notas\/wp-content\/uploads\/2020\/06\/fiesta-en-Concordia1.jpg\" alt=\"\" class=\"wp-image-96551\" width=\"589\" height=\"330\" srcset=\"https:\/\/www.elsindical.com.ar\/notas\/var\/www\/html\/notas\/wp-content\/uploads\/2020\/06\/fiesta-en-Concordia1.jpg 840w, https:\/\/www.elsindical.com.ar\/notas\/var\/www\/html\/notas\/wp-content\/uploads\/2020\/06\/fiesta-en-Concordia1-300x169.jpg 300w, https:\/\/www.elsindical.com.ar\/notas\/var\/www\/html\/notas\/wp-content\/uploads\/2020\/06\/fiesta-en-Concordia1-768x432.jpg 768w, https:\/\/www.elsindical.com.ar\/notas\/var\/www\/html\/notas\/wp-content\/uploads\/2020\/06\/fiesta-en-Concordia1-500x281.jpg 500w\" sizes=\"auto, (max-width: 589px) 100vw, 589px\" \/><\/figure>\n\n\n\n<p>El intendente public\u00f3 un comunicado donde les pide la renuncia. El escandaloso posteo en Intagram.<\/p>\n\n\n\n<p>Un <strong>esc\u00e1ndalo que involucra a funcionarios<\/strong> se desat\u00f3 en la ciudad de <strong>Concordia<\/strong> en Entre R\u00edos con el <strong>festejo de un cumplea\u00f1os<\/strong> durante el fin de semana. Al menos dos funcionarias municipales violaron las prohibiciones y se juntaron con amigos.<\/p>\n\n\n\n<p>En las im\u00e1genes compartidas se ve a un grupo celebrando, brindando y haciendo un \u00abtrencito\u00bb: <strong>\u00abSe re pic\u00f3 en el templo\u00bb<\/strong>, reza una de las im\u00e1genes de una historia de Instagram. El intendente Francolini al enterarse de la celebraci\u00f3n reaccion\u00f3 inmediatamente pidi\u00e9ndoles la renuncia.<\/p>\n\n\n\n<p>Las funcionarias en cuesti\u00f3n son <strong>Mar\u00eda Paz Bonelli<\/strong>, directora del Centro de Convenciones de Concordia, y <strong>Mercedes P\u00e9rez<\/strong>, jefa del \u00c1rea Log\u00edstica de la Direcci\u00f3n de Ni\u00f1ez, Adolescencia y Familia, seg\u00fan inform\u00f3 el diario El Entre R\u00edos.<\/p>\n\n\n\n<p>El intendente confirm\u00f3 la violaci\u00f3n a la cuarentena y manifest\u00f3 su postura sobre el evento que realizaron los empleados.<\/p>\n\n\n\n<p>\u00abConfirmamos que dos funcionarias municipales incumplieron las normas de prevenci\u00f3n vigentes en lo que refiere a la realizaci\u00f3n de reuniones sociales, participando de la celebraci\u00f3n de un cumplea\u00f1os junto a un grupo de amigos\u00bb, escribi\u00f3.<\/p>\n\n\n\n<p>\u00abEsta tarde me contact\u00e9 con las funcionarias que aparecen en las fotograf\u00edas y videos que circularon en las redes sociales, para pedirles su inmediata renuncia\u00bb, cerr\u00f3.<\/p>\n\n\n\n<div class=\"wp-block-image\"><figure class=\"aligncenter size-large\"><img loading=\"lazy\" decoding=\"async\" width=\"575\" height=\"1024\" src=\"http:\/\/www.elsindical.com.ar\/notas\/var\/www\/html\/notas\/wp-content\/uploads\/2020\/06\/fiesta-en-Concordia-575x1024.jpg\" alt=\"\" class=\"wp-image-96552\" srcset=\"https:\/\/www.elsindical.com.ar\/notas\/var\/www\/html\/notas\/wp-content\/uploads\/2020\/06\/fiesta-en-Concordia-575x1024.jpg 575w, https:\/\/www.elsindical.com.ar\/notas\/var\/www\/html\/notas\/wp-content\/uploads\/2020\/06\/fiesta-en-Concordia-168x300.jpg 168w, https:\/\/www.elsindical.com.ar\/notas\/var\/www\/html\/notas\/wp-content\/uploads\/2020\/06\/fiesta-en-Concordia.jpg 726w\" sizes=\"auto, (max-width: 575px) 100vw, 575px\" \/><\/figure><\/div>\n\n\n\n<div class=\"wp-block-image\"><figure class=\"aligncenter size-large\"><img loading=\"lazy\" decoding=\"async\" width=\"502\" height=\"845\" src=\"http:\/\/www.elsindical.com.ar\/notas\/var\/www\/html\/notas\/wp-content\/uploads\/2020\/06\/posteo-intendente-de-Concordia.jpg\" alt=\"\" class=\"wp-image-96553\" srcset=\"https:\/\/www.elsindical.com.ar\/notas\/var\/www\/html\/notas\/wp-content\/uploads\/2020\/06\/posteo-intendente-de-Concordia.jpg 502w, https:\/\/www.elsindical.com.ar\/notas\/var\/www\/html\/notas\/wp-content\/uploads\/2020\/06\/posteo-intendente-de-Concordia-178x300.jpg 178w\" sizes=\"auto, (max-width: 502px) 100vw, 502px\" \/><\/figure><\/div>\n","protected":false},"excerpt":{"rendered":"<p>El intendente public\u00f3 un comunicado donde les pide la renuncia. El escandaloso posteo en Intagram. Un esc\u00e1ndalo que involucra a funcionarios se desat\u00f3 en la ciudad de Concordia en Entre R\u00edos con el festejo de un cumplea\u00f1os durante el fin de semana. Al menos dos funcionarias municipales violaron las prohibiciones y se juntaron con amigos.&hellip;<\/p>\n","protected":false},"author":1,"featured_media":0,"comment_status":"open","ping_status":"open","sticky":false,"template":"","format":"standard","meta":{"footnotes":""},"categories":[25],"tags":[10437,32669,718,2450,1386,9143],"class_list":["post-96550","post","type-post","status-publish","format-standard","hentry","category-sociedad","tag-concordia","tag-cuarentena","tag-cumpleanos","tag-diario-el-sindical","tag-entre-rios","tag-fiesta"],"_links":{"self":[{"href":"https:\/\/www.elsindical.com.ar\/notas\/wp-json\/wp\/v2\/posts\/96550","targetHints":{"allow":["GET"]}}],"collection":[{"href":"https:\/\/www.elsindical.com.ar\/notas\/wp-json\/wp\/v2\/posts"}],"about":[{"href":"https:\/\/www.elsindical.com.ar\/notas\/wp-json\/wp\/v2\/types\/post"}],"author":[{"embeddable":true,"href":"https:\/\/www.elsindical.com.ar\/notas\/wp-json\/wp\/v2\/users\/1"}],"replies":[{"embeddable":true,"href":"https:\/\/www.elsindical.com.ar\/notas\/wp-json\/wp\/v2\/comments?post=96550"}],"version-history":[{"count":1,"href":"https:\/\/www.elsindical.com.ar\/notas\/wp-json\/wp\/v2\/posts\/96550\/revisions"}],"predecessor-version":[{"id":96554,"href":"https:\/\/www.elsindical.com.ar\/notas\/wp-json\/wp\/v2\/posts\/96550\/revisions\/96554"}],"wp:attachment":[{"href":"https:\/\/www.elsindical.com.ar\/notas\/wp-json\/wp\/v2\/media?parent=96550"}],"wp:term":[{"taxonomy":"category","embeddable":true,"href":"https:\/\/www.elsindical.com.ar\/notas\/wp-json\/wp\/v2\/categories?post=96550"},{"taxonomy":"post_tag","embeddable":true,"href":"https:\/\/www.elsindical.com.ar\/notas\/wp-json\/wp\/v2\/tags?post=96550"}],"curies":[{"name":"wp","href":"https:\/\/api.w.org\/{rel}","templated":true}]}}