{"id":96539,"date":"2020-06-15T11:31:09","date_gmt":"2020-06-15T14:31:09","guid":{"rendered":"http:\/\/www.elsindical.com.ar\/notas\/?p=96539"},"modified":"2020-06-15T11:31:09","modified_gmt":"2020-06-15T14:31:09","slug":"comienza-a-funcionar-el-consejo-nacional-de-calidad-de-la-educacion","status":"publish","type":"post","link":"https:\/\/www.elsindical.com.ar\/notas\/comienza-a-funcionar-el-consejo-nacional-de-calidad-de-la-educacion\/","title":{"rendered":"Comienza a funcionar el Consejo Nacional de Calidad de la Educaci\u00f3n"},"content":{"rendered":"\n<figure class=\"wp-block-image size-large is-resized\"><img loading=\"lazy\" decoding=\"async\" src=\"http:\/\/www.elsindical.com.ar\/notas\/var\/www\/html\/notas\/wp-content\/uploads\/2020\/06\/Nicol\u00e1s-Trota-despacho-ministerio.jpg\" alt=\"\" class=\"wp-image-96541\" width=\"588\" height=\"326\" srcset=\"https:\/\/www.elsindical.com.ar\/notas\/var\/www\/html\/notas\/wp-content\/uploads\/2020\/06\/Nicol\u00e1s-Trota-despacho-ministerio.jpg 724w, https:\/\/www.elsindical.com.ar\/notas\/var\/www\/html\/notas\/wp-content\/uploads\/2020\/06\/Nicol\u00e1s-Trota-despacho-ministerio-300x167.jpg 300w, https:\/\/www.elsindical.com.ar\/notas\/var\/www\/html\/notas\/wp-content\/uploads\/2020\/06\/Nicol\u00e1s-Trota-despacho-ministerio-500x278.jpg 500w\" sizes=\"auto, (max-width: 588px) 100vw, 588px\" \/><\/figure>\n\n\n\n<p>El <strong>Ministerio de Educaci\u00f3n de la Naci\u00f3n<\/strong>, a trav\u00e9s de la resoluci\u00f3n 549\/2020, reglament\u00f3 por primera vez la composici\u00f3n y funcionamiento del <strong>Consejo Nacional de Calidad de la Educaci\u00f3n<\/strong>, creado en el a\u00f1o 2006 por la Ley de Educaci\u00f3n Nacional, como \u00f3rgano de asesoramiento especializado sobre la evaluaci\u00f3n y mejora de la calidad de la educaci\u00f3n y la equidad en la asignaci\u00f3n de recursos.<\/p>\n\n\n\n<p><em>\u00abLa escuela debe recuperar la centralidad. La Ley de Educaci\u00f3n Nacional se\u00f1ala que es el Estado el que debe garantizar la evaluaci\u00f3n\u00bb<\/em>, afirm\u00f3 el ministro de Educaci\u00f3n, Nicol\u00e1s Trotta. <em>\u00abEs fundamental que este \u00f3rgano vuelva a ponerse en funcionamiento para que puedan verse reflejadas \u00a0las pol\u00edticas educativas y las diversas realidades que tiene la Argentina y asegurar una educaci\u00f3n que priorice la ruptura de las profundas desigualdades que hoy padece nuestra sociedad\u00bb,<\/em> agreg\u00f3.<\/p>\n\n\n\n<p>Entre sus lineamientos estrat\u00e9gicos, el <strong>Consejo Nacional de Calidad de la Educaci\u00f3n <\/strong>sostendr\u00e1 una visi\u00f3n amplia de la calidad educativa, considerando tambi\u00e9n los resultados en pruebas estandarizadas de aprendizaje, como un aspecto complementario, en favor de una perspectiva integral que abarque las distintas dimensiones del derecho a la educaci\u00f3n.<br>El Consejo constituye un \u00e1mbito de di\u00e1logo plural tanto desde el punto de vista pol\u00edtico como sectorial, que se propone centralmente aportar al dise\u00f1o de pol\u00edticas de Estado orientadas al mejoramiento de la calidad y la igualdad educativa en la Argentina, a trav\u00e9s de diagn\u00f3sticos y propuestas.<\/p>\n\n\n\n<p>El mismo estar\u00e1 integrado por treinta y cinco miembros permanentes: dos representantes del Ministerio de Educaci\u00f3n, cinco Ministros\/as de Educaci\u00f3n provinciales en representaci\u00f3n del Consejo Federal de Educaci\u00f3n, uno por cada regi\u00f3n; cuatro legisladores\/as nacionales miembros de las comisiones de educaci\u00f3n de ambas c\u00e1maras; cinco de las organizaciones del trabajo y la producci\u00f3n; cinco representantes de las organizaciones gremiales docentes con personer\u00eda nacional y catorce consejeros\/as por la comunidad acad\u00e9mica y cient\u00edfica.<\/p>\n","protected":false},"excerpt":{"rendered":"<p>El Ministerio de Educaci\u00f3n de la Naci\u00f3n, a trav\u00e9s de la resoluci\u00f3n 549\/2020, reglament\u00f3 por primera vez la composici\u00f3n y funcionamiento del Consejo Nacional de Calidad de la Educaci\u00f3n, creado en el a\u00f1o 2006 por la Ley de Educaci\u00f3n Nacional, como \u00f3rgano de asesoramiento especializado sobre la evaluaci\u00f3n y mejora de la calidad de la&hellip;<\/p>\n","protected":false},"author":1,"featured_media":96541,"comment_status":"open","ping_status":"open","sticky":false,"template":"","format":"standard","meta":{"footnotes":""},"categories":[5],"tags":[33184,2450,32008],"class_list":["post-96539","post","type-post","status-publish","format-standard","has-post-thumbnail","hentry","category-cultura","tag-consejo-nacional-de-calidad-de-la-educacion","tag-diario-el-sindical","tag-nicolas-trotta"],"_links":{"self":[{"href":"https:\/\/www.elsindical.com.ar\/notas\/wp-json\/wp\/v2\/posts\/96539","targetHints":{"allow":["GET"]}}],"collection":[{"href":"https:\/\/www.elsindical.com.ar\/notas\/wp-json\/wp\/v2\/posts"}],"about":[{"href":"https:\/\/www.elsindical.com.ar\/notas\/wp-json\/wp\/v2\/types\/post"}],"author":[{"embeddable":true,"href":"https:\/\/www.elsindical.com.ar\/notas\/wp-json\/wp\/v2\/users\/1"}],"replies":[{"embeddable":true,"href":"https:\/\/www.elsindical.com.ar\/notas\/wp-json\/wp\/v2\/comments?post=96539"}],"version-history":[{"count":1,"href":"https:\/\/www.elsindical.com.ar\/notas\/wp-json\/wp\/v2\/posts\/96539\/revisions"}],"predecessor-version":[{"id":96542,"href":"https:\/\/www.elsindical.com.ar\/notas\/wp-json\/wp\/v2\/posts\/96539\/revisions\/96542"}],"wp:featuredmedia":[{"embeddable":true,"href":"https:\/\/www.elsindical.com.ar\/notas\/wp-json\/wp\/v2\/media\/96541"}],"wp:attachment":[{"href":"https:\/\/www.elsindical.com.ar\/notas\/wp-json\/wp\/v2\/media?parent=96539"}],"wp:term":[{"taxonomy":"category","embeddable":true,"href":"https:\/\/www.elsindical.com.ar\/notas\/wp-json\/wp\/v2\/categories?post=96539"},{"taxonomy":"post_tag","embeddable":true,"href":"https:\/\/www.elsindical.com.ar\/notas\/wp-json\/wp\/v2\/tags?post=96539"}],"curies":[{"name":"wp","href":"https:\/\/api.w.org\/{rel}","templated":true}]}}