{"id":96530,"date":"2020-06-15T11:05:43","date_gmt":"2020-06-15T14:05:43","guid":{"rendered":"http:\/\/www.elsindical.com.ar\/notas\/?p=96530"},"modified":"2020-06-15T11:05:43","modified_gmt":"2020-06-15T14:05:43","slug":"lomas-de-zamora-sobrevivio-a-una-tentativa-de-femicidio-y-el-acusado-sigue-profugo-desde-hace-7-meses","status":"publish","type":"post","link":"https:\/\/www.elsindical.com.ar\/notas\/lomas-de-zamora-sobrevivio-a-una-tentativa-de-femicidio-y-el-acusado-sigue-profugo-desde-hace-7-meses\/","title":{"rendered":"Lomas de Zamora: Sobrevivi\u00f3 a una tentativa de femicidio y el acusado sigue pr\u00f3fugo desde hace 7 meses"},"content":{"rendered":"\n<figure class=\"wp-block-image size-large is-resized\"><img loading=\"lazy\" decoding=\"async\" src=\"http:\/\/www.elsindical.com.ar\/notas\/var\/www\/html\/notas\/wp-content\/uploads\/2020\/06\/Mar\u00eda-Teresa-Acosta-1024x473.jpeg\" alt=\"\" class=\"wp-image-96531\" width=\"598\" height=\"275\" srcset=\"https:\/\/www.elsindical.com.ar\/notas\/var\/www\/html\/notas\/wp-content\/uploads\/2020\/06\/Mar\u00eda-Teresa-Acosta-1024x473.jpeg 1024w, https:\/\/www.elsindical.com.ar\/notas\/var\/www\/html\/notas\/wp-content\/uploads\/2020\/06\/Mar\u00eda-Teresa-Acosta-300x139.jpeg 300w, https:\/\/www.elsindical.com.ar\/notas\/var\/www\/html\/notas\/wp-content\/uploads\/2020\/06\/Mar\u00eda-Teresa-Acosta-768x355.jpeg 768w, https:\/\/www.elsindical.com.ar\/notas\/var\/www\/html\/notas\/wp-content\/uploads\/2020\/06\/Mar\u00eda-Teresa-Acosta-500x231.jpeg 500w, https:\/\/www.elsindical.com.ar\/notas\/var\/www\/html\/notas\/wp-content\/uploads\/2020\/06\/Mar\u00eda-Teresa-Acosta.jpeg 1152w\" sizes=\"auto, (max-width: 598px) 100vw, 598px\" \/><\/figure>\n\n\n\n<p class=\"wp-block-paragraph\">Mar\u00eda Teresa Acosta, de 42 a\u00f1os, sobrevivi\u00f3 a un intento de femicidio de su ex pareja que la atac\u00f3 a balazos en una panader\u00eda en Ingeniero Budge en noviembre de 2019 y el acusado a\u00fan no fue encontrado pese a que algunos vecinos comentan que anda por el barrio. \u201cTrato de salir siempre acompa\u00f1ada\u201d, indic\u00f3 la mujer.<\/p>\n\n\n\n<p class=\"wp-block-paragraph\">Mar\u00eda Teresa Acosta, explic\u00f3:<strong> \u201c<\/strong>Yo estoy bien. Gracias a Dios no me quedaron secuelas, pero me tengo que cuidar mucho con el tema de la comida como me lastim\u00f3 todo por dentro, pero a pesar de todo estoy bien\u201d.<\/p>\n\n\n\n<p class=\"wp-block-paragraph\">Sin embargo, comenta que \u201ctodo sigue igual\u201d porque Alfredo Falc\u00f3n, el hombre que le dispar\u00f3 en el abdomen cuando ella hab\u00eda ido a comprar a una panader\u00eda ubicada en Recondo y Claudio Alas, no puede ser detenido. \u201cCada tanto pasan los polic\u00edas que hacen la visita din\u00e1mica, pero nadie nos dice nada, y con esto del coronavirus tampoco se puede hacer mucho\u201d, indic\u00f3 la mujer.<\/p>\n\n\n\n<p class=\"wp-block-paragraph\">En esa l\u00ednea, asegur\u00f3 estar \u201ctranquila\u201d porque en este momento por el aislamiento obligatorio no sale mucho y, si lo hace, trata de estar siempre acompa\u00f1ada de su pareja o alguien de su entorno.<\/p>\n\n\n\n<p class=\"wp-block-paragraph\">Seg\u00fan lo relatado por Acosta, se cree que Falc\u00f3n, contin\u00faa en el barrio. \u201cNo se sabe d\u00f3nde est\u00e1, pero la gente dice que se lo vio en varios lugares, pero tampoco nadie llama al 911 como para informar que lo vieron. Ojal\u00e1 pronto puedan encontrarlo para que pague por lo que me hizo\u201d, advirti\u00f3.<\/p>\n\n\n\n<p class=\"wp-block-paragraph\">La sobreviviente llevaba dos a\u00f1os separada de Alfredo Falc\u00f3n pero \u00e9l la persegu\u00eda y acosaba todo el tiempo, por eso ella lo denunci\u00f3. Incluso, el acusado le hab\u00eda dicho que \u201cno iba a parar hasta que logre matarla\u201d.<\/p>\n\n\n\n<p class=\"wp-block-paragraph\">Falc\u00f3n, de 64 a\u00f1os, es buscado por el delito de \u201ctentativa de homicidio en contexto de violencia de g\u00e9nero\u201d y la causa est\u00e1 a cargo de Claudio Barrionuevo de la Unidad Funcional de Instrucci\u00f3n (UFI) 2-especializada en Violencia de G\u00e9nero- del Departamento Judicial de Lomas de Zamora.<\/p>\n\n\n\n<div class=\"wp-block-image\"><figure class=\"aligncenter size-large\"><img loading=\"lazy\" decoding=\"async\" width=\"502\" height=\"617\" src=\"http:\/\/www.elsindical.com.ar\/notas\/var\/www\/html\/notas\/wp-content\/uploads\/2020\/05\/Alfredo-Falc\u00f3n-el-pr\u00f3fugo.jpg\" alt=\"\" class=\"wp-image-95424\" srcset=\"https:\/\/www.elsindical.com.ar\/notas\/var\/www\/html\/notas\/wp-content\/uploads\/2020\/05\/Alfredo-Falc\u00f3n-el-pr\u00f3fugo.jpg 502w, https:\/\/www.elsindical.com.ar\/notas\/var\/www\/html\/notas\/wp-content\/uploads\/2020\/05\/Alfredo-Falc\u00f3n-el-pr\u00f3fugo-244x300.jpg 244w\" sizes=\"auto, (max-width: 502px) 100vw, 502px\" \/><\/figure><\/div>\n","protected":false},"excerpt":{"rendered":"<p>Mar\u00eda Teresa Acosta, de 42 a\u00f1os, sobrevivi\u00f3 a un intento de femicidio de su ex pareja que la atac\u00f3 a balazos en una panader\u00eda en Ingeniero Budge en noviembre de 2019 y el acusado a\u00fan no fue encontrado pese a que algunos vecinos comentan que anda por el barrio. \u201cTrato de salir siempre acompa\u00f1ada\u201d, indic\u00f3&hellip;<\/p>\n","protected":false},"author":1,"featured_media":96531,"comment_status":"open","ping_status":"open","sticky":false,"template":"","format":"standard","meta":{"footnotes":""},"categories":[25],"tags":[32944,2450,746,744,31911,33183],"class_list":["post-96530","post","type-post","status-publish","format-standard","has-post-thumbnail","hentry","category-sociedad","tag-alfredo-falcon","tag-diario-el-sindical","tag-ingeniero-budge","tag-lomas-de-zamora","tag-maria-teresa-acosta","tag-tentativa-de-femicidio"],"_links":{"self":[{"href":"https:\/\/www.elsindical.com.ar\/notas\/wp-json\/wp\/v2\/posts\/96530","targetHints":{"allow":["GET"]}}],"collection":[{"href":"https:\/\/www.elsindical.com.ar\/notas\/wp-json\/wp\/v2\/posts"}],"about":[{"href":"https:\/\/www.elsindical.com.ar\/notas\/wp-json\/wp\/v2\/types\/post"}],"author":[{"embeddable":true,"href":"https:\/\/www.elsindical.com.ar\/notas\/wp-json\/wp\/v2\/users\/1"}],"replies":[{"embeddable":true,"href":"https:\/\/www.elsindical.com.ar\/notas\/wp-json\/wp\/v2\/comments?post=96530"}],"version-history":[{"count":1,"href":"https:\/\/www.elsindical.com.ar\/notas\/wp-json\/wp\/v2\/posts\/96530\/revisions"}],"predecessor-version":[{"id":96532,"href":"https:\/\/www.elsindical.com.ar\/notas\/wp-json\/wp\/v2\/posts\/96530\/revisions\/96532"}],"wp:featuredmedia":[{"embeddable":true,"href":"https:\/\/www.elsindical.com.ar\/notas\/wp-json\/wp\/v2\/media\/96531"}],"wp:attachment":[{"href":"https:\/\/www.elsindical.com.ar\/notas\/wp-json\/wp\/v2\/media?parent=96530"}],"wp:term":[{"taxonomy":"category","embeddable":true,"href":"https:\/\/www.elsindical.com.ar\/notas\/wp-json\/wp\/v2\/categories?post=96530"},{"taxonomy":"post_tag","embeddable":true,"href":"https:\/\/www.elsindical.com.ar\/notas\/wp-json\/wp\/v2\/tags?post=96530"}],"curies":[{"name":"wp","href":"https:\/\/api.w.org\/{rel}","templated":true}]}}