{"id":96521,"date":"2020-06-14T01:32:20","date_gmt":"2020-06-14T04:32:20","guid":{"rendered":"http:\/\/www.elsindical.com.ar\/notas\/?p=96521"},"modified":"2020-06-14T01:32:20","modified_gmt":"2020-06-14T04:32:20","slug":"actrices-argentinas-denuncio-a-fernando-burlando-y-a-lam","status":"publish","type":"post","link":"https:\/\/www.elsindical.com.ar\/notas\/actrices-argentinas-denuncio-a-fernando-burlando-y-a-lam\/","title":{"rendered":"Actrices Argentinas denunci\u00f3 a Fernando Burlando y a \u00abLAM\u00bb"},"content":{"rendered":"\n<figure class=\"wp-block-image size-large is-resized\"><img loading=\"lazy\" decoding=\"async\" src=\"http:\/\/www.elsindical.com.ar\/notas\/var\/www\/html\/notas\/wp-content\/uploads\/2020\/06\/Burlando-y-\u00c1ngel.jpg\" alt=\"\" class=\"wp-image-96522\" width=\"590\" height=\"303\" srcset=\"https:\/\/www.elsindical.com.ar\/notas\/var\/www\/html\/notas\/wp-content\/uploads\/2020\/06\/Burlando-y-\u00c1ngel.jpg 947w, https:\/\/www.elsindical.com.ar\/notas\/var\/www\/html\/notas\/wp-content\/uploads\/2020\/06\/Burlando-y-\u00c1ngel-300x154.jpg 300w, https:\/\/www.elsindical.com.ar\/notas\/var\/www\/html\/notas\/wp-content\/uploads\/2020\/06\/Burlando-y-\u00c1ngel-768x395.jpg 768w, https:\/\/www.elsindical.com.ar\/notas\/var\/www\/html\/notas\/wp-content\/uploads\/2020\/06\/Burlando-y-\u00c1ngel-500x257.jpg 500w\" sizes=\"auto, (max-width: 590px) 100vw, 590px\" \/><\/figure>\n\n\n\n<p>El colectivo recurri\u00f3 a la Defensor\u00eda del P\u00fablico tras los\u00a0dichos del abogado sobre el caso<strong> Juan Darth\u00e9s <\/strong>en \u00abLos \u00c1ngeles de la Ma\u00f1ana\u00bb.\u00a0<\/p>\n\n\n\n<p><strong>\u00c1ngel de Brito<\/strong> entrevist\u00f3 el jueves pasado a<strong> Fernando Burlando<\/strong> en <em>\u00abLos \u00e1ngeles de la ma\u00f1ana\u00bb<\/em>, y el abogado se refiri\u00f3 a la causa por abuso sexual agravado contra el actor<strong> Juan Darth\u00e9s.<\/strong><\/p>\n\n\n\n<p><em>\u00abJuan est\u00e1 como la persona que tiene que tener un exilio. Es muy lamentable, es muy angustiante\u00bb, <\/em>coment\u00f3 el letrado&nbsp;sobre su cliente, quien desde hace un a\u00f1o y medio se encuentra radicado en Brasil, su pa\u00eds natal.<\/p>\n\n\n\n<p>A ra\u00edz de sus dichos,\u00a0 Actrices Argentinas, el colectivo que apoy\u00f3 la denuncia de <strong>Thelma Fard\u00edn <\/strong>encontra el actor,\u00a0emiti\u00f3 un comunicado que dice lo siguiente:\u00a0<em>\u00abEn virtud de las declaraciones de Fernando Burlando en la entrevista realizada por \u00c1ngel de Brito desde ABOFEM <\/em>(Asociaci\u00f3n de Abogadas Feministas)<em> decidimos denunciar este caso ante la Defensor\u00eda del P\u00fablico por ser su contenido violatorio de la Ley de Protecci\u00f3n Integral de las Mujeres\u00bb.<\/em><\/p>\n\n\n\n<p><em>\u00abRepudiamos los dichos del abogado Fernando Burlando y del espacio medi\u00e1tico que se le brinda a estas expresiones, que avalan la violencia hacia las mujeres y sobre todo a las personas v\u00edctimas de abusos\u00bb,<\/em>\u00a0contin\u00faa.<\/p>\n\n\n\n<p>Y agrega: <em>\u00abTodas estas estrategias de poner en el lugar de v\u00edctima al agresor, como lo que realiza el abogado Burlando con el aval de los medios de comunicaci\u00f3n, y la revictimizaci\u00f3n de Thelma tienen un claro mensaje: &#8216;no denuncies'\u00bb.<\/em><\/p>\n\n\n\n<p>Adem\u00e1s expresa:<em>\u00a0\u00abSe cuestionan los relatos de Thelma, mientras a \u00e9l se lo trata de exiliado cuando es en realidad un pr\u00f3fugo de la justicia. Es preferible pensar que una mujer miente a que un hombre, padre de familia, es un abusador\u00bb.<\/em><\/p>\n\n\n\n<p>El documento va acompa\u00f1ado de la denuncia formal, donde se pueden leer los&nbsp;fragmentos del di\u00e1logo entre Burlando y De Brito que derivaron en el planteo de ABOFEM.<em> \u00abCuando el conductor le pregunt\u00f3 sobre la causa de su defendido Juan Darth\u00e9s, Burlando respondi\u00f3: &#8216;Creo que uno elige lo que considera que es una causa justa y todas las que se siguen y desarrollan en nuestras oficinas son causas justas&#8217;. Adem\u00e1s, el letrado afirm\u00f3 que cree en la inocencia del actor\u00bb, <\/em>escribieron.<\/p>\n\n\n\n<p>Y agregaron: <em>\u00abEl conductor (De Brito) lejos de repreguntar sobre eso o repudiar los dichos, hizo hincapi\u00e9 en que le preguntaba sobre la inocencia de Darth\u00e9s &#8216;porque te conozco, porque s\u00e9 que sino no lo defender\u00edas'\u00bb.<\/em><\/p>\n\n\n\n<p>Por \u00faltimo hacen referencia a\u00a0\u00abviolencia medi\u00e1tica y simb\u00f3lica\u00bb citando a la Ley 26.485 y explican: <em>\u00abEstos mensajes revictimizan y aleccionan, mientras perpet\u00faan estereotipos que violentan y no permiten a las mujeres vivir una vida libre de violencia\u00bb.<\/em><\/p>\n\n\n\n<figure class=\"wp-block-image size-large\"><img loading=\"lazy\" decoding=\"async\" width=\"745\" height=\"800\" src=\"http:\/\/www.elsindical.com.ar\/notas\/var\/www\/html\/notas\/wp-content\/uploads\/2020\/06\/ABOFEM-denuncia.jpg\" alt=\"\" class=\"wp-image-96523\" srcset=\"https:\/\/www.elsindical.com.ar\/notas\/var\/www\/html\/notas\/wp-content\/uploads\/2020\/06\/ABOFEM-denuncia.jpg 745w, https:\/\/www.elsindical.com.ar\/notas\/var\/www\/html\/notas\/wp-content\/uploads\/2020\/06\/ABOFEM-denuncia-279x300.jpg 279w\" sizes=\"auto, (max-width: 745px) 100vw, 745px\" \/><\/figure>\n","protected":false},"excerpt":{"rendered":"<p>El colectivo recurri\u00f3 a la Defensor\u00eda del P\u00fablico tras los\u00a0dichos del abogado sobre el caso Juan Darth\u00e9s en \u00abLos \u00c1ngeles de la Ma\u00f1ana\u00bb.\u00a0 \u00c1ngel de Brito entrevist\u00f3 el jueves pasado a Fernando Burlando en \u00abLos \u00e1ngeles de la ma\u00f1ana\u00bb, y el abogado se refiri\u00f3 a la causa por abuso sexual agravado contra el actor Juan&hellip;<\/p>\n","protected":false},"author":1,"featured_media":96522,"comment_status":"open","ping_status":"open","sticky":false,"template":"","format":"standard","meta":{"footnotes":""},"categories":[6],"tags":[33180,11896,33182,4080,30017,33181],"class_list":["post-96521","post","type-post","status-publish","format-standard","has-post-thumbnail","hentry","category-denuncias","tag-abofem","tag-angel-de-brito","tag-defensoria-del-publico","tag-fernando-burlando","tag-juan-darthes","tag-lam"],"_links":{"self":[{"href":"https:\/\/www.elsindical.com.ar\/notas\/wp-json\/wp\/v2\/posts\/96521","targetHints":{"allow":["GET"]}}],"collection":[{"href":"https:\/\/www.elsindical.com.ar\/notas\/wp-json\/wp\/v2\/posts"}],"about":[{"href":"https:\/\/www.elsindical.com.ar\/notas\/wp-json\/wp\/v2\/types\/post"}],"author":[{"embeddable":true,"href":"https:\/\/www.elsindical.com.ar\/notas\/wp-json\/wp\/v2\/users\/1"}],"replies":[{"embeddable":true,"href":"https:\/\/www.elsindical.com.ar\/notas\/wp-json\/wp\/v2\/comments?post=96521"}],"version-history":[{"count":1,"href":"https:\/\/www.elsindical.com.ar\/notas\/wp-json\/wp\/v2\/posts\/96521\/revisions"}],"predecessor-version":[{"id":96524,"href":"https:\/\/www.elsindical.com.ar\/notas\/wp-json\/wp\/v2\/posts\/96521\/revisions\/96524"}],"wp:featuredmedia":[{"embeddable":true,"href":"https:\/\/www.elsindical.com.ar\/notas\/wp-json\/wp\/v2\/media\/96522"}],"wp:attachment":[{"href":"https:\/\/www.elsindical.com.ar\/notas\/wp-json\/wp\/v2\/media?parent=96521"}],"wp:term":[{"taxonomy":"category","embeddable":true,"href":"https:\/\/www.elsindical.com.ar\/notas\/wp-json\/wp\/v2\/categories?post=96521"},{"taxonomy":"post_tag","embeddable":true,"href":"https:\/\/www.elsindical.com.ar\/notas\/wp-json\/wp\/v2\/tags?post=96521"}],"curies":[{"name":"wp","href":"https:\/\/api.w.org\/{rel}","templated":true}]}}