{"id":96512,"date":"2020-06-14T00:48:23","date_gmt":"2020-06-14T03:48:23","guid":{"rendered":"http:\/\/www.elsindical.com.ar\/notas\/?p=96512"},"modified":"2020-06-14T00:48:23","modified_gmt":"2020-06-14T03:48:23","slug":"lomas-de-zamora-grave-denuncia-a-profesor-de-la-facultad-de-derecho","status":"publish","type":"post","link":"https:\/\/www.elsindical.com.ar\/notas\/lomas-de-zamora-grave-denuncia-a-profesor-de-la-facultad-de-derecho\/","title":{"rendered":"Lomas de Zamora: Grave denuncia a profesor de la Facultad de Derecho"},"content":{"rendered":"\n<figure class=\"wp-block-image size-large\"><img loading=\"lazy\" decoding=\"async\" width=\"1024\" height=\"683\" src=\"http:\/\/www.elsindical.com.ar\/notas\/var\/www\/html\/notas\/wp-content\/uploads\/2020\/06\/Facultad-de-Derecho-LZ-1024x683.jpg\" alt=\"\" class=\"wp-image-96513\" srcset=\"https:\/\/www.elsindical.com.ar\/notas\/var\/www\/html\/notas\/wp-content\/uploads\/2020\/06\/Facultad-de-Derecho-LZ-1024x683.jpg 1024w, https:\/\/www.elsindical.com.ar\/notas\/var\/www\/html\/notas\/wp-content\/uploads\/2020\/06\/Facultad-de-Derecho-LZ-300x200.jpg 300w, https:\/\/www.elsindical.com.ar\/notas\/var\/www\/html\/notas\/wp-content\/uploads\/2020\/06\/Facultad-de-Derecho-LZ-768x512.jpg 768w, https:\/\/www.elsindical.com.ar\/notas\/var\/www\/html\/notas\/wp-content\/uploads\/2020\/06\/Facultad-de-Derecho-LZ-450x300.jpg 450w, https:\/\/www.elsindical.com.ar\/notas\/var\/www\/html\/notas\/wp-content\/uploads\/2020\/06\/Facultad-de-Derecho-LZ-1536x1024.jpg 1536w, https:\/\/www.elsindical.com.ar\/notas\/var\/www\/html\/notas\/wp-content\/uploads\/2020\/06\/Facultad-de-Derecho-LZ.jpg 2048w\" sizes=\"auto, (max-width: 1024px) 100vw, 1024px\" \/><\/figure>\n\n\n\n<p>El Centro de Estudiantes de la Facultad de Derechos de Lomas de Zamora denunci\u00f3 que un profesor maltrat\u00f3, insult\u00f3 y se burl\u00f3 de un estudiante en pleno examen virtual hora. El hecho ocurri\u00f3 este viernes y tuvo como testigos a varios alumnos. El docente fue separado y suspendido por la casa de altos estudios mientras se sigue el tr\u00e1mite administrativo correspondiente a la denuncia.<\/p>\n\n\n\n<p>Seg\u00fan la denuncia, todo ocurri\u00f3 durante examen final de la materia&nbsp; Derechos Reales (c\u00e1tedra Mastronardi) que estaba a cargo del&nbsp; profesor&nbsp; V\u00edctor Buscaglia.<\/p>\n\n\n\n<p>\u201cUn alumno, de edad avanzada, fue tratado de ignorante (Textual: \u201cEste es m\u00e1s ignorante que el chavo del 8\u201d) por no poder ingresar a la sala en donde le iban a tomar examen (ya que este, al usar el celular, no pod\u00eda hacer click en el link de ingreso). Acto seguido, al ser advertido que su micr\u00f3fono estaba prendido, el docente se justifica y comenta que se van a comunicar con el alumno por llamada telef\u00f3nica, a lo que vuelve a dejar su micr\u00f3fono prendido y dice \u00b4\u201d este hacelo c@nch#\u00b4\u201d, denunci\u00f3 el Centro de Estudiantes, que conduce la agrupaci\u00f3n TodosxDerecho.<\/p>\n\n\n\n<p>En sus redes sociales, la agrupaci\u00f3n destac\u00f3:&nbsp; \u201cComo Centro de Estudiantes conducci\u00f3n, como representantes del claustro estudiantil, no podemos dejar pasar este hecho, la virtualidad no hace otra cosa que permitirnos demostrar el accionar de estos docentes, cosas que durante la cursada quiz\u00e1s pasan desapercibidas por decirse en privado, o en cuestiones que terminan siendo palabra del alumno contra palabra del docente. No queremos que ning\u00fan docente se sienta impune, no queremos que ning\u00fan alumno sea maltratado, ya sea por su edad, elecci\u00f3n sexual, o clase social\u201d.<\/p>\n\n\n\n<p>En tanto, solicitaron la solidaridad de todos los docentes de la Facultad de Derecho&nbsp; \u201cen comprender la situaci\u00f3n que cada uno de nuestros\/as compa\u00f1eros\/as puedan llegar a tener en sus hogares, siendo que no todos contamos con buena se\u00f1al de internet o una buena computadora con c\u00e1mara y micr\u00f3fono, que estamos ante una situaci\u00f3n extraordinaria, y que muchos compa\u00f1eros\/as ya han decidido abandonar la modalidad virtual por dicha situaci\u00f3n\u201d<\/p>\n\n\n\n<p>Finalmente, las autoridades del Centro de Esudiantes agradecieron a las autoridades de la Facultad de Derecho de la UNLZ, \u201cque actuaron r\u00e1pidamente de oficio con respecto a esta situaci\u00f3n, y por el buen recibimiento de estos y otros reclamos, como estudiantes esperamos que esto no vuelva a ocurrir NUNCA M\u00c1S\u201d.<\/p>\n","protected":false},"excerpt":{"rendered":"<p>El Centro de Estudiantes de la Facultad de Derechos de Lomas de Zamora denunci\u00f3 que un profesor maltrat\u00f3, insult\u00f3 y se burl\u00f3 de un estudiante en pleno examen virtual hora. El hecho ocurri\u00f3 este viernes y tuvo como testigos a varios alumnos. El docente fue separado y suspendido por la casa de altos estudios mientras&hellip;<\/p>\n","protected":false},"author":1,"featured_media":96513,"comment_status":"open","ping_status":"open","sticky":false,"template":"","format":"standard","meta":{"footnotes":""},"categories":[6],"tags":[17192,175,2450,476,3729,744,4425],"class_list":["post-96512","post","type-post","status-publish","format-standard","has-post-thumbnail","hentry","category-denuncias","tag-centro-de-estudiantes","tag-denuncia","tag-diario-el-sindical","tag-discriminacion","tag-facultad-de-derecho","tag-lomas-de-zamora","tag-profesor"],"_links":{"self":[{"href":"https:\/\/www.elsindical.com.ar\/notas\/wp-json\/wp\/v2\/posts\/96512","targetHints":{"allow":["GET"]}}],"collection":[{"href":"https:\/\/www.elsindical.com.ar\/notas\/wp-json\/wp\/v2\/posts"}],"about":[{"href":"https:\/\/www.elsindical.com.ar\/notas\/wp-json\/wp\/v2\/types\/post"}],"author":[{"embeddable":true,"href":"https:\/\/www.elsindical.com.ar\/notas\/wp-json\/wp\/v2\/users\/1"}],"replies":[{"embeddable":true,"href":"https:\/\/www.elsindical.com.ar\/notas\/wp-json\/wp\/v2\/comments?post=96512"}],"version-history":[{"count":1,"href":"https:\/\/www.elsindical.com.ar\/notas\/wp-json\/wp\/v2\/posts\/96512\/revisions"}],"predecessor-version":[{"id":96514,"href":"https:\/\/www.elsindical.com.ar\/notas\/wp-json\/wp\/v2\/posts\/96512\/revisions\/96514"}],"wp:featuredmedia":[{"embeddable":true,"href":"https:\/\/www.elsindical.com.ar\/notas\/wp-json\/wp\/v2\/media\/96513"}],"wp:attachment":[{"href":"https:\/\/www.elsindical.com.ar\/notas\/wp-json\/wp\/v2\/media?parent=96512"}],"wp:term":[{"taxonomy":"category","embeddable":true,"href":"https:\/\/www.elsindical.com.ar\/notas\/wp-json\/wp\/v2\/categories?post=96512"},{"taxonomy":"post_tag","embeddable":true,"href":"https:\/\/www.elsindical.com.ar\/notas\/wp-json\/wp\/v2\/tags?post=96512"}],"curies":[{"name":"wp","href":"https:\/\/api.w.org\/{rel}","templated":true}]}}