{"id":96319,"date":"2020-06-07T22:50:01","date_gmt":"2020-06-08T01:50:01","guid":{"rendered":"http:\/\/www.elsindical.com.ar\/notas\/?p=96319"},"modified":"2020-06-07T22:50:01","modified_gmt":"2020-06-08T01:50:01","slug":"lomas-de-zamora-11-detenidos-y-mas-de-400-dosis-de-paco-secuestradas","status":"publish","type":"post","link":"https:\/\/www.elsindical.com.ar\/notas\/lomas-de-zamora-11-detenidos-y-mas-de-400-dosis-de-paco-secuestradas\/","title":{"rendered":"Lomas de Zamora: 11 detenidos y m\u00e1s de 400 dosis de paco secuestradas"},"content":{"rendered":"\n<figure class=\"wp-block-image size-large is-resized\"><img loading=\"lazy\" decoding=\"async\" src=\"http:\/\/www.elsindical.com.ar\/notas\/var\/www\/html\/notas\/wp-content\/uploads\/2020\/06\/allanamiento-drogas-Lomas-de-Zamora.jpeg\" alt=\"\" class=\"wp-image-96320\" width=\"586\" height=\"397\" srcset=\"https:\/\/www.elsindical.com.ar\/notas\/var\/www\/html\/notas\/wp-content\/uploads\/2020\/06\/allanamiento-drogas-Lomas-de-Zamora.jpeg 640w, https:\/\/www.elsindical.com.ar\/notas\/var\/www\/html\/notas\/wp-content\/uploads\/2020\/06\/allanamiento-drogas-Lomas-de-Zamora-300x203.jpeg 300w, https:\/\/www.elsindical.com.ar\/notas\/var\/www\/html\/notas\/wp-content\/uploads\/2020\/06\/allanamiento-drogas-Lomas-de-Zamora-442x300.jpeg 442w\" sizes=\"auto, (max-width: 586px) 100vw, 586px\" \/><\/figure>\n\n\n\n<p class=\"wp-block-paragraph\">Una poderosa banda narco que actuaba en el Barrio Obrero, en Lomas de Zamora, fue desbaratada este domingo por la noche por la Polic\u00eda. Fueron detenidos 6 hombres y 7 mujeres, mientras que se secuestraron 465 dosis de paco.<\/p>\n\n\n\n<p class=\"wp-block-paragraph\">Fuentes policiales informaron que la investigaci\u00f3n parti\u00f3 a trav\u00e9s de denuncias al 911 sobre el accionar de esta banda, y termin\u00f3 con el allanamiento del b\u00fanker que funcionaba en una vivienda de la Manzana 21 del Barrio Obrero.<\/p>\n\n\n\n<p class=\"wp-block-paragraph\">All\u00ed irrumpieron, este domingo, efectivos de la Comisar\u00eda de Villa Centenario y detuvieron a 11 personas (6 hombres y 5 mujeres), de entre 20 y 32 a\u00f1os. Algunos de ellos son familiares entre s\u00ed.<\/p>\n\n\n\n<p class=\"wp-block-paragraph\">Los investigadores explicaron que la banda se dedicaba en la zona a la venta al menudeo de paco. Los detenidos cumpl\u00edan distintas funciones: \u201cpasadores\u201d, \u201csoldados\u201d y \u201ccampanas\u201d.<\/p>\n\n\n\n<p class=\"wp-block-paragraph\">En la vivienda allanada, los polic\u00edas secuestraron dinero en efectivo producto de las ventas de droga y 465 dosis de paco.<\/p>\n\n\n\n<p class=\"wp-block-paragraph\">Los detenidos quedaron a disposici\u00f3n de la UFI 14 de Lomas de Zamora, especializada en tr\u00e1fico de estupefacientes.<\/p>\n","protected":false},"excerpt":{"rendered":"<p>Una poderosa banda narco que actuaba en el Barrio Obrero, en Lomas de Zamora, fue desbaratada este domingo por la noche por la Polic\u00eda. Fueron detenidos 6 hombres y 7 mujeres, mientras que se secuestraron 465 dosis de paco. Fuentes policiales informaron que la investigaci\u00f3n parti\u00f3 a trav\u00e9s de denuncias al 911 sobre el accionar&hellip;<\/p>\n","protected":false},"author":1,"featured_media":96320,"comment_status":"open","ping_status":"open","sticky":false,"template":"","format":"standard","meta":{"footnotes":""},"categories":[22],"tags":[614,25352,33146,22020,744],"class_list":["post-96319","post","type-post","status-publish","format-standard","has-post-thumbnail","hentry","category-policiales","tag-614","tag-barrio-obrero","tag-comisaria-de-villa-centenario","tag-denuncias","tag-lomas-de-zamora"],"_links":{"self":[{"href":"https:\/\/www.elsindical.com.ar\/notas\/wp-json\/wp\/v2\/posts\/96319","targetHints":{"allow":["GET"]}}],"collection":[{"href":"https:\/\/www.elsindical.com.ar\/notas\/wp-json\/wp\/v2\/posts"}],"about":[{"href":"https:\/\/www.elsindical.com.ar\/notas\/wp-json\/wp\/v2\/types\/post"}],"author":[{"embeddable":true,"href":"https:\/\/www.elsindical.com.ar\/notas\/wp-json\/wp\/v2\/users\/1"}],"replies":[{"embeddable":true,"href":"https:\/\/www.elsindical.com.ar\/notas\/wp-json\/wp\/v2\/comments?post=96319"}],"version-history":[{"count":1,"href":"https:\/\/www.elsindical.com.ar\/notas\/wp-json\/wp\/v2\/posts\/96319\/revisions"}],"predecessor-version":[{"id":96321,"href":"https:\/\/www.elsindical.com.ar\/notas\/wp-json\/wp\/v2\/posts\/96319\/revisions\/96321"}],"wp:featuredmedia":[{"embeddable":true,"href":"https:\/\/www.elsindical.com.ar\/notas\/wp-json\/wp\/v2\/media\/96320"}],"wp:attachment":[{"href":"https:\/\/www.elsindical.com.ar\/notas\/wp-json\/wp\/v2\/media?parent=96319"}],"wp:term":[{"taxonomy":"category","embeddable":true,"href":"https:\/\/www.elsindical.com.ar\/notas\/wp-json\/wp\/v2\/categories?post=96319"},{"taxonomy":"post_tag","embeddable":true,"href":"https:\/\/www.elsindical.com.ar\/notas\/wp-json\/wp\/v2\/tags?post=96319"}],"curies":[{"name":"wp","href":"https:\/\/api.w.org\/{rel}","templated":true}]}}