{"id":96153,"date":"2020-06-01T13:28:59","date_gmt":"2020-06-01T16:28:59","guid":{"rendered":"http:\/\/www.elsindical.com.ar\/notas\/?p=96153"},"modified":"2020-06-01T13:32:08","modified_gmt":"2020-06-01T16:32:08","slug":"quilmes-desbaratan-banda-narco-paraguaya-que-operaba-en-villas-del-partido","status":"publish","type":"post","link":"https:\/\/www.elsindical.com.ar\/notas\/quilmes-desbaratan-banda-narco-paraguaya-que-operaba-en-villas-del-partido\/","title":{"rendered":"Quilmes: Desbaratan banda narco paraguaya que operaba en villas del partido"},"content":{"rendered":"\n<figure class=\"wp-block-image size-large is-resized\"><img loading=\"lazy\" decoding=\"async\" src=\"http:\/\/www.elsindical.com.ar\/notas\/var\/www\/html\/notas\/wp-content\/uploads\/2020\/06\/allanamientos-narco-paraguayos-Quilmes.jpeg\" alt=\"\" class=\"wp-image-96154\" width=\"589\" height=\"331\" srcset=\"https:\/\/www.elsindical.com.ar\/notas\/var\/www\/html\/notas\/wp-content\/uploads\/2020\/06\/allanamientos-narco-paraguayos-Quilmes.jpeg 696w, https:\/\/www.elsindical.com.ar\/notas\/var\/www\/html\/notas\/wp-content\/uploads\/2020\/06\/allanamientos-narco-paraguayos-Quilmes-300x169.jpeg 300w, https:\/\/www.elsindical.com.ar\/notas\/var\/www\/html\/notas\/wp-content\/uploads\/2020\/06\/allanamientos-narco-paraguayos-Quilmes-500x282.jpeg 500w, https:\/\/www.elsindical.com.ar\/notas\/var\/www\/html\/notas\/wp-content\/uploads\/2020\/06\/allanamientos-narco-paraguayos-Quilmes-460x260.jpeg 460w\" sizes=\"auto, (max-width: 589px) 100vw, 589px\" \/><\/figure>\n\n\n\n<p class=\"wp-block-paragraph\">Se trata de una banda de integrantes paraguayos. La modalidad de venta era en los pasillos de las villas, mientras organizaban campeonatos de Piki Voley en canchas ubicadas dentro de las barriadas. En las aglomeraciones de gente, ofrec\u00edan coca\u00edna y marihuana a sus compradores.<\/p>\n\n\n\n<p class=\"wp-block-paragraph\">Efectivos dieron con una banda de narcos paragayos integrado por una mujer y cuatro hombres, luego de una investigaci\u00f3n que llev\u00f3 varias semanas de trabajos, que incluy\u00f3 filmaci\u00f3n en forma terrestre, y a\u00e9rea tanto de d\u00eda como de noche. <\/p>\n\n\n\n<p class=\"wp-block-paragraph\">La informaci\u00f3n recogida fue cruzada con la direcci\u00f3n de Enlace Interpol y otras \u00e1reas, que corroboraron la identificaci\u00f3n de los sujetos, probando a su vez la actividad ilegal de la venta de estupefacientes, coca\u00edna y marihuana en las populosas barriadas de Papa Francisco, La Matera y Villa Azul en Quilmes.<\/p>\n\n\n\n<p class=\"wp-block-paragraph\">Se efectuaron siete allanamientos simult\u00e1neos en Papa Francisco, La Matera y zonas marginales a la vera del arroyo las Piedras, en con la participaci\u00f3n de m\u00e1s de 100 efectivos. As\u00ed se detuvo a esta banda junto con compradores.<\/p>\n\n\n\n<p class=\"wp-block-paragraph\">Se hallaron dosis de marihuana (200), de coca\u00edna (3500) , dinero en efectivo, balanza de precisi\u00f3n, elementos de fraccionamiento para el armado de los baguyos, armas de fuego (pistola calibre 9 mm bersa con numeraci\u00f3n suprimida con un cargador con 8 proyectiles intactos), celulares (10) pertenecientes a los integrantes de la banda y cuadernos con anotaciones.<\/p>\n\n\n\n<p class=\"wp-block-paragraph\">Uno de los dealers se encontraba vendiendo en las cercan\u00edas del arroyo Las Piedras, por lo que se intent\u00f3 huir arroj\u00e1ndose al curso de agua pero fue detenido al rato.<\/p>\n\n\n\n<p class=\"wp-block-paragraph\">\u201cAnte del cumplimiento de los allanamientos se formaliz\u00f3 el protocolo de prevenci\u00f3n ante e COVID-19 en una charla instructiva, a la vez que la totalidad de los testigos de actuaciones, se les coloc\u00f3 camisol\u00edn, antiparras, guantes y cofia generando una desinfecci\u00f3n por parte de Polic\u00eda Ecol\u00f3gica en veh\u00edculos oficiales utilizados, como as\u00ed tambi\u00e9n en los domicilios allanados\u201d, indic\u00f3 el parte policial.<\/p>\n\n\n\n<p class=\"wp-block-paragraph\">Surge de la investigaci\u00f3n que esta banda delictiva operaba de manera paralela en los tres asentamientos, pero respecto del asentamiento Villa Azul, en estas \u00faltimas dos semanas, debido a la intervenci\u00f3n estatal de aislamiento obligatorio y cercamiento del lugar con fuerte presencia policial, se trasladaron A la Villa Papa Francisco.<\/p>\n\n\n\n<figure class=\"wp-block-gallery columns-1 is-cropped wp-block-gallery-1 is-layout-flex wp-block-gallery-is-layout-flex\"><ul class=\"blocks-gallery-grid\"><li class=\"blocks-gallery-item\"><figure><img loading=\"lazy\" decoding=\"async\" width=\"696\" height=\"522\" src=\"http:\/\/www.elsindical.com.ar\/notas\/var\/www\/html\/notas\/wp-content\/uploads\/2020\/06\/banda-narco-paraguaya-Quilmes.jpeg\" alt=\"\" data-id=\"96155\" data-full-url=\"http:\/\/www.elsindical.com.ar\/notas\/var\/www\/html\/notas\/wp-content\/uploads\/2020\/06\/banda-narco-paraguaya-Quilmes.jpeg\" data-link=\"http:\/\/www.elsindical.com.ar\/notas\/?attachment_id=96155#main\" class=\"wp-image-96155\" srcset=\"https:\/\/www.elsindical.com.ar\/notas\/var\/www\/html\/notas\/wp-content\/uploads\/2020\/06\/banda-narco-paraguaya-Quilmes.jpeg 696w, https:\/\/www.elsindical.com.ar\/notas\/var\/www\/html\/notas\/wp-content\/uploads\/2020\/06\/banda-narco-paraguaya-Quilmes-300x225.jpeg 300w, https:\/\/www.elsindical.com.ar\/notas\/var\/www\/html\/notas\/wp-content\/uploads\/2020\/06\/banda-narco-paraguaya-Quilmes-400x300.jpeg 400w\" sizes=\"auto, (max-width: 696px) 100vw, 696px\" \/><\/figure><\/li><li class=\"blocks-gallery-item\"><figure><img loading=\"lazy\" decoding=\"async\" width=\"696\" height=\"522\" src=\"http:\/\/www.elsindical.com.ar\/notas\/var\/www\/html\/notas\/wp-content\/uploads\/2020\/06\/narco-paraguayos-detenidos-Quilmes.jpeg\" alt=\"\" data-id=\"96156\" data-full-url=\"http:\/\/www.elsindical.com.ar\/notas\/var\/www\/html\/notas\/wp-content\/uploads\/2020\/06\/narco-paraguayos-detenidos-Quilmes.jpeg\" data-link=\"http:\/\/www.elsindical.com.ar\/notas\/?attachment_id=96156#main\" class=\"wp-image-96156\" srcset=\"https:\/\/www.elsindical.com.ar\/notas\/var\/www\/html\/notas\/wp-content\/uploads\/2020\/06\/narco-paraguayos-detenidos-Quilmes.jpeg 696w, https:\/\/www.elsindical.com.ar\/notas\/var\/www\/html\/notas\/wp-content\/uploads\/2020\/06\/narco-paraguayos-detenidos-Quilmes-300x225.jpeg 300w, https:\/\/www.elsindical.com.ar\/notas\/var\/www\/html\/notas\/wp-content\/uploads\/2020\/06\/narco-paraguayos-detenidos-Quilmes-400x300.jpeg 400w\" sizes=\"auto, (max-width: 696px) 100vw, 696px\" \/><\/figure><\/li><\/ul><\/figure>\n\n\n\n<iframe loading=\"lazy\" width=\"580\" height=\"420\" src=\"https:\/\/www.youtube.com\/embed\/FiwtKEz7Ooo\" frameborder=\"0\" allow=\"accelerometer; autoplay; encrypted-media; gyroscope; picture-in-picture\" allowfullscreen><\/iframe>\n","protected":false},"excerpt":{"rendered":"<p>Se trata de una banda de integrantes paraguayos. La modalidad de venta era en los pasillos de las villas, mientras organizaban campeonatos de Piki Voley en canchas ubicadas dentro de las barriadas. En las aglomeraciones de gente, ofrec\u00edan coca\u00edna y marihuana a sus compradores. Efectivos dieron con una banda de narcos paragayos integrado por una&hellip;<\/p>\n","protected":false},"author":1,"featured_media":96154,"comment_status":"open","ping_status":"open","sticky":false,"template":"","format":"standard","meta":{"footnotes":""},"categories":[22],"tags":[16099,32627,2450,382,33120,15984,684,15539],"class_list":["post-96153","post","type-post","status-publish","format-standard","has-post-thumbnail","hentry","category-policiales","tag-barrio-la-matera","tag-covid-19","tag-diario-el-sindical","tag-drogas","tag-narcos-paraguayos","tag-papa-francisco","tag-quilmes","tag-villa-azul"],"_links":{"self":[{"href":"https:\/\/www.elsindical.com.ar\/notas\/wp-json\/wp\/v2\/posts\/96153","targetHints":{"allow":["GET"]}}],"collection":[{"href":"https:\/\/www.elsindical.com.ar\/notas\/wp-json\/wp\/v2\/posts"}],"about":[{"href":"https:\/\/www.elsindical.com.ar\/notas\/wp-json\/wp\/v2\/types\/post"}],"author":[{"embeddable":true,"href":"https:\/\/www.elsindical.com.ar\/notas\/wp-json\/wp\/v2\/users\/1"}],"replies":[{"embeddable":true,"href":"https:\/\/www.elsindical.com.ar\/notas\/wp-json\/wp\/v2\/comments?post=96153"}],"version-history":[{"count":2,"href":"https:\/\/www.elsindical.com.ar\/notas\/wp-json\/wp\/v2\/posts\/96153\/revisions"}],"predecessor-version":[{"id":96158,"href":"https:\/\/www.elsindical.com.ar\/notas\/wp-json\/wp\/v2\/posts\/96153\/revisions\/96158"}],"wp:featuredmedia":[{"embeddable":true,"href":"https:\/\/www.elsindical.com.ar\/notas\/wp-json\/wp\/v2\/media\/96154"}],"wp:attachment":[{"href":"https:\/\/www.elsindical.com.ar\/notas\/wp-json\/wp\/v2\/media?parent=96153"}],"wp:term":[{"taxonomy":"category","embeddable":true,"href":"https:\/\/www.elsindical.com.ar\/notas\/wp-json\/wp\/v2\/categories?post=96153"},{"taxonomy":"post_tag","embeddable":true,"href":"https:\/\/www.elsindical.com.ar\/notas\/wp-json\/wp\/v2\/tags?post=96153"}],"curies":[{"name":"wp","href":"https:\/\/api.w.org\/{rel}","templated":true}]}}