{"id":9595,"date":"2010-09-17T03:24:59","date_gmt":"2010-09-17T06:24:59","guid":{"rendered":"http:\/\/www.elsindical.com.ar\/notas\/?p=9595"},"modified":"2010-09-17T03:24:59","modified_gmt":"2010-09-17T06:24:59","slug":"masiva-marcha-por-la-noche-de-los-lapices","status":"publish","type":"post","link":"https:\/\/www.elsindical.com.ar\/notas\/masiva-marcha-por-la-noche-de-los-lapices\/","title":{"rendered":"Masiva marcha por la \u00abNoche de los L\u00e1pices\u00bb"},"content":{"rendered":"<p style=\"text-align: justify;\"><em><a href=\"http:\/\/www.elsindical.com.ar\/notas\/var\/www\/html\/notas\/wp-content\/uploads\/2010\/09\/marcha-por-la-noche-de-los-.jpg\"><img loading=\"lazy\" decoding=\"async\" class=\"alignleft size-medium wp-image-9596\" title=\"marcha-por-la-noche-de-los-\" src=\"http:\/\/www.elsindical.com.ar\/notas\/var\/www\/html\/notas\/wp-content\/uploads\/2010\/09\/marcha-por-la-noche-de-los--300x206.jpg\" alt=\"\" width=\"300\" height=\"206\" srcset=\"https:\/\/www.elsindical.com.ar\/notas\/var\/www\/html\/notas\/wp-content\/uploads\/2010\/09\/marcha-por-la-noche-de-los--300x206.jpg 300w, https:\/\/www.elsindical.com.ar\/notas\/var\/www\/html\/notas\/wp-content\/uploads\/2010\/09\/marcha-por-la-noche-de-los-.jpg 413w\" sizes=\"auto, (max-width: 300px) 100vw, 300px\" \/><\/a>El acto porte\u00f1o estuvo signado por el tono del conflicto estudiantil. Tambi\u00e9n hubo homenajes en La Plata y otras ciudades del interior.<\/em><\/p>\n<p style=\"text-align: justify;\">Miles de estudiantes, militantes de organizaciones sociales, pol\u00edticas y sindicales se movilizaron hoy en todo el pa\u00eds al conmemorarse el 34\u00ba aniversario de \u00abLa noche de los l\u00e1pices\u00bb, en memoria de los adolescentes secuestrados y desaparecidos por la \u00faltima dictadura y en defensa de la educaci\u00f3n p\u00fablica.<\/p>\n<p style=\"text-align: justify;\">Por su parte, la presidenta Cristina Fern\u00e1ndez tambi\u00e9n record\u00f3 hoy a las v\u00edctimas de \u00abLa noche de los l\u00e1pices\u00bb y reclam\u00f3 \u00abmemoria, verdad y justicia\u00bb. En La Plata, la ciudad en donde fueron secuestrados entre el 16 y el 19 de setiembre de 1976 diez estudiantes secundarios, se realiz\u00f3 una movilizaci\u00f3n que parti\u00f3 desde la Plaza San Mart\u00edn y que tuvo como cierre los discursos de Emilce Moler, una de las sobrevivientes de la acci\u00f3n militar, y la presidenta de Abuelas de Plaza de Mayo, Estela de Carlotto.<\/p>\n<p style=\"text-align: justify;\">\u00abEsto marca un hito porque es bueno poder conservar la memoria y decirle a los m\u00e1s chicos que tienen que sentirlo para que incorporen lo que fue la lucha\u00bb, dijo Carlotto. Las movilizaciones en homenaje a los estudiantes desaparecidos tambi\u00e9n se repitieron en las principales ciudades del pa\u00eds.<\/p>\n<p style=\"text-align: justify;\">En Buenos Aires, por su parte, la manifestaci\u00f3n tuvo como marco el conflicto que los alumnos secundarios mantienen con el gobierno de Mauricio Macri y que deriv\u00f3 en la toma de casi 30 establecimientos, la mayor\u00eda de ellos con graves problemas edilicios y con sectores destruidos.<\/p>\n<p style=\"text-align: justify;\">Cuando la movilizaci\u00f3n, que parti\u00f3 frente al Congreso hacia la Plaza de Mayo, lleg\u00f3 al edificio comunal, un grupo de j\u00f3venes arroj\u00f3 huevos, realiz\u00f3 pintadas en las paredes y enton\u00f3 cantos contrarios al mandatario porte\u00f1o.<\/p>\n<p style=\"text-align: justify;\">\u00abMacri facho, ni tu pap\u00e1 te quiere\u00bb, escribieron los j\u00f3venes en el frente, mientras cantaban \u00abMacri, basura, vos sos la dictadura\u00bb.<\/p>\n<p style=\"text-align: justify;\">Adem\u00e1s quemaron una maqueta que figuraba un l\u00e1piz y que en la punta ten\u00eda el rostro de un militar. En su cuenta de twitter, la presidenta Cristina Fern\u00e1ndez rindi\u00f3 homenaje a los estudiantes que fueron v\u00edctimas de la represi\u00f3n de la dictadura en La Plata y en especial a Claudio Acha, quien dijo era compa\u00f1ero de escuela de su hermana.<\/p>\n<p style=\"text-align: justify;\">\u00abLo recuerdo sentado en la mesa de la cocina de la casa de mam\u00e1, alto, flaco, desgarbado, entra\u00f1able\u00bb, rememor\u00f3 la mandataria en las pocas palabras que permite esa red social.<\/p>\n<p style=\"text-align: justify;\">Por su parte, el ministro de Educaci\u00f3n, Alberto Sileoni, tambi\u00e9n record\u00f3 a los estudiantes desaparecidos y consider\u00f3 que la escuela \u00abes un extraordinario escenario para trabajar exhaustivamente por la memoria, la verdad y la justicia\u00bb. Sileoni encabez\u00f3 un acto que se realiz\u00f3 en el partido bonaerense de La Matanza con motivo del marco del D\u00eda de la Reafirmaci\u00f3n de los Derechos del Estudiante Secundario.<\/p>\n<p style=\"text-align: justify;\">El operativo de secuestro de los adolescentes platenses, cuyas edades iban entre los 16 y 18 a\u00f1os, fue realizado por militares del Batall\u00f3n 601 del Servicio de Inteligencia del Ej\u00e9rcito y por agentes de la Polic\u00eda bonaerense, dirigida en aquella \u00e9poca por el general Ram\u00f3n Camps. Claudio Acha, Mar\u00eda Clara Ciocchini, Mar\u00eda Claudia Falcone, Francisco L\u00f3pez Muntaner, Daniel Racero y Horacio Ungaro, mientras que Gustavo Calotti, Pablo D\u00edaz, Patricia Miranda y Emilce Moler lograron sobrevivir.<\/p>\n<p style=\"text-align: justify;\">Seg\u00fan la Comisi\u00f3n Nacional sobre la Desaparici\u00f3n de Personas (CONADEP), la polic\u00eda provincial prepar\u00f3 los secuestros como un escarmiento para aquellos estudiantes que hab\u00edan participado de la campa\u00f1a por el boleto estudiantil, considerada por las Fuerzas Armadas como \u00absubversi\u00f3n en las escuelas\u00bb.<\/p>\n<p style=\"text-align: justify;\">Los adolescentes estuvieron detenidos ilegalmente en los centros clandestinos Pozo de Arana, Pozo de Banfield, Pozo de Quilmes, Jefatura de Polic\u00eda provincial, las comisar\u00edas 5\u00b0, 8\u00b0 y 9\u00b0 de La Plata, la 3\u00b0 de Valent\u00edn Alsina, en Lan\u00fas, y el Pol\u00edgono de Tiro de la Jefatura bonaerense.\u00a0<\/p>\n<p style=\"text-align: justify;\">Fuente: DYN<\/p>\n","protected":false},"excerpt":{"rendered":"<p>El acto porte\u00f1o estuvo signado por el tono del conflicto estudiantil. Tambi\u00e9n hubo homenajes en La Plata y otras ciudades del interior. Miles de estudiantes, militantes de organizaciones sociales, pol\u00edticas y sindicales se movilizaron hoy en todo el pa\u00eds al conmemorarse el 34\u00ba aniversario de \u00abLa noche de los l\u00e1pices\u00bb, en memoria de los adolescentes&hellip;<\/p>\n","protected":false},"author":1,"featured_media":0,"comment_status":"open","ping_status":"open","sticky":false,"template":"","format":"standard","meta":{"footnotes":""},"categories":[8],"tags":[4667,156],"class_list":["post-9595","post","type-post","status-publish","format-standard","hentry","category-derechos-humanos","tag-la-noche-de-los-lapices","tag-marcha"],"_links":{"self":[{"href":"https:\/\/www.elsindical.com.ar\/notas\/wp-json\/wp\/v2\/posts\/9595","targetHints":{"allow":["GET"]}}],"collection":[{"href":"https:\/\/www.elsindical.com.ar\/notas\/wp-json\/wp\/v2\/posts"}],"about":[{"href":"https:\/\/www.elsindical.com.ar\/notas\/wp-json\/wp\/v2\/types\/post"}],"author":[{"embeddable":true,"href":"https:\/\/www.elsindical.com.ar\/notas\/wp-json\/wp\/v2\/users\/1"}],"replies":[{"embeddable":true,"href":"https:\/\/www.elsindical.com.ar\/notas\/wp-json\/wp\/v2\/comments?post=9595"}],"version-history":[{"count":1,"href":"https:\/\/www.elsindical.com.ar\/notas\/wp-json\/wp\/v2\/posts\/9595\/revisions"}],"predecessor-version":[{"id":9597,"href":"https:\/\/www.elsindical.com.ar\/notas\/wp-json\/wp\/v2\/posts\/9595\/revisions\/9597"}],"wp:attachment":[{"href":"https:\/\/www.elsindical.com.ar\/notas\/wp-json\/wp\/v2\/media?parent=9595"}],"wp:term":[{"taxonomy":"category","embeddable":true,"href":"https:\/\/www.elsindical.com.ar\/notas\/wp-json\/wp\/v2\/categories?post=9595"},{"taxonomy":"post_tag","embeddable":true,"href":"https:\/\/www.elsindical.com.ar\/notas\/wp-json\/wp\/v2\/tags?post=9595"}],"curies":[{"name":"wp","href":"https:\/\/api.w.org\/{rel}","templated":true}]}}