{"id":95943,"date":"2020-05-24T21:22:56","date_gmt":"2020-05-25T00:22:56","guid":{"rendered":"http:\/\/www.elsindical.com.ar\/notas\/?p=95943"},"modified":"2020-05-24T21:25:27","modified_gmt":"2020-05-25T00:25:27","slug":"los-abogados-presentaron-protocolos-para-volver-a-trabajar-de-forma-presencial","status":"publish","type":"post","link":"https:\/\/www.elsindical.com.ar\/notas\/los-abogados-presentaron-protocolos-para-volver-a-trabajar-de-forma-presencial\/","title":{"rendered":"Los abogados presentaron protocolos para volver a trabajar de forma presencial"},"content":{"rendered":"\n<figure class=\"wp-block-image size-large is-resized\"><img loading=\"lazy\" decoding=\"async\" src=\"http:\/\/www.elsindical.com.ar\/notas\/var\/www\/html\/notas\/wp-content\/uploads\/2020\/05\/Adriana-Coliqueo-despacho-1024x682.jpg\" alt=\"\" class=\"wp-image-95944\" width=\"591\" height=\"393\" srcset=\"https:\/\/www.elsindical.com.ar\/notas\/var\/www\/html\/notas\/wp-content\/uploads\/2020\/05\/Adriana-Coliqueo-despacho-1024x682.jpg 1024w, https:\/\/www.elsindical.com.ar\/notas\/var\/www\/html\/notas\/wp-content\/uploads\/2020\/05\/Adriana-Coliqueo-despacho-300x200.jpg 300w, https:\/\/www.elsindical.com.ar\/notas\/var\/www\/html\/notas\/wp-content\/uploads\/2020\/05\/Adriana-Coliqueo-despacho-768x512.jpg 768w, https:\/\/www.elsindical.com.ar\/notas\/var\/www\/html\/notas\/wp-content\/uploads\/2020\/05\/Adriana-Coliqueo-despacho-450x300.jpg 450w, https:\/\/www.elsindical.com.ar\/notas\/var\/www\/html\/notas\/wp-content\/uploads\/2020\/05\/Adriana-Coliqueo-despacho-1536x1024.jpg 1536w, https:\/\/www.elsindical.com.ar\/notas\/var\/www\/html\/notas\/wp-content\/uploads\/2020\/05\/Adriana-Coliqueo-despacho.jpg 2000w\" sizes=\"auto, (max-width: 591px) 100vw, 591px\" \/><\/figure>\n\n\n\n<p>Luego de m\u00e1s de dos meses de cuarentena, los Colegios de Abogados de distintas departamentales judiciales presentaron un protocolo para que sean habilitados para volver a trabajar a sus estudios y exigen que la Justicia sea declarada una actividad esencial. Adem\u00e1s, se mostraron expectantes del trabajo que se puede realizar a partir del expediente digital en la provincia de Buenos Aires.<\/p>\n\n\n\n<p>Desde el Colegio de Abogados de Avellaneda-Lan\u00fas le presentaron una nota a los intendentes N\u00e9stor Grindetti y Jorge Ferraresi para que los letrados puedan \u201cconcurrir a los estudios a trabajar\u201d. Esa nota fue elevada a Provincia para que eval\u00faen el protocolo presentado.<\/p>\n\n\n\n<p>\u201cSiendo dos distritos grandes, necesitamos autorizaci\u00f3n de la Gobernaci\u00f3n. El procedimiento que plantemos es de una atenci\u00f3n m\u00ednima. Por un lado, trabajamos en La Corte para pedir que se termine de implementar el expediente digital que est\u00e1 funcionando en la Provincia, lo que permite que desde nuestras casas podamos seguir trabajando de forma virtual, con la limitaci\u00f3n de lo presencial. No se pueden hacer audiencias, pero s\u00ed podemos avanzar en los expedientes\u201d, explic\u00f3 la titular del Colegio de Abogados de Avellaneda-Lan\u00fas, Adriana Coliqueo.<\/p>\n\n\n\n<p>Otro reclamo es que habilite a los abogados y abogadas \u201ca concurrir a los estudios a trabajar\u201d, para lo cual, proponen \u201cconcurrir en un horario determinado, cumpliendo con los protocolos de seguridad y sanidad determinados, que se pueda atender por turnos, con barbijo y todos los elementos de higiene\u201d.<\/p>\n\n\n\n<p>Respecto a c\u00f3mo afect\u00f3 el aislamiento, la abogada fue contundente y afirm\u00f3 que \u201cesto fue un cambio absoluto\u201d.<\/p>\n\n\n\n<p>\u201cTribunales est\u00e1 cerrado, hay una atenci\u00f3n m\u00ednima con sistema de turnos, se empezaron a correr los plazos, pero es como si hubiera una feria judicial. Vos podes avanzar hasta tanto no requiera una presencia personal, la audiencia, la pericia m\u00e9dica, vos hoy no lo podes hacer\u201d, a\u00f1adi\u00f3 Coliqueo<\/p>\n\n\n\n<p>\u201cLos expedientes avanzan lentamente y se tuvo que implementar un sistema nuevo. Muchos jueves est\u00e1n trabajando bien, pero otros no. Nuestro reclamo es claro: poder concurrir a los estudios para garantizar una atenci\u00f3n m\u00ednima\u201d, asever\u00f3 la presidenta del Colegio de Abogados de Avellaneda-Lan\u00fas.<\/p>\n\n\n\n<p>Asimismo, Coliquio se mostr\u00f3 expectante por la mediaci\u00f3n mixta que se realiz\u00f3 en el juicio por Anah\u00ed Benitez, como una forma de que se pueda extender a otros juicios. \u201cEso se va a tener que hacer porque hay cuestiones que la presencia f\u00edsica va a ser ineludible, el problema es el espacio f\u00edsico y la infraestructura de Tribunales que no permite todo eso. Igual, creo que es dif\u00edcil que se autorice\u201d, analiz\u00f3 la letrada.<\/p>\n\n\n\n<p>Compar\u00f3, asimismo, que \u201cen el interior es m\u00e1s factible porque est\u00e1n en otra fase\u201d. \u201cNosotros queremos una Justicia \u00fanica, que brinde un buen servicio. Con todo esto, tambi\u00e9n vemos que hay muchas cosas que van a quedar y est\u00e1 bien, para as\u00ed tener una Justicia moderna\u201d, reflexion\u00f3.<\/p>\n","protected":false},"excerpt":{"rendered":"<p>Luego de m\u00e1s de dos meses de cuarentena, los Colegios de Abogados de distintas departamentales judiciales presentaron un protocolo para que sean habilitados para volver a trabajar a sus estudios y exigen que la Justicia sea declarada una actividad esencial. Adem\u00e1s, se mostraron expectantes del trabajo que se puede realizar a partir del expediente digital&hellip;<\/p>\n","protected":false},"author":1,"featured_media":95944,"comment_status":"open","ping_status":"open","sticky":false,"template":"","format":"standard","meta":{"footnotes":""},"categories":[25],"tags":[2583,2450,1062,5025,33063],"class_list":["post-95943","post","type-post","status-publish","format-standard","has-post-thumbnail","hentry","category-sociedad","tag-colegio-de-abogados","tag-diario-el-sindical","tag-jorge-ferraresi","tag-nestor-grindetti","tag-protocolo-de-cuarentena"],"_links":{"self":[{"href":"https:\/\/www.elsindical.com.ar\/notas\/wp-json\/wp\/v2\/posts\/95943","targetHints":{"allow":["GET"]}}],"collection":[{"href":"https:\/\/www.elsindical.com.ar\/notas\/wp-json\/wp\/v2\/posts"}],"about":[{"href":"https:\/\/www.elsindical.com.ar\/notas\/wp-json\/wp\/v2\/types\/post"}],"author":[{"embeddable":true,"href":"https:\/\/www.elsindical.com.ar\/notas\/wp-json\/wp\/v2\/users\/1"}],"replies":[{"embeddable":true,"href":"https:\/\/www.elsindical.com.ar\/notas\/wp-json\/wp\/v2\/comments?post=95943"}],"version-history":[{"count":2,"href":"https:\/\/www.elsindical.com.ar\/notas\/wp-json\/wp\/v2\/posts\/95943\/revisions"}],"predecessor-version":[{"id":95946,"href":"https:\/\/www.elsindical.com.ar\/notas\/wp-json\/wp\/v2\/posts\/95943\/revisions\/95946"}],"wp:featuredmedia":[{"embeddable":true,"href":"https:\/\/www.elsindical.com.ar\/notas\/wp-json\/wp\/v2\/media\/95944"}],"wp:attachment":[{"href":"https:\/\/www.elsindical.com.ar\/notas\/wp-json\/wp\/v2\/media?parent=95943"}],"wp:term":[{"taxonomy":"category","embeddable":true,"href":"https:\/\/www.elsindical.com.ar\/notas\/wp-json\/wp\/v2\/categories?post=95943"},{"taxonomy":"post_tag","embeddable":true,"href":"https:\/\/www.elsindical.com.ar\/notas\/wp-json\/wp\/v2\/tags?post=95943"}],"curies":[{"name":"wp","href":"https:\/\/api.w.org\/{rel}","templated":true}]}}