{"id":95940,"date":"2020-05-24T21:10:24","date_gmt":"2020-05-25T00:10:24","guid":{"rendered":"http:\/\/www.elsindical.com.ar\/notas\/?p=95940"},"modified":"2020-05-24T21:10:24","modified_gmt":"2020-05-25T00:10:24","slug":"denuncian-espionaje-ilegal-en-el-gobierno-de-macri-seguimientos-filmaciones-fotos-y-listado-secreto-de-politicos-empresarios-y-periodistas-pinchados","status":"publish","type":"post","link":"https:\/\/www.elsindical.com.ar\/notas\/denuncian-espionaje-ilegal-en-el-gobierno-de-macri-seguimientos-filmaciones-fotos-y-listado-secreto-de-politicos-empresarios-y-periodistas-pinchados\/","title":{"rendered":"Denuncian espionaje ilegal en el gobierno de Macri: seguimientos, filmaciones, fotos y listado secreto de pol\u00edticos, empresarios y periodistas \u201cpinchados\u201d"},"content":{"rendered":"\n<figure class=\"wp-block-image size-large is-resized\"><img loading=\"lazy\" decoding=\"async\" src=\"http:\/\/www.elsindical.com.ar\/notas\/var\/www\/html\/notas\/wp-content\/uploads\/2020\/05\/Macri-y-Arribas-1024x734.jpg\" alt=\"\" class=\"wp-image-95941\" width=\"589\" height=\"421\" srcset=\"https:\/\/www.elsindical.com.ar\/notas\/var\/www\/html\/notas\/wp-content\/uploads\/2020\/05\/Macri-y-Arribas-1024x734.jpg 1024w, https:\/\/www.elsindical.com.ar\/notas\/var\/www\/html\/notas\/wp-content\/uploads\/2020\/05\/Macri-y-Arribas-300x215.jpg 300w, https:\/\/www.elsindical.com.ar\/notas\/var\/www\/html\/notas\/wp-content\/uploads\/2020\/05\/Macri-y-Arribas-418x300.jpg 418w, https:\/\/www.elsindical.com.ar\/notas\/var\/www\/html\/notas\/wp-content\/uploads\/2020\/05\/Macri-y-Arribas.jpg 1170w\" sizes=\"auto, (max-width: 589px) 100vw, 589px\" \/><\/figure>\n\n\n\n<p>Una investigaci\u00f3n vinculada a la Agencia Federal de Inteligencia gener\u00f3 miles de mails de pol\u00edticos, empresarios y periodistas interceptados ilegalmente para hacer espionaje y operaciones clandestinas. Gustavo Arribas, ex titular de la AFI, el principal apuntado.<\/p>\n\n\n\n<p>Una investigaci\u00f3n vinculada a la <strong>Agencia Federal de Inteligencia<\/strong> gener\u00f3 miles de mails de <strong>pol\u00edticos, empresarios y periodistas<\/strong> interceptados ilegalmente para hacer <strong>espionaje y operaciones clandestinas.<\/strong><\/p>\n\n\n\n<p>La interventora de la AFI, <strong>Cristina Caama\u00f1o<\/strong>, va a presentar una denuncia judicial de alto impacto pol\u00edtico. Los detalles de la presentaci\u00f3n ya fueron acercados al propio presidente <strong>Alberto Fern\u00e1ndez, quien dio el visto bueno para avanzar en el esclarecimiento de los delitos denunciados.<\/strong><\/p>\n\n\n\n<p>Fuentes de la Casa Rosada tambi\u00e9n confirmaron que al finalizar el plazo pautado para la intervenci\u00f3n del organismo <strong>Caama\u00f1o ser\u00e1 ratificada en el cargo con el rango de directora.<\/strong><\/p>\n\n\n\n<p>El c\u00famulo de pruebas reunidas para la denuncia va a poner al descubierto maniobras de espionaje ilegal que sucedieron en el \u00e1rea de inteligencia durante la gesti\u00f3n de <strong>Gustavo Arribas,<\/strong> <strong>el jefe de los esp\u00edas de Mauricio Macri<\/strong>. La presentaci\u00f3n ser\u00e1 v\u00eda mail ante la C\u00e1mara Federal cumpliendo el protocolo previsto para los tiempos de pandemia, aunque tambi\u00e9n podr\u00eda ser presentada en el juzgado federal de turno que la semana entrante estar\u00e1 a cargo de la jueza Mar\u00eda Eugenia Capuchetti, acompa\u00f1ada del fiscal Carlos Stornelli. De una u otra manera, <strong>la causa deber\u00e1 ser sorteada en el fuero federal para determinar quienes ser\u00e1n los investigadores de un expediente que promete ser escandaloso.<\/strong><\/p>\n\n\n\n<p>Caama\u00f1o asegur\u00f3 que \u201c<strong>la denuncia existe, pero no vamos a realizar ninguna declaraci\u00f3n medi\u00e1tica hasta tanto no se presente la causa judicial<\/strong>\u201d. Y agreg\u00f3: \u201cQueremos ser serios en esto por la gravedad de las pruebas recolectadas, no queremos mediatizar una causa que muestra el nivel de poca transparencia con la que se manej\u00f3 el organismo durante tanto tiempo\u201d.<\/p>\n\n\n\n<p>En la AFI, la sorpresa fue mayor cuando descubrieron que las <strong>v\u00edctimas del espionaje ilegal no s\u00f3lo eran pol\u00edticos opositores al macrismo sino que tambi\u00e9n referentes de la propia alianza<\/strong> que gobern\u00f3 la Argentina desde 2015 hasta 2019. <strong>\u201cSe espiaban a ellos mismos\u201d<\/strong>, revel\u00f3 una fuente de inteligencia. La lista de los diputados y senadores perseguidos ilegalmente la conformar\u00edan unos 80 nombres guardados bajo estricta reserva.<\/p>\n\n\n\n<p>Seg\u00fan se conoci\u00f3 en las \u00faltimas horas, entre los pol\u00edticos esp\u00edados est\u00e1 <strong>Laura Alonso<\/strong>, la ex titular de la Oficina Anticorrupci\u00f3n, <strong>Emilio Monz\u00f3,<\/strong> el ex titular de la C\u00e1mara de Diputados y el legislador <strong>Nicol\u00e1s Massot.<\/strong><\/p>\n\n\n\n<p>Del sector opositor la lista tambi\u00e9n es escandalosa. La diputada <strong>Graciela Cama\u00f1o <\/strong>encabeza una lista que se completa con varios<strong> empleados y colaboradores del Instituto Patri<\/strong>a, la usina pol\u00edtica liderada por la actual vicepresidenta Cristina Kirchner. En este \u00faltimo lugar se utiliz\u00f3 tecnolog\u00eda de \u00faltima generaci\u00f3n para tareas de inteligencia.<\/p>\n\n\n\n<p>El listado tambi\u00e9n incluye a periodistas pol\u00edticos de buen di\u00e1logo con el gobierno anterior, una historiadora cercana al kirchnerismo que desarroll\u00f3 una destaca investigaci\u00f3n sobre el rol de Eva Per\u00f3n dentro de movimiento peronista y empresarios de los m\u00e1s destacados del pa\u00eds.<\/p>\n\n\n\n<p>Uno de los espiados del sector kirchnerista, seg\u00fan consta en la denuncia judicial, fue el diputado del Frente de Todos, <strong>Marcos Cleri<\/strong>, referente de La C\u00e1mpora en la provincia de Santa Fe.<\/p>\n\n\n\n<p>El listado del espionaje clandestino fue descubierto en los \u00faltimos 30 d\u00edas y solamente muestra el contacto \u201cpinchado\u201d, es decir la casilla de mail y el nombre de la persona junto al asunto utilizado para redactar cada mensaje. Al no encontrarse el contenido completo de los mails se <strong>sospecha que los archivos de la computadora habr\u00edan sido adulterados para extraer toda la informaci\u00f3n e intentar no dejar rastros del delito.<\/strong><\/p>\n\n\n\n<p>Tambi\u00e9n la denuncia aportar\u00eda pruebas sobre seguimientos, filmaciones, fotos y el testimonio de uno de los agentes arrepentidos que ya revel\u00f3 detalles sustanciales frente a los legisladores que integran la Comisi\u00f3n Bicameral de Seguimiento y Control de los Organismos de Inteligencia. All\u00ed el esp\u00eda cont\u00f3 detalles de una trama de espionaje ilegal que amenaza con despertar un nuevo esc\u00e1ndalo pol\u00edtico.<\/p>\n","protected":false},"excerpt":{"rendered":"<p>Una investigaci\u00f3n vinculada a la Agencia Federal de Inteligencia gener\u00f3 miles de mails de pol\u00edticos, empresarios y periodistas interceptados ilegalmente para hacer espionaje y operaciones clandestinas. Gustavo Arribas, ex titular de la AFI, el principal apuntado. Una investigaci\u00f3n vinculada a la Agencia Federal de Inteligencia gener\u00f3 miles de mails de pol\u00edticos, empresarios y periodistas interceptados&hellip;<\/p>\n","protected":false},"author":1,"featured_media":95941,"comment_status":"open","ping_status":"open","sticky":false,"template":"","format":"standard","meta":{"footnotes":""},"categories":[6],"tags":[20772,1435,470,22505,76,256],"class_list":["post-95940","post","type-post","status-publish","format-standard","has-post-thumbnail","hentry","category-denuncias","tag-afi","tag-empresarios","tag-espionaje","tag-gustavo-arribas","tag-mauricio-macri","tag-periodistas"],"_links":{"self":[{"href":"https:\/\/www.elsindical.com.ar\/notas\/wp-json\/wp\/v2\/posts\/95940","targetHints":{"allow":["GET"]}}],"collection":[{"href":"https:\/\/www.elsindical.com.ar\/notas\/wp-json\/wp\/v2\/posts"}],"about":[{"href":"https:\/\/www.elsindical.com.ar\/notas\/wp-json\/wp\/v2\/types\/post"}],"author":[{"embeddable":true,"href":"https:\/\/www.elsindical.com.ar\/notas\/wp-json\/wp\/v2\/users\/1"}],"replies":[{"embeddable":true,"href":"https:\/\/www.elsindical.com.ar\/notas\/wp-json\/wp\/v2\/comments?post=95940"}],"version-history":[{"count":1,"href":"https:\/\/www.elsindical.com.ar\/notas\/wp-json\/wp\/v2\/posts\/95940\/revisions"}],"predecessor-version":[{"id":95942,"href":"https:\/\/www.elsindical.com.ar\/notas\/wp-json\/wp\/v2\/posts\/95940\/revisions\/95942"}],"wp:featuredmedia":[{"embeddable":true,"href":"https:\/\/www.elsindical.com.ar\/notas\/wp-json\/wp\/v2\/media\/95941"}],"wp:attachment":[{"href":"https:\/\/www.elsindical.com.ar\/notas\/wp-json\/wp\/v2\/media?parent=95940"}],"wp:term":[{"taxonomy":"category","embeddable":true,"href":"https:\/\/www.elsindical.com.ar\/notas\/wp-json\/wp\/v2\/categories?post=95940"},{"taxonomy":"post_tag","embeddable":true,"href":"https:\/\/www.elsindical.com.ar\/notas\/wp-json\/wp\/v2\/tags?post=95940"}],"curies":[{"name":"wp","href":"https:\/\/api.w.org\/{rel}","templated":true}]}}