{"id":95937,"date":"2020-05-24T21:05:32","date_gmt":"2020-05-25T00:05:32","guid":{"rendered":"http:\/\/www.elsindical.com.ar\/notas\/?p=95937"},"modified":"2020-05-24T21:05:32","modified_gmt":"2020-05-25T00:05:32","slug":"trump-prohibio-los-vuelos-desde-brasil-hacia-estados-unidos","status":"publish","type":"post","link":"https:\/\/www.elsindical.com.ar\/notas\/trump-prohibio-los-vuelos-desde-brasil-hacia-estados-unidos\/","title":{"rendered":"Trump prohibi\u00f3 los vuelos desde Brasil hacia Estados Unidos"},"content":{"rendered":"\n<figure class=\"wp-block-image size-large is-resized\"><img loading=\"lazy\" decoding=\"async\" src=\"http:\/\/www.elsindical.com.ar\/notas\/var\/www\/html\/notas\/wp-content\/uploads\/2020\/05\/Trump-y-Bolsonaro-1024x683.jpg\" alt=\"\" class=\"wp-image-95938\" width=\"588\" height=\"391\" srcset=\"https:\/\/www.elsindical.com.ar\/notas\/var\/www\/html\/notas\/wp-content\/uploads\/2020\/05\/Trump-y-Bolsonaro-1024x683.jpg 1024w, https:\/\/www.elsindical.com.ar\/notas\/var\/www\/html\/notas\/wp-content\/uploads\/2020\/05\/Trump-y-Bolsonaro-300x200.jpg 300w, https:\/\/www.elsindical.com.ar\/notas\/var\/www\/html\/notas\/wp-content\/uploads\/2020\/05\/Trump-y-Bolsonaro-768x512.jpg 768w, https:\/\/www.elsindical.com.ar\/notas\/var\/www\/html\/notas\/wp-content\/uploads\/2020\/05\/Trump-y-Bolsonaro-450x300.jpg 450w, https:\/\/www.elsindical.com.ar\/notas\/var\/www\/html\/notas\/wp-content\/uploads\/2020\/05\/Trump-y-Bolsonaro.jpg 1170w\" sizes=\"auto, (max-width: 588px) 100vw, 588px\" \/><\/figure>\n\n\n\n<p>La medida aplica para ciudadanos extranjeros que han estado en el pa\u00eds sudamericano durante el per\u00edodo de 14 d\u00edas antes de solicitar la admisi\u00f3n en los Estados Unidos. La Casa Blanca aclar\u00f3 que no afectar\u00e1 al flujo comercial entre ambos pa\u00edses.<\/p>\n\n\n\n<p>El presidente de <strong>Estados Unidos, Donald Trump,<\/strong> prohibi\u00f3 los viajes desde <strong>Brasil<\/strong> hacia territorio estadounidense, despu\u00e9s que el pa\u00eds liderado por <strong>Jair Bolsonaro<\/strong> se convirtiera en uno de los pa\u00edses m\u00e1s afectados por el<strong> coronavirus.<\/strong><\/p>\n\n\n\n<p><strong>\u201cHoy el Presidente ha tomado medidas decisivas para proteger a nuestro pa\u00eds suspendiendo la entrada de extranjeros que han estado en Brasil durante el per\u00edodo de 14 d\u00edas antes de solicitar la admisi\u00f3n en los Estados Unidos<\/strong>\u201d, se\u00f1al\u00f3 la portavoz de la Casa Blanca, <strong>Kayleigh McEnany,<\/strong> en un comunicado.<\/p>\n\n\n\n<p>\u201cHasta el 23 de mayo de 2020, Brasil ten\u00eda 310.087 casos confirmados de COVID-19, que es el tercer n\u00famero m\u00e1s alto de casos confirmados en el mundo. La acci\u00f3n de hoy ayudar\u00e1 a asegurar que los extranjeros que han estado en Brasil no se conviertan en una fuente de infecciones adicionales en nuestro pa\u00eds. <strong>Estas nuevas restricciones no se aplican al flujo de comercio entre los Estados Unidos y Brasil<\/strong>\u201d, agrega el texto.<\/p>\n\n\n\n<p>Cabe destacar que Estados Unidos ya tom\u00f3 decisiones similares con anterioridad, espec\u00edficamente con los viajes desde <strong>China y Europa.<\/strong><\/p>\n\n\n\n<p>La Casa Blanca ya vet\u00f3 el acceso al pa\u00eds de los viajeros procedentes de China y parte de Europa para contener la expansi\u00f3n del coronavirus. Sin embargo,<strong> esto no impidi\u00f3 que Estados Unidos frenase los contagios, y que los muertos sobrepasen la cifra de los 100 mil.<\/strong><\/p>\n","protected":false},"excerpt":{"rendered":"<p>La medida aplica para ciudadanos extranjeros que han estado en el pa\u00eds sudamericano durante el per\u00edodo de 14 d\u00edas antes de solicitar la admisi\u00f3n en los Estados Unidos. La Casa Blanca aclar\u00f3 que no afectar\u00e1 al flujo comercial entre ambos pa\u00edses. El presidente de Estados Unidos, Donald Trump, prohibi\u00f3 los viajes desde Brasil hacia territorio&hellip;<\/p>\n","protected":false},"author":1,"featured_media":95938,"comment_status":"open","ping_status":"open","sticky":false,"template":"","format":"standard","meta":{"footnotes":""},"categories":[18],"tags":[33062,32346,141,30333,919],"class_list":["post-95937","post","type-post","status-publish","format-standard","has-post-thumbnail","hentry","category-internacionales","tag-bolsonaro","tag-coronavirus","tag-eeuu","tag-trump","tag-vuelos"],"_links":{"self":[{"href":"https:\/\/www.elsindical.com.ar\/notas\/wp-json\/wp\/v2\/posts\/95937","targetHints":{"allow":["GET"]}}],"collection":[{"href":"https:\/\/www.elsindical.com.ar\/notas\/wp-json\/wp\/v2\/posts"}],"about":[{"href":"https:\/\/www.elsindical.com.ar\/notas\/wp-json\/wp\/v2\/types\/post"}],"author":[{"embeddable":true,"href":"https:\/\/www.elsindical.com.ar\/notas\/wp-json\/wp\/v2\/users\/1"}],"replies":[{"embeddable":true,"href":"https:\/\/www.elsindical.com.ar\/notas\/wp-json\/wp\/v2\/comments?post=95937"}],"version-history":[{"count":1,"href":"https:\/\/www.elsindical.com.ar\/notas\/wp-json\/wp\/v2\/posts\/95937\/revisions"}],"predecessor-version":[{"id":95939,"href":"https:\/\/www.elsindical.com.ar\/notas\/wp-json\/wp\/v2\/posts\/95937\/revisions\/95939"}],"wp:featuredmedia":[{"embeddable":true,"href":"https:\/\/www.elsindical.com.ar\/notas\/wp-json\/wp\/v2\/media\/95938"}],"wp:attachment":[{"href":"https:\/\/www.elsindical.com.ar\/notas\/wp-json\/wp\/v2\/media?parent=95937"}],"wp:term":[{"taxonomy":"category","embeddable":true,"href":"https:\/\/www.elsindical.com.ar\/notas\/wp-json\/wp\/v2\/categories?post=95937"},{"taxonomy":"post_tag","embeddable":true,"href":"https:\/\/www.elsindical.com.ar\/notas\/wp-json\/wp\/v2\/tags?post=95937"}],"curies":[{"name":"wp","href":"https:\/\/api.w.org\/{rel}","templated":true}]}}