{"id":9576,"date":"2010-09-16T08:34:41","date_gmt":"2010-09-16T11:34:41","guid":{"rendered":"http:\/\/www.elsindical.com.ar\/notas\/?p=9576"},"modified":"2010-09-16T08:34:41","modified_gmt":"2010-09-16T11:34:41","slug":"en-juicio-por-la-memoria-testigo-relato-los-primeros-momentos-de-vida-de-victoria-donda","status":"publish","type":"post","link":"https:\/\/www.elsindical.com.ar\/notas\/en-juicio-por-la-memoria-testigo-relato-los-primeros-momentos-de-vida-de-victoria-donda\/","title":{"rendered":"En juicio por la memoria testigo relat\u00f3 los primeros momentos de vida de Victoria Donda"},"content":{"rendered":"<p style=\"text-align: justify;\"><em><a href=\"http:\/\/www.elsindical.com.ar\/notas\/var\/www\/html\/notas\/wp-content\/uploads\/2010\/09\/Victoria-Donda-P\u00e9rez.jpg\"><img loading=\"lazy\" decoding=\"async\" class=\"alignleft size-medium wp-image-9577\" title=\"Victoria-Donda-P\u00e9rez\" src=\"http:\/\/www.elsindical.com.ar\/notas\/var\/www\/html\/notas\/wp-content\/uploads\/2010\/09\/Victoria-Donda-P\u00e9rez-197x300.jpg\" alt=\"\" width=\"197\" height=\"300\" srcset=\"https:\/\/www.elsindical.com.ar\/notas\/var\/www\/html\/notas\/wp-content\/uploads\/2010\/09\/Victoria-Donda-P\u00e9rez-197x300.jpg 197w, https:\/\/www.elsindical.com.ar\/notas\/var\/www\/html\/notas\/wp-content\/uploads\/2010\/09\/Victoria-Donda-P\u00e9rez.jpg 413w\" sizes=\"auto, (max-width: 197px) 100vw, 197px\" \/><\/a>\u00abPes\u00f3 tres kilos y medio y era muy chillona, pero no recuerdo la fecha\u00bb, dijo Lidia Vieyra, una sobreviviente de la ESMA en el juicio ante el Tribunal Oral Federal 5 por delitos de lesa humanidad cometidos en ese centro de detenci\u00f3n. \u00abDespu\u00e9s del nacimiento vino el prefecto H\u00e9ctor Febres y se la llev\u00f3\u00bb.<\/em><\/p>\n<p style=\"text-align: justify;\">Lidia Vieyra, una sobreviviente de la ESMA que tiene parentesco pol\u00edtico con el dictador Emilio Massera, relat\u00f3 el nacimiento en ese centro de detenci\u00f3n ilegal de la ahora diputada nacional Victoria Donda.<\/p>\n<p>\u00abPes\u00f3 tres kilos y medio y era muy chillona, pero no recuerdo la fecha\u00bb, evoc\u00f3 para recordar que madre y asistentes en el parto le hicieron a la reci\u00e9n nacida un peque\u00f1o orificio en la oreja \u00abpor donde le pasamos un hilo azul\u00bb para identificarla en el caso, finalmente concretado, que fueran separadas.<\/p>\n<p>La audiencia de tuvo una gran emotividad por el relato del nacimiento y la preocupaci\u00f3n de la madre desaparecida, Hilda P\u00e9rez de Donda, por el destino de su beb\u00e9, que hizo llorar a la propia Victoria, presente en la sala.<\/p>\n<p>En este juicio ante el Tribunal Oral Federal 5 (TOF5) est\u00e1n siendo juzgados 18 represores, entre ellos el propio t\u00edo de la ahora diputada nacional, el ex capit\u00e1n de la marina Adolfo Miguel Donda, hermano de su padre, que termin\u00f3 apropi\u00e1ndose de la beba.<\/p>\n<p>\u00abDespu\u00e9s del nacimiento vino el (fallecido) prefecto H\u00e9ctor Febres y se la llev\u00f3\u00bb, relat\u00f3 la sobreviviente, a la que Victoria llam\u00f3 en todo momento \u00abt\u00eda\u00bb.<\/p>\n<p>Lidia Vieyra es pariente de la mujer del ex dictador Eduardo Emilio Massera, con quien comparte el mismo apellido, pero en su testimonio la mujer revel\u00f3 que \u00e9ste orden\u00f3 \u00abque le hicieran lo que le hacen a todos\u00bb.<\/p>\n<p>Evoc\u00f3 que lo primero que le preguntaron los miembros del grupo de tareas que la secuestr\u00f3 fue por ese parentesco dici\u00e9ndole: \u00ab\u00bfas\u00ed que vos sos sobrina de Massera?\u00bb.<\/p>\n<p>\u00abEstuve treinta y tres a\u00f1os, seis meses y cuatro d\u00edas esperando para verles la cara y hoy no est\u00e1n aqu\u00ed\u00bb, dijo en referencia a dos de sus captores, a los que identific\u00f3 como Julio Coronel y Alberto Gonz\u00e1les, juzgados ahora en este mismo proceso.<\/p>\n<p>Respecto de Massera, asegur\u00f3 haberlo visto en la ESMA con su uniforme de gala blanco en la navidad de 1977, y de haber mantenido una conversaci\u00f3n con la dirigente montonera Norma Arrostito, a quien p\u00fablicamente se daba por muerta en un enfrentamiento.<\/p>\n","protected":false},"excerpt":{"rendered":"<p>\u00abPes\u00f3 tres kilos y medio y era muy chillona, pero no recuerdo la fecha\u00bb, dijo Lidia Vieyra, una sobreviviente de la ESMA en el juicio ante el Tribunal Oral Federal 5 por delitos de lesa humanidad cometidos en ese centro de detenci\u00f3n. \u00abDespu\u00e9s del nacimiento vino el prefecto H\u00e9ctor Febres y se la llev\u00f3\u00bb. Lidia&hellip;<\/p>\n","protected":false},"author":1,"featured_media":0,"comment_status":"open","ping_status":"open","sticky":false,"template":"","format":"standard","meta":{"footnotes":""},"categories":[20],"tags":[951,4655,275,4656,4654],"class_list":["post-9576","post","type-post","status-publish","format-standard","hentry","category-judiciales","tag-emilio-massera","tag-hector-febres","tag-juicio","tag-lidia-vieyra","tag-victoria-donda"],"_links":{"self":[{"href":"https:\/\/www.elsindical.com.ar\/notas\/wp-json\/wp\/v2\/posts\/9576","targetHints":{"allow":["GET"]}}],"collection":[{"href":"https:\/\/www.elsindical.com.ar\/notas\/wp-json\/wp\/v2\/posts"}],"about":[{"href":"https:\/\/www.elsindical.com.ar\/notas\/wp-json\/wp\/v2\/types\/post"}],"author":[{"embeddable":true,"href":"https:\/\/www.elsindical.com.ar\/notas\/wp-json\/wp\/v2\/users\/1"}],"replies":[{"embeddable":true,"href":"https:\/\/www.elsindical.com.ar\/notas\/wp-json\/wp\/v2\/comments?post=9576"}],"version-history":[{"count":1,"href":"https:\/\/www.elsindical.com.ar\/notas\/wp-json\/wp\/v2\/posts\/9576\/revisions"}],"predecessor-version":[{"id":9578,"href":"https:\/\/www.elsindical.com.ar\/notas\/wp-json\/wp\/v2\/posts\/9576\/revisions\/9578"}],"wp:attachment":[{"href":"https:\/\/www.elsindical.com.ar\/notas\/wp-json\/wp\/v2\/media?parent=9576"}],"wp:term":[{"taxonomy":"category","embeddable":true,"href":"https:\/\/www.elsindical.com.ar\/notas\/wp-json\/wp\/v2\/categories?post=9576"},{"taxonomy":"post_tag","embeddable":true,"href":"https:\/\/www.elsindical.com.ar\/notas\/wp-json\/wp\/v2\/tags?post=9576"}],"curies":[{"name":"wp","href":"https:\/\/api.w.org\/{rel}","templated":true}]}}