{"id":95726,"date":"2020-05-15T15:25:01","date_gmt":"2020-05-15T18:25:01","guid":{"rendered":"http:\/\/www.elsindical.com.ar\/notas\/?p=95726"},"modified":"2020-05-15T15:25:01","modified_gmt":"2020-05-15T18:25:01","slug":"murio-el-cantante-sergio-denis-a-los-71-anos","status":"publish","type":"post","link":"https:\/\/www.elsindical.com.ar\/notas\/murio-el-cantante-sergio-denis-a-los-71-anos\/","title":{"rendered":"Muri\u00f3 el cantante Sergio Denis a los 71 a\u00f1os"},"content":{"rendered":"\n<figure class=\"wp-block-image size-large is-resized\"><img loading=\"lazy\" decoding=\"async\" src=\"http:\/\/www.elsindical.com.ar\/notas\/var\/www\/html\/notas\/wp-content\/uploads\/2020\/05\/Sergio-Denis-3.jpg\" alt=\"\" class=\"wp-image-95728\" width=\"589\" height=\"359\" srcset=\"https:\/\/www.elsindical.com.ar\/notas\/var\/www\/html\/notas\/wp-content\/uploads\/2020\/05\/Sergio-Denis-3.jpg 765w, https:\/\/www.elsindical.com.ar\/notas\/var\/www\/html\/notas\/wp-content\/uploads\/2020\/05\/Sergio-Denis-3-300x183.jpg 300w, https:\/\/www.elsindical.com.ar\/notas\/var\/www\/html\/notas\/wp-content\/uploads\/2020\/05\/Sergio-Denis-3-491x300.jpg 491w\" sizes=\"auto, (max-width: 589px) 100vw, 589px\" \/><\/figure>\n\n\n\n<p>El cantante H\u00e9ctor Omar Hoffmann Fenzel, internado desde marzo de 2019 tras un accidente en un teatro de Tucum\u00e1n, falleci\u00f3 durante la jornada de hoy viernes 15 de mayo.<\/p>\n\n\n\n<p>En el d\u00eda de hoy se confirm\u00f3 la noticia del <strong>fallecimiento del cantante Sergio Denis<\/strong>, quien se encontraba internado en la <strong>cl\u00ednica ALCLA<\/strong> de la capital metropolitana tras la<strong> ca\u00edda que tuvo en el teatro de Tucum\u00e1n.<\/strong><\/p>\n\n\n\n<p>El <strong>11 de marzo de 2019, Sergio Denis, de 69 a\u00f1os (a 5 d\u00edas de su cumplea\u00f1os n\u00famero 70)<\/strong>, daba un recital por el<strong> d\u00eda de la mujer en el teatro Mercedes Sosa en Tucum\u00e1n<\/strong>, cuando se cay\u00f3 del escenario en medio de la funci\u00f3n y <strong>caus\u00f3 la conmoci\u00f3n de todos.<\/strong><\/p>\n\n\n\n<p>Fue <strong>trasladado de urgencia al Hospital \u00c1ngel C. Padilla en donde qued\u00f3 internado con un pron\u00f3stico reservado en grav\u00edsimo estado<\/strong>, y fue inducido a un coma farmacol\u00f3gico.<\/p>\n\n\n\n<p>El <strong>golpe en Tucum\u00e1n le caus\u00f3 traumatismos severos de cr\u00e1neo y t\u00f3rax, con contusi\u00f3n pulmonar bilateral, hematomas cerebrales, m\u00faltiples contusiones, una hemorragia, un importante edema cerebral<\/strong>, una fractura del hueso temporal en la cabeza y una fractura al nivel de la clav\u00edcula y el om\u00f3plato, asegur\u00f3 la doctora que lo atendi\u00f3 en el hospital tucumano.<\/p>\n\n\n\n<p>All\u00ed fue <strong>operado dos veces, y luego pas\u00f3 a la cl\u00ednica de rehabilitaci\u00f3n Integral ALCLA.<\/strong> En este \u00faltimo nosocomio continu\u00f3 con un estado estable, pero fr\u00e1gil y vulnerable.\u00a0S<strong>ergio muri\u00f3 durante la ma\u00f1ana de hoy y la noticia fue confirmada por su\u00a0hermano e hijo.<\/strong><\/p>\n\n\n\n<iframe loading=\"lazy\" width=\"580\" height=\"420\" src=\"https:\/\/www.youtube.com\/embed\/VQHc23XnAj4\" frameborder=\"0\" allow=\"accelerometer; autoplay; encrypted-media; gyroscope; picture-in-picture\" allowfullscreen><\/iframe>\n","protected":false},"excerpt":{"rendered":"<p>El cantante H\u00e9ctor Omar Hoffmann Fenzel, internado desde marzo de 2019 tras un accidente en un teatro de Tucum\u00e1n, falleci\u00f3 durante la jornada de hoy viernes 15 de mayo. En el d\u00eda de hoy se confirm\u00f3 la noticia del fallecimiento del cantante Sergio Denis, quien se encontraba internado en la cl\u00ednica ALCLA de la capital&hellip;<\/p>\n","protected":false},"author":1,"featured_media":95728,"comment_status":"open","ping_status":"open","sticky":false,"template":"","format":"standard","meta":{"footnotes":""},"categories":[24],"tags":[33018,481,2450,33019,30564],"class_list":["post-95726","post","type-post","status-publish","format-standard","has-post-thumbnail","hentry","category-sociales","tag-alcla","tag-cantante","tag-diario-el-sindical","tag-hospital-angel-c-padilla","tag-sergio-denis"],"_links":{"self":[{"href":"https:\/\/www.elsindical.com.ar\/notas\/wp-json\/wp\/v2\/posts\/95726","targetHints":{"allow":["GET"]}}],"collection":[{"href":"https:\/\/www.elsindical.com.ar\/notas\/wp-json\/wp\/v2\/posts"}],"about":[{"href":"https:\/\/www.elsindical.com.ar\/notas\/wp-json\/wp\/v2\/types\/post"}],"author":[{"embeddable":true,"href":"https:\/\/www.elsindical.com.ar\/notas\/wp-json\/wp\/v2\/users\/1"}],"replies":[{"embeddable":true,"href":"https:\/\/www.elsindical.com.ar\/notas\/wp-json\/wp\/v2\/comments?post=95726"}],"version-history":[{"count":1,"href":"https:\/\/www.elsindical.com.ar\/notas\/wp-json\/wp\/v2\/posts\/95726\/revisions"}],"predecessor-version":[{"id":95729,"href":"https:\/\/www.elsindical.com.ar\/notas\/wp-json\/wp\/v2\/posts\/95726\/revisions\/95729"}],"wp:featuredmedia":[{"embeddable":true,"href":"https:\/\/www.elsindical.com.ar\/notas\/wp-json\/wp\/v2\/media\/95728"}],"wp:attachment":[{"href":"https:\/\/www.elsindical.com.ar\/notas\/wp-json\/wp\/v2\/media?parent=95726"}],"wp:term":[{"taxonomy":"category","embeddable":true,"href":"https:\/\/www.elsindical.com.ar\/notas\/wp-json\/wp\/v2\/categories?post=95726"},{"taxonomy":"post_tag","embeddable":true,"href":"https:\/\/www.elsindical.com.ar\/notas\/wp-json\/wp\/v2\/tags?post=95726"}],"curies":[{"name":"wp","href":"https:\/\/api.w.org\/{rel}","templated":true}]}}