{"id":95707,"date":"2020-05-15T10:38:55","date_gmt":"2020-05-15T13:38:55","guid":{"rendered":"http:\/\/www.elsindical.com.ar\/notas\/?p=95707"},"modified":"2020-05-15T10:38:55","modified_gmt":"2020-05-15T13:38:55","slug":"por-el-no-pago-de-cuotas-podrian-cerrar-300-colegios-privados-en-la-provincia","status":"publish","type":"post","link":"https:\/\/www.elsindical.com.ar\/notas\/por-el-no-pago-de-cuotas-podrian-cerrar-300-colegios-privados-en-la-provincia\/","title":{"rendered":"Por el no pago de cuotas, podr\u00edan cerrar 300 colegios privados en la Provincia"},"content":{"rendered":"\n<figure class=\"wp-block-image size-large is-resized\"><img loading=\"lazy\" decoding=\"async\" src=\"http:\/\/www.elsindical.com.ar\/notas\/var\/www\/html\/notas\/wp-content\/uploads\/2020\/05\/encuesta-sueldos-escuelas-privadas.jpg\" alt=\"\" class=\"wp-image-95709\" width=\"589\" height=\"608\" srcset=\"https:\/\/www.elsindical.com.ar\/notas\/var\/www\/html\/notas\/wp-content\/uploads\/2020\/05\/encuesta-sueldos-escuelas-privadas.jpg 902w, https:\/\/www.elsindical.com.ar\/notas\/var\/www\/html\/notas\/wp-content\/uploads\/2020\/05\/encuesta-sueldos-escuelas-privadas-290x300.jpg 290w, https:\/\/www.elsindical.com.ar\/notas\/var\/www\/html\/notas\/wp-content\/uploads\/2020\/05\/encuesta-sueldos-escuelas-privadas-768x794.jpg 768w\" sizes=\"auto, (max-width: 589px) 100vw, 589px\" \/><\/figure>\n\n\n\n<p>En pleno aislamiento social, preventivo y obligatorio, los colegios estatales con gesti\u00f3n privada atraviesan una complicada situaci\u00f3n econ\u00f3mica, debido a que baj\u00f3 considerablemente el pago de las cuotas y se enfrentan a la incertidumbre de no saber c\u00f3mo pagar el sueldo de los docentes y de no poder mantener las puertas abiertas. &nbsp;Desde la Asociaci\u00f3n de Institutos de Ense\u00f1anza Privada bonaerense reclaman la asistencia del Estado y que la Direcci\u00f3n General de Escuela los reciba ya que estiman que 300 establecimiento podr\u00edan cerrar.<\/p>\n\n\n\n<p>\u201cEs la primera vez que atravesamos un cuadro tan cr\u00edtico\u201d, afirm\u00f3 el titular de AIEPBA, Mart\u00edn Zurita y grafico que \u201ccuando empez\u00f3 marzo, la recaudaci\u00f3n ya ven\u00eda mal y lenta por la crisis. Solo se recaud\u00f3 un 70% y en abril se fue a pique todo\u201d.<\/p>\n\n\n\n<p>Desde la Asociaci\u00f3n realizaron una encuesta que respondieron m\u00e1s de mil escuelas. De las respuestas, se desprenden conclusiones preocupantes. Por un lado, explic\u00f3 Zurita, \u201centre un 60 y 70% de las familias no pagaron la cuota de abril, si las familias no pagan, no se puede pagar los sueldos y no se puede mantener abierta la escuela\u201d; y advirti\u00f3 que \u201ccuatro socios de AIEPBA cerraron en abril\u201d.<\/p>\n\n\n\n<p>Otro de los problemas que enfrentan los establecimientos, es la falta de accesibilidad para que las familias paguen las cuotas. \u201cEntre un 10 a 15% quisieran pagar, pero no pueden porque no est\u00e1n bancarizados\u201d, advirti\u00f3 el representante de AIEPBA, por lo cual, indic\u00f3 que se le pidi\u00f3 \u201ca los 135 intendentes que den una autorizaci\u00f3n de guardias a los colegios, no todos los d\u00edas, pero s\u00ed horario para guardias administrativas para que las familias que puedan pagar, lo hagan\u201d.<\/p>\n\n\n\n<p>Luego, existe otro grupo dentro de ese universo de familias que \u201chan pedido el trabajo o que son monotributistas y no tienen ingresos; y despu\u00e9s hay otros que s\u00ed pueden pagar\u201d. \u201cCuando tuvimos la reuni\u00f3n con Naci\u00f3n y hablamos de responsabilidad y solidaridad, apelamos a la responsabilidad que cuyas familias no vieron afectados sus ingresos y que paguen porque estamos haciendo el esfuerzo de sostener a todas aquellas que no pueden pagar\u201d, asever\u00f3.<\/p>\n\n\n\n<p>En ese sentido, Zurita advirti\u00f3 que \u201csi contin\u00faa unos meses m\u00e1s esta situaci\u00f3n en el mismo estado, m\u00e1s de 300 escuelas te dicen que probablemente tengan que cerrar si no cambia el panorama\u201d y arremeti\u00f3: \u201cSi no tenemos una ayuda del Estado, las familias que pueden no pagan, no va haber escuela que pueda resistir\u201d.<\/p>\n\n\n\n<p>Uno de las conclusiones que arroj\u00f3 el relevamiento es que el 11,1% afirma que con toda seguridad se deber\u00e1 cerrar el servicio; el 19,6% sostiene que muy probablemente se produzca el cierre; el 42,4% existe probabilidad de que esto suceda y tan s\u00f3lo el 26,8% considera improbable que el servicio educativo cierre.<\/p>\n\n\n\n<p>Adem\u00e1s, en varios establecimientos p\u00fablicos con gesti\u00f3n privada no han abonado el sueldo de abril. \u201cHemos podido, a trav\u00e9s del Ministerio de Educaci\u00f3n nacional, entrar a las escuelas en los salarios complementarios, pero hasta el d\u00eda de hoy, muchas no lo han recibido y est\u00e1n esperando que llegue porque, si no, no van a&nbsp; poder pagar el sueldo\u201d, plante\u00f3 Zurita.<\/p>\n\n\n\n<p>En la encuesta, se muestra que casi el 80% de los colegios solicitaron el sueldo complementario establecido en el Programa de Asistencia de Emergencia al Trabajo y la Producci\u00f3n. El 35% lo obtuvo obtenido y el 46,7% se encuentra a la espera de cobrarlo. En tanto, el 3,4% indic\u00f3 que lo solicit\u00f3, pero les fue denegado y un 14% dijo no haberlo solicitado.<\/p>\n\n\n\n<p>Frente a esta situaci\u00f3n, las instituciones de ense\u00f1anza advierten que ser\u00e1n el \u00faltimo sector en incorporarse a las actividades por cuarentena, por lo cual, los responsables de los establecimientos educativas reclaman un salvataje econ\u00f3mico de aquellas instituciones que corren riesgo de cierre, un ATP educativo para aquellas escuelas que no pueden afrontar el pago de sueldos y la Incorporaci\u00f3n de escuelas que quedaron afuera del ATP por la especificidad propia del servicio educativo. Adem\u00e1s, exigen que la directora general de Escuela bonaerense, Agustina Vila, los reciba.<\/p>\n","protected":false},"excerpt":{"rendered":"<p>En pleno aislamiento social, preventivo y obligatorio, los colegios estatales con gesti\u00f3n privada atraviesan una complicada situaci\u00f3n econ\u00f3mica, debido a que baj\u00f3 considerablemente el pago de las cuotas y se enfrentan a la incertidumbre de no saber c\u00f3mo pagar el sueldo de los docentes y de no poder mantener las puertas abiertas. &nbsp;Desde la Asociaci\u00f3n&hellip;<\/p>\n","protected":false},"author":1,"featured_media":95709,"comment_status":"open","ping_status":"open","sticky":false,"template":"","format":"standard","meta":{"footnotes":""},"categories":[9],"tags":[2258,2457,2458,2450,22262,33014,1466],"class_list":["post-95707","post","type-post","status-publish","format-standard","has-post-thumbnail","hentry","category-economia","tag-cierre","tag-colegios-privados","tag-cuotas","tag-diario-el-sindical","tag-falta-de-pago","tag-matriculas","tag-provincia-de-buenos-aires"],"_links":{"self":[{"href":"https:\/\/www.elsindical.com.ar\/notas\/wp-json\/wp\/v2\/posts\/95707","targetHints":{"allow":["GET"]}}],"collection":[{"href":"https:\/\/www.elsindical.com.ar\/notas\/wp-json\/wp\/v2\/posts"}],"about":[{"href":"https:\/\/www.elsindical.com.ar\/notas\/wp-json\/wp\/v2\/types\/post"}],"author":[{"embeddable":true,"href":"https:\/\/www.elsindical.com.ar\/notas\/wp-json\/wp\/v2\/users\/1"}],"replies":[{"embeddable":true,"href":"https:\/\/www.elsindical.com.ar\/notas\/wp-json\/wp\/v2\/comments?post=95707"}],"version-history":[{"count":1,"href":"https:\/\/www.elsindical.com.ar\/notas\/wp-json\/wp\/v2\/posts\/95707\/revisions"}],"predecessor-version":[{"id":95710,"href":"https:\/\/www.elsindical.com.ar\/notas\/wp-json\/wp\/v2\/posts\/95707\/revisions\/95710"}],"wp:featuredmedia":[{"embeddable":true,"href":"https:\/\/www.elsindical.com.ar\/notas\/wp-json\/wp\/v2\/media\/95709"}],"wp:attachment":[{"href":"https:\/\/www.elsindical.com.ar\/notas\/wp-json\/wp\/v2\/media?parent=95707"}],"wp:term":[{"taxonomy":"category","embeddable":true,"href":"https:\/\/www.elsindical.com.ar\/notas\/wp-json\/wp\/v2\/categories?post=95707"},{"taxonomy":"post_tag","embeddable":true,"href":"https:\/\/www.elsindical.com.ar\/notas\/wp-json\/wp\/v2\/tags?post=95707"}],"curies":[{"name":"wp","href":"https:\/\/api.w.org\/{rel}","templated":true}]}}