{"id":95692,"date":"2020-05-14T16:44:14","date_gmt":"2020-05-14T19:44:14","guid":{"rendered":"http:\/\/www.elsindical.com.ar\/notas\/?p=95692"},"modified":"2020-05-14T16:44:14","modified_gmt":"2020-05-14T19:44:14","slug":"cheeky-la-textil-de-juliana-awada-no-pago-los-sueldos-de-abril","status":"publish","type":"post","link":"https:\/\/www.elsindical.com.ar\/notas\/cheeky-la-textil-de-juliana-awada-no-pago-los-sueldos-de-abril\/","title":{"rendered":"Cheeky, la textil de Juliana Awada, no pag\u00f3 los sueldos de abril"},"content":{"rendered":"\n<figure class=\"wp-block-image size-large\"><img loading=\"lazy\" decoding=\"async\" width=\"1024\" height=\"576\" src=\"http:\/\/www.elsindical.com.ar\/notas\/var\/www\/html\/notas\/wp-content\/uploads\/2020\/05\/Juliana-Awada-s\u00edmbolos-1024x576.jpg\" alt=\"\" class=\"wp-image-95693\" srcset=\"https:\/\/www.elsindical.com.ar\/notas\/var\/www\/html\/notas\/wp-content\/uploads\/2020\/05\/Juliana-Awada-s\u00edmbolos-1024x576.jpg 1024w, https:\/\/www.elsindical.com.ar\/notas\/var\/www\/html\/notas\/wp-content\/uploads\/2020\/05\/Juliana-Awada-s\u00edmbolos-300x169.jpg 300w, https:\/\/www.elsindical.com.ar\/notas\/var\/www\/html\/notas\/wp-content\/uploads\/2020\/05\/Juliana-Awada-s\u00edmbolos-768x432.jpg 768w, https:\/\/www.elsindical.com.ar\/notas\/var\/www\/html\/notas\/wp-content\/uploads\/2020\/05\/Juliana-Awada-s\u00edmbolos-500x281.jpg 500w, https:\/\/www.elsindical.com.ar\/notas\/var\/www\/html\/notas\/wp-content\/uploads\/2020\/05\/Juliana-Awada-s\u00edmbolos-460x260.jpg 460w, https:\/\/www.elsindical.com.ar\/notas\/var\/www\/html\/notas\/wp-content\/uploads\/2020\/05\/Juliana-Awada-s\u00edmbolos.jpg 1200w\" sizes=\"auto, (max-width: 1024px) 100vw, 1024px\" \/><\/figure>\n\n\n\n<p class=\"wp-block-paragraph\">La empresa de la esposa de Mauricio Macri apenas deposit\u00f3 montos que van desde los 2 mil a los 8 mil pesos a sus empleados. Pidi\u00f3 incorporarse al programa ATP y que el Estado le pague la mitad de los salarios.<\/p>\n\n\n\n<p class=\"wp-block-paragraph\"><strong>En lo que es tal vez el cap\u00edtulo m\u00e1s gr\u00e1fico y m\u00e1s bizarro del fracaso de los merit\u00f3cratas argentinos, la empresa de ropa infantil Cheeky, de la familia de la ex primera dama Juliana Awada, fue denunciada en las \u00faltimas horas por falta de pago de salarios.<\/strong><\/p>\n\n\n\n<p class=\"wp-block-paragraph\">\u00c1mbito Financiero revel\u00f3 la demanda que present\u00f3 el gremio de cortadores de indumentaria (UCI) ante el Ministerio de Trabajo bonaerense, e hizo p\u00fablica una nota a sus empleados en la que se les avis\u00f3 de un supuesto \u00abadelanto\u00bb a cuenta de los aportes del Estado nacional.<\/p>\n\n\n\n<p class=\"wp-block-paragraph\"><strong>El gremio se\u00f1ala que tras dejar impagos los sueldos de abril la firma deposit\u00f3 a sus trabajadores \u00absumas irrisorias que var\u00edan entre los 2 mil y los ocho mil pesos en el caso de los m\u00e1s afortunados\u00bb.<\/strong><\/p>\n\n\n\n<p class=\"wp-block-paragraph\">A trav\u00e9s de una comunicaci\u00f3n interna, Cheeky afirm\u00f3 que \u00abpara sobrellevar esta dif\u00edcil situaci\u00f3n\u00bb este viernes \u00abdepositar\u00e1 un adelanto de 10 mil pesos\u00bb en caso de que \u00abAnses no concrete el pago esta semana\u00bb, en alusi\u00f3n a los subsidios ATP que representan la mitad de los salarios privados para empresas en crisis.<\/p>\n\n\n\n<p class=\"wp-block-paragraph\">La compa\u00f1\u00eda, que preside en los papeles Daniel Awada, hermano de Juliana, la esposa de Mauricio Macri, es l\u00edder de su segmento y tambi\u00e9n de la c\u00e1mara de empresas de la industria textil.<\/p>\n\n\n\n<p class=\"wp-block-paragraph\">Para el gremio la situaci\u00f3n se agrava por tratarse de una de las industrias \u00abcon mayor grado de precariedad\u00bb y con \u00abuno de los salarios m\u00e1s bajos dentro del mercado nacional\u00bb.<\/p>\n\n\n\n<p class=\"wp-block-paragraph\">Seg\u00fan la organizaci\u00f3n,<strong>&nbsp;\u00abla patronal Cheeky Sociedad An\u00f3nima es una de las empresas de mayor facturaci\u00f3n a nivel nacional, con cientos de locales y franquicias no s\u00f3lo a lo largo y ancho de todo el pa\u00eds, sino tambi\u00e9n en varios pa\u00edses lim\u00edtrofes\u00bb.<\/strong><\/p>\n\n\n\n<p class=\"wp-block-paragraph\">El Ministerio de Trabajo bonaerense intim\u00f3 al pago completo de los salarios a la empresa bajo apercibimiento de sanciones.<\/p>\n","protected":false},"excerpt":{"rendered":"<p>La empresa de la esposa de Mauricio Macri apenas deposit\u00f3 montos que van desde los 2 mil a los 8 mil pesos a sus empleados. Pidi\u00f3 incorporarse al programa ATP y que el Estado le pague la mitad de los salarios. En lo que es tal vez el cap\u00edtulo m\u00e1s gr\u00e1fico y m\u00e1s bizarro del&hellip;<\/p>\n","protected":false},"author":1,"featured_media":95693,"comment_status":"open","ping_status":"open","sticky":false,"template":"","format":"standard","meta":{"footnotes":""},"categories":[28],"tags":[11972,33008,2295,76,257,33007,22748],"class_list":["post-95692","post","type-post","status-publish","format-standard","has-post-thumbnail","hentry","category-empresariales","tag-cheeky","tag-daniel-awada","tag-juliana-awada","tag-mauricio-macri","tag-ministerio-de-trabajo","tag-sueldos-adeudados","tag-uci"],"_links":{"self":[{"href":"https:\/\/www.elsindical.com.ar\/notas\/wp-json\/wp\/v2\/posts\/95692","targetHints":{"allow":["GET"]}}],"collection":[{"href":"https:\/\/www.elsindical.com.ar\/notas\/wp-json\/wp\/v2\/posts"}],"about":[{"href":"https:\/\/www.elsindical.com.ar\/notas\/wp-json\/wp\/v2\/types\/post"}],"author":[{"embeddable":true,"href":"https:\/\/www.elsindical.com.ar\/notas\/wp-json\/wp\/v2\/users\/1"}],"replies":[{"embeddable":true,"href":"https:\/\/www.elsindical.com.ar\/notas\/wp-json\/wp\/v2\/comments?post=95692"}],"version-history":[{"count":1,"href":"https:\/\/www.elsindical.com.ar\/notas\/wp-json\/wp\/v2\/posts\/95692\/revisions"}],"predecessor-version":[{"id":95694,"href":"https:\/\/www.elsindical.com.ar\/notas\/wp-json\/wp\/v2\/posts\/95692\/revisions\/95694"}],"wp:featuredmedia":[{"embeddable":true,"href":"https:\/\/www.elsindical.com.ar\/notas\/wp-json\/wp\/v2\/media\/95693"}],"wp:attachment":[{"href":"https:\/\/www.elsindical.com.ar\/notas\/wp-json\/wp\/v2\/media?parent=95692"}],"wp:term":[{"taxonomy":"category","embeddable":true,"href":"https:\/\/www.elsindical.com.ar\/notas\/wp-json\/wp\/v2\/categories?post=95692"},{"taxonomy":"post_tag","embeddable":true,"href":"https:\/\/www.elsindical.com.ar\/notas\/wp-json\/wp\/v2\/tags?post=95692"}],"curies":[{"name":"wp","href":"https:\/\/api.w.org\/{rel}","templated":true}]}}