{"id":95523,"date":"2020-05-07T21:23:37","date_gmt":"2020-05-08T00:23:37","guid":{"rendered":"http:\/\/www.elsindical.com.ar\/notas\/?p=95523"},"modified":"2020-05-07T21:23:37","modified_gmt":"2020-05-08T00:23:37","slug":"coronavirus-en-argentina-9-nuevas-muertes-163-nuevos-contagios-hay-282-fallecidos-en-el-pais","status":"publish","type":"post","link":"https:\/\/www.elsindical.com.ar\/notas\/coronavirus-en-argentina-9-nuevas-muertes-163-nuevos-contagios-hay-282-fallecidos-en-el-pais\/","title":{"rendered":"Coronavirus en Argentina: 9 nuevas muertes, 163 nuevos contagios, hay 282 fallecidos en el pa\u00eds"},"content":{"rendered":"\n<figure class=\"wp-block-image size-large\"><img loading=\"lazy\" decoding=\"async\" width=\"1024\" height=\"708\" src=\"http:\/\/www.elsindical.com.ar\/notas\/var\/www\/html\/notas\/wp-content\/uploads\/2020\/05\/Coronavirus-Arg-2-1024x708.jpg\" alt=\"\" class=\"wp-image-95524\" srcset=\"https:\/\/www.elsindical.com.ar\/notas\/var\/www\/html\/notas\/wp-content\/uploads\/2020\/05\/Coronavirus-Arg-2-1024x708.jpg 1024w, https:\/\/www.elsindical.com.ar\/notas\/var\/www\/html\/notas\/wp-content\/uploads\/2020\/05\/Coronavirus-Arg-2-300x208.jpg 300w, https:\/\/www.elsindical.com.ar\/notas\/var\/www\/html\/notas\/wp-content\/uploads\/2020\/05\/Coronavirus-Arg-2-768x531.jpg 768w, https:\/\/www.elsindical.com.ar\/notas\/var\/www\/html\/notas\/wp-content\/uploads\/2020\/05\/Coronavirus-Arg-2-434x300.jpg 434w, https:\/\/www.elsindical.com.ar\/notas\/var\/www\/html\/notas\/wp-content\/uploads\/2020\/05\/Coronavirus-Arg-2.jpg 1100w\" sizes=\"auto, (max-width: 1024px) 100vw, 1024px\" \/><\/figure>\n\n\n\n<p class=\"wp-block-paragraph\">Se registraron 9 nuevas muertes. Seis hombres, cuatro de 85, 73, 77 y 83 a\u00f1os, en provincia de Buenos Aires; otro de 63 a\u00f1os, en provincia de Santa F\u00e9; y otro de 60 a\u00f1os, en Ciudad de Buenos Aires (CABA); y tres mujeres, dos de 86 y 88 a\u00f1os, en la provincia de Buenos Aires; y otra de 94 a\u00f1os, en la Ciudad de Buenos Aires (CABA). Hay 282 personas fallecidas.<\/p>\n\n\n\n<p class=\"wp-block-paragraph\">Este jueves 7 de mayo, fueron confirmados<strong> 163 nuevos casos de COVID-19 en Argentina<\/strong>. Con estos registros, suman <strong>5.371<\/strong> positivos en el pa\u00eds.<\/p>\n\n\n\n<p class=\"wp-block-paragraph\">Del total de esos casos, <strong>929 (17,3%) son importados, 2.372 (44,2%) son contactos estrechos de casos confirmados, 1.597 (29,7%) son casos de circulaci\u00f3n comunitaria y el resto se encuentra en investigaci\u00f3n epidemiol\u00f3gica.<\/strong><\/p>\n\n\n\n<p class=\"wp-block-paragraph\"><strong>Seis hombres<\/strong>, cuatro de 85, 73, 77 y 83 a\u00f1os, residentes en la <strong>provincia de Buenos Aires<\/strong>; otro de 63 a\u00f1os, residente en la <strong>provincia de Santa F\u00e9<\/strong>; y otro de 60 a\u00f1os, residente en la <strong>Ciudad de Buenos Aires (CABA)<\/strong>; y <strong>tres mujeres<\/strong>, dos de 86 y 88 a\u00f1os, residentes en la <strong>provincia de Buenos Aires<\/strong>; y otra de 94 a\u00f1os, residente en la <strong>Ciudad de Buenos Aires (CABA)<\/strong>. Al momento la cantidad de personas fallecidas es 282.<\/p>\n\n\n\n<p class=\"wp-block-paragraph\">Detalle por <strong>provincia (N\u00ba de confirmados | N\u00ba de acumulados)<\/strong>*:<\/p>\n\n\n\n<p class=\"wp-block-paragraph\"><br>Buenos Aires 50 | 1924<br>Ciudad de Buenos Aires 77 | 1583<br>Catamarca 0 | 0<br>Chaco 26 | 392<br>Chubut 0 | 4<br>C\u00f3rdoba 4 | 320<br>Corrientes 1 | 52<br>Entre R\u00edos 0 | 28<br>Formosa 0 | 0<br>Jujuy 0 | 5<br>La Pampa 0 | 5<br>La Rioja 1 | 58<br>Mendoza 0 | 85<br>Misiones 0 | 25<br>Neuqu\u00e9n 0 | 110<br>R\u00edo Negro 3 | 268<br>Salta 0 | 4<br>San Juan 1 | 3<br>San Luis 0 | 11<br>Santa Cruz 0 | 49<br>Santa Fe 0 | 244<br>Santiago del Estero 0 | 15<br>Tierra del Fuego 0 | 145**<br>Tucum\u00e1n 0 | 41<\/p>\n\n\n\n<p class=\"wp-block-paragraph\">*Aquellos <strong>casos confirmados<\/strong> que no est\u00e1n notificados por residencia, fueron contabilizados por provincia de carga.<\/p>\n\n\n\n<p class=\"wp-block-paragraph\">**<strong>Se incluyen 13 casos existentes en las Islas Malvinas<\/strong> seg\u00fan informaci\u00f3n de prensa (debido a la ocupaci\u00f3n ilegal del Reino Unido, Gran Breta\u00f1a e Irlanda del Norte no es posible contar con informaci\u00f3n propia sobre el impacto del COVID -19 en esa parte del territorio argentino).<\/p>\n","protected":false},"excerpt":{"rendered":"<p>Se registraron 9 nuevas muertes. Seis hombres, cuatro de 85, 73, 77 y 83 a\u00f1os, en provincia de Buenos Aires; otro de 63 a\u00f1os, en provincia de Santa F\u00e9; y otro de 60 a\u00f1os, en Ciudad de Buenos Aires (CABA); y tres mujeres, dos de 86 y 88 a\u00f1os, en la provincia de Buenos Aires;&hellip;<\/p>\n","protected":false},"author":1,"featured_media":95524,"comment_status":"open","ping_status":"open","sticky":false,"template":"","format":"standard","meta":{"footnotes":""},"categories":[25],"tags":[127,19938,32346,2450,1299],"class_list":["post-95523","post","type-post","status-publish","format-standard","has-post-thumbnail","hentry","category-sociedad","tag-argentina","tag-contagios","tag-coronavirus","tag-diario-el-sindical","tag-pais"],"_links":{"self":[{"href":"https:\/\/www.elsindical.com.ar\/notas\/wp-json\/wp\/v2\/posts\/95523","targetHints":{"allow":["GET"]}}],"collection":[{"href":"https:\/\/www.elsindical.com.ar\/notas\/wp-json\/wp\/v2\/posts"}],"about":[{"href":"https:\/\/www.elsindical.com.ar\/notas\/wp-json\/wp\/v2\/types\/post"}],"author":[{"embeddable":true,"href":"https:\/\/www.elsindical.com.ar\/notas\/wp-json\/wp\/v2\/users\/1"}],"replies":[{"embeddable":true,"href":"https:\/\/www.elsindical.com.ar\/notas\/wp-json\/wp\/v2\/comments?post=95523"}],"version-history":[{"count":1,"href":"https:\/\/www.elsindical.com.ar\/notas\/wp-json\/wp\/v2\/posts\/95523\/revisions"}],"predecessor-version":[{"id":95525,"href":"https:\/\/www.elsindical.com.ar\/notas\/wp-json\/wp\/v2\/posts\/95523\/revisions\/95525"}],"wp:featuredmedia":[{"embeddable":true,"href":"https:\/\/www.elsindical.com.ar\/notas\/wp-json\/wp\/v2\/media\/95524"}],"wp:attachment":[{"href":"https:\/\/www.elsindical.com.ar\/notas\/wp-json\/wp\/v2\/media?parent=95523"}],"wp:term":[{"taxonomy":"category","embeddable":true,"href":"https:\/\/www.elsindical.com.ar\/notas\/wp-json\/wp\/v2\/categories?post=95523"},{"taxonomy":"post_tag","embeddable":true,"href":"https:\/\/www.elsindical.com.ar\/notas\/wp-json\/wp\/v2\/tags?post=95523"}],"curies":[{"name":"wp","href":"https:\/\/api.w.org\/{rel}","templated":true}]}}