{"id":95478,"date":"2020-05-04T11:57:31","date_gmt":"2020-05-04T14:57:31","guid":{"rendered":"http:\/\/www.elsindical.com.ar\/notas\/?p=95478"},"modified":"2020-05-04T11:57:31","modified_gmt":"2020-05-04T14:57:31","slug":"gustavo-vera-nuevo-funcionario-nacional-que-genera-amplios-repudios","status":"publish","type":"post","link":"https:\/\/www.elsindical.com.ar\/notas\/gustavo-vera-nuevo-funcionario-nacional-que-genera-amplios-repudios\/","title":{"rendered":"Gustavo Vera, nuevo funcionario nacional que genera amplios repudios"},"content":{"rendered":"\n<figure class=\"wp-block-image size-large is-resized\"><img loading=\"lazy\" decoding=\"async\" src=\"http:\/\/www.elsindical.com.ar\/notas\/var\/www\/html\/notas\/wp-content\/uploads\/2020\/05\/trata.jpg\" alt=\"\" class=\"wp-image-95480\" width=\"593\" height=\"364\" srcset=\"https:\/\/www.elsindical.com.ar\/notas\/var\/www\/html\/notas\/wp-content\/uploads\/2020\/05\/trata.jpg 651w, https:\/\/www.elsindical.com.ar\/notas\/var\/www\/html\/notas\/wp-content\/uploads\/2020\/05\/trata-300x184.jpg 300w, https:\/\/www.elsindical.com.ar\/notas\/var\/www\/html\/notas\/wp-content\/uploads\/2020\/05\/trata-488x300.jpg 488w\" sizes=\"auto, (max-width: 593px) 100vw, 593px\" \/><\/figure>\n\n\n\n<p>   Gustavo Vera, el conflictivo fundador de La Alameda, una ONG que comenz\u00f3 con un fin noble, pero esc\u00e1ndalos y denuncias mediantes, perdi\u00f3 credibilidad entre quienes trabajan las tem\u00e1ticas de Trata de Personas y Trabajo Esclavo.<\/p>\n\n\n\n<p>Por las redes sociales, cientos de referentes criticaron la designaci\u00f3n de Vera como Director del Comite Ejecutivo para la lucha contra la Trata y Explotaci\u00f3n de Personas y para la Protecci\u00f3n y Asistencia a las Victimas dependiente de Jefatura de Gabinete.<\/p>\n\n\n\n<p>Gustavo Vera pas\u00f3 de ser un docente de escuela primaria a una especie de militante popular, pero su verdadero objetivo siempre fue la pol\u00edtica, sus intervenciones \u00abpopulares\u00bb apuntaron a acciones medi\u00e1ticas, pero con poca efectividad real, de hecho la Trata de Personas y el Trabajo Esclavo continuaron creciendo y Vera se preocupaba m\u00e1s en acomodarse pol\u00edticamente, en ese camino estuvo cerca de casi todos los partidos pol\u00edticos y sus referentes.<\/p>\n\n\n\n<p>Se hizo m\u00e1s conocido por su relaci\u00f3n con el Cardenal Bergoglio que por haber sido eficiente en sus reclamos y como personalidad militante creci\u00f3 entre medio de denuncias y esc\u00e1ndalos incluso de miembros de su organizaci\u00f3n.<\/p>\n\n\n\n<p>Una de las denuncias m\u00e1s fuertes contra Gustavo Vera fueron las de Natacha Jaitt, en entrevistas donde se acusaba a Vera de utilizar su supuesta lucha contra la Trata con otros fines, algo similar a lo que ocurri\u00f3 con la supuesta lucha contra el trabajo esclavo, donde algunas costureras de talleres clandestinos cerrados denunciaron que se les ofrec\u00eda trabajo realizando prendas en La Alameda con pagos miserables y bolsones de comida que entregaba el Gobierno de la Ciudad.<\/p>\n\n\n\n<p>En la necesidad de obtener dinero para su actividad pol\u00edtica Vera se acerc\u00f3 a un sector de la CGT y m\u00e1s a la familia Moyano, incluso con la intenci\u00f3n de formar un medio supuestamente de informaci\u00f3n gremial.<\/p>\n\n\n\n<p>Los tesoros m\u00e1s importantes de Gustavo Vera son los \u00abinformes\u00bb de personalidades relevantes, jefes de fuerzas de seguridad, pol\u00edticos, funcionarios judiciales, empresarios, siendo sus fuentes en muchos casos fidedignas, lo que lo hace una persona con mucho poder, Vera suele jactarse entre los suyos \u00absi yo caigo y hablo explota todo\u00bb.<\/p>\n\n\n\n<p>Para ser objetivo, en igualdad de condiciones se encuentran varios referentes de la lucha contra la Trata de Personas rodeados de esc\u00e1ndalos y con protecci\u00f3n pol\u00edtica, durante el gobierno de Macri un personaje conocido recibi\u00f3 de parte del legislador Eduardo Amadeo recursos para contratar un estudio especializado que acallara a denunciantes en redes sociales e intimara a medios que se hicieran eco de los denuncias.<\/p>\n\n\n\n<p>La obligaci\u00f3n moral de los periodistas es informar con hechos chequeados, no temer a personajes que tienen un inter\u00e9s personal o econ\u00f3mico disfrazado de bien com\u00fan, a las pruebas me remito, los resultados de estos en la lucha contra los delitos perif\u00e9ricos de la Trata de Personas han aumentado en lugar de disminuir, poco han aportado a la justicia para que existan fallos ejemplares, ning\u00fan partido pol\u00edtico, ni siquiera la izquierda ha demostrado un inter\u00e9s genuino en combatir las mafias que a diario, secuestran, violan, prostituyen y matan personas.<\/p>\n\n\n\n<p>Parecer\u00eda un gran error del Gobierno Nacional este nombramiento, si tenemos en cuenta que el aberrante delito de Trata de Personas es un delito que crece y en el cual para su combate se requiere de funcionarios comprometidos y no con ambiciones personales que un d\u00eda los lleva a un lugar y ma\u00f1ana a otro.<\/p>\n\n\n\n<p>Por Marcelo Ricardo Hawrylciw<\/p>\n","protected":false},"excerpt":{"rendered":"<p>Gustavo Vera, el conflictivo fundador de La Alameda, una ONG que comenz\u00f3 con un fin noble, pero esc\u00e1ndalos y denuncias mediantes, perdi\u00f3 credibilidad entre quienes trabajan las tem\u00e1ticas de Trata de Personas y Trabajo Esclavo. Por las redes sociales, cientos de referentes criticaron la designaci\u00f3n de Vera como Director del Comite Ejecutivo para la lucha&hellip;<\/p>\n","protected":false},"author":1,"featured_media":95480,"comment_status":"open","ping_status":"open","sticky":false,"template":"","format":"standard","meta":{"footnotes":""},"categories":[10],"tags":[2968,22020,3592,13588,5411,187,315],"class_list":["post-95478","post","type-post","status-publish","format-standard","has-post-thumbnail","hentry","category-editorial","tag-cardenal-bergoglio","tag-denuncias","tag-gustavo-vera","tag-natacha-jaitt","tag-sindicalismo","tag-trabajo-esclavo","tag-trata-de-personas"],"_links":{"self":[{"href":"https:\/\/www.elsindical.com.ar\/notas\/wp-json\/wp\/v2\/posts\/95478","targetHints":{"allow":["GET"]}}],"collection":[{"href":"https:\/\/www.elsindical.com.ar\/notas\/wp-json\/wp\/v2\/posts"}],"about":[{"href":"https:\/\/www.elsindical.com.ar\/notas\/wp-json\/wp\/v2\/types\/post"}],"author":[{"embeddable":true,"href":"https:\/\/www.elsindical.com.ar\/notas\/wp-json\/wp\/v2\/users\/1"}],"replies":[{"embeddable":true,"href":"https:\/\/www.elsindical.com.ar\/notas\/wp-json\/wp\/v2\/comments?post=95478"}],"version-history":[{"count":1,"href":"https:\/\/www.elsindical.com.ar\/notas\/wp-json\/wp\/v2\/posts\/95478\/revisions"}],"predecessor-version":[{"id":95481,"href":"https:\/\/www.elsindical.com.ar\/notas\/wp-json\/wp\/v2\/posts\/95478\/revisions\/95481"}],"wp:featuredmedia":[{"embeddable":true,"href":"https:\/\/www.elsindical.com.ar\/notas\/wp-json\/wp\/v2\/media\/95480"}],"wp:attachment":[{"href":"https:\/\/www.elsindical.com.ar\/notas\/wp-json\/wp\/v2\/media?parent=95478"}],"wp:term":[{"taxonomy":"category","embeddable":true,"href":"https:\/\/www.elsindical.com.ar\/notas\/wp-json\/wp\/v2\/categories?post=95478"},{"taxonomy":"post_tag","embeddable":true,"href":"https:\/\/www.elsindical.com.ar\/notas\/wp-json\/wp\/v2\/tags?post=95478"}],"curies":[{"name":"wp","href":"https:\/\/api.w.org\/{rel}","templated":true}]}}