{"id":95454,"date":"2020-05-03T14:09:44","date_gmt":"2020-05-03T17:09:44","guid":{"rendered":"http:\/\/www.elsindical.com.ar\/notas\/?p=95454"},"modified":"2020-05-03T14:09:44","modified_gmt":"2020-05-03T17:09:44","slug":"lanus-femicida-detenido-en-villa-diamante","status":"publish","type":"post","link":"https:\/\/www.elsindical.com.ar\/notas\/lanus-femicida-detenido-en-villa-diamante\/","title":{"rendered":"Lan\u00fas: Femicida detenido en Villa Diamante"},"content":{"rendered":"\n<figure class=\"wp-block-image size-large\"><img loading=\"lazy\" decoding=\"async\" width=\"1010\" height=\"578\" src=\"http:\/\/www.elsindical.com.ar\/notas\/var\/www\/html\/notas\/wp-content\/uploads\/2020\/05\/dasddd.jpg\" alt=\"\" class=\"wp-image-95455\" srcset=\"https:\/\/www.elsindical.com.ar\/notas\/var\/www\/html\/notas\/wp-content\/uploads\/2020\/05\/dasddd.jpg 1010w, https:\/\/www.elsindical.com.ar\/notas\/var\/www\/html\/notas\/wp-content\/uploads\/2020\/05\/dasddd-300x172.jpg 300w, https:\/\/www.elsindical.com.ar\/notas\/var\/www\/html\/notas\/wp-content\/uploads\/2020\/05\/dasddd-768x440.jpg 768w, https:\/\/www.elsindical.com.ar\/notas\/var\/www\/html\/notas\/wp-content\/uploads\/2020\/05\/dasddd-500x286.jpg 500w, https:\/\/www.elsindical.com.ar\/notas\/var\/www\/html\/notas\/wp-content\/uploads\/2020\/05\/dasddd-220x126.jpg 220w\" sizes=\"auto, (max-width: 1010px) 100vw, 1010px\" \/><\/figure>\n\n\n\n<p class=\"wp-block-paragraph\">  Efectivos de la comisar\u00eda 5ta de Lan\u00fas tomaron conocimiento de un homicidio que se estableci\u00f3 se encontraba dentro de la tem\u00e1tica violencia de g\u00e9nero en la tipificaci\u00f3n femicidio, procediendo a aprehender al autor material del hecho y el secuestro del arma utilizada.<\/p>\n\n\n\n<p class=\"wp-block-paragraph\">Los efectivos policiales supervisados por el Superintendente Javier Villar a cargo de la Superintendencia AMBA SUR I y con la presencia del Fiscal en turno procedieron a aprehender a quien ser\u00eda el femicida identificado como Carlos Alan Britos de 23 y al secuestro de una cuchilla de aproximadamente 25 cm,  de di\u00e1metro, mientras que la v\u00edctima fue identificada como Ludovica L\u00f3pez de 50 a\u00f1os, ambos de nacionalidad paraguaya.<\/p>\n\n\n\n<p class=\"wp-block-paragraph\">Los hechos se produjeron mientras la pareja se encontraba consumiendo bebidas alcoh\u00f3licas y se ignoran los motivos del enfrentamiento entre ambos que terminaron con el homicidio de la mujer que fue agredida con la cuchilla pero que muri\u00f3 por los graves golpes en su cabeza.<\/p>\n\n\n\n<p class=\"wp-block-paragraph\">Los hechos que se investigan tuvieron su origen en San Judas Tadeo al 100 y Carlos Pellegrini de Villa Diamante.<\/p>\n","protected":false},"excerpt":{"rendered":"<p>Efectivos de la comisar\u00eda 5ta de Lan\u00fas tomaron conocimiento de un homicidio que se estableci\u00f3 se encontraba dentro de la tem\u00e1tica violencia de g\u00e9nero en la tipificaci\u00f3n femicidio, procediendo a aprehender al autor material del hecho y el secuestro del arma utilizada. Los efectivos policiales supervisados por el Superintendente Javier Villar a cargo de la&hellip;<\/p>\n","protected":false},"author":1,"featured_media":95455,"comment_status":"open","ping_status":"open","sticky":false,"template":"","format":"standard","meta":{"footnotes":""},"categories":[22],"tags":[9890,209,32890,32891,3262,572],"class_list":["post-95454","post","type-post","status-publish","format-standard","has-post-thumbnail","hentry","category-policiales","tag-femicidio","tag-lanus","tag-superintendencia-region-amba-sur-i","tag-superintendente-javier-carlos-villar","tag-villa-diamante","tag-violencia-de-genero"],"_links":{"self":[{"href":"https:\/\/www.elsindical.com.ar\/notas\/wp-json\/wp\/v2\/posts\/95454","targetHints":{"allow":["GET"]}}],"collection":[{"href":"https:\/\/www.elsindical.com.ar\/notas\/wp-json\/wp\/v2\/posts"}],"about":[{"href":"https:\/\/www.elsindical.com.ar\/notas\/wp-json\/wp\/v2\/types\/post"}],"author":[{"embeddable":true,"href":"https:\/\/www.elsindical.com.ar\/notas\/wp-json\/wp\/v2\/users\/1"}],"replies":[{"embeddable":true,"href":"https:\/\/www.elsindical.com.ar\/notas\/wp-json\/wp\/v2\/comments?post=95454"}],"version-history":[{"count":1,"href":"https:\/\/www.elsindical.com.ar\/notas\/wp-json\/wp\/v2\/posts\/95454\/revisions"}],"predecessor-version":[{"id":95456,"href":"https:\/\/www.elsindical.com.ar\/notas\/wp-json\/wp\/v2\/posts\/95454\/revisions\/95456"}],"wp:featuredmedia":[{"embeddable":true,"href":"https:\/\/www.elsindical.com.ar\/notas\/wp-json\/wp\/v2\/media\/95455"}],"wp:attachment":[{"href":"https:\/\/www.elsindical.com.ar\/notas\/wp-json\/wp\/v2\/media?parent=95454"}],"wp:term":[{"taxonomy":"category","embeddable":true,"href":"https:\/\/www.elsindical.com.ar\/notas\/wp-json\/wp\/v2\/categories?post=95454"},{"taxonomy":"post_tag","embeddable":true,"href":"https:\/\/www.elsindical.com.ar\/notas\/wp-json\/wp\/v2\/tags?post=95454"}],"curies":[{"name":"wp","href":"https:\/\/api.w.org\/{rel}","templated":true}]}}