{"id":95341,"date":"2020-04-29T21:29:00","date_gmt":"2020-04-30T00:29:00","guid":{"rendered":"http:\/\/www.elsindical.com.ar\/notas\/?p=95341"},"modified":"2020-04-29T21:29:00","modified_gmt":"2020-04-30T00:29:00","slug":"coronavirus-la-oit-advierte-que-la-crisis-ya-afecta-a-la-mitad-de-los-trabajadores-del-mundo","status":"publish","type":"post","link":"https:\/\/www.elsindical.com.ar\/notas\/coronavirus-la-oit-advierte-que-la-crisis-ya-afecta-a-la-mitad-de-los-trabajadores-del-mundo\/","title":{"rendered":"Coronavirus: la OIT advierte que la crisis ya afecta a la mitad de los trabajadores del mundo"},"content":{"rendered":"\n<figure class=\"wp-block-image size-large\"><img loading=\"lazy\" decoding=\"async\" width=\"656\" height=\"370\" src=\"http:\/\/www.elsindical.com.ar\/notas\/var\/www\/html\/notas\/wp-content\/uploads\/2020\/04\/negocios-cerrados-por-Coronavirus.jpeg\" alt=\"\" class=\"wp-image-95342\" srcset=\"https:\/\/www.elsindical.com.ar\/notas\/var\/www\/html\/notas\/wp-content\/uploads\/2020\/04\/negocios-cerrados-por-Coronavirus.jpeg 656w, https:\/\/www.elsindical.com.ar\/notas\/var\/www\/html\/notas\/wp-content\/uploads\/2020\/04\/negocios-cerrados-por-Coronavirus-300x169.jpeg 300w, https:\/\/www.elsindical.com.ar\/notas\/var\/www\/html\/notas\/wp-content\/uploads\/2020\/04\/negocios-cerrados-por-Coronavirus-500x282.jpeg 500w, https:\/\/www.elsindical.com.ar\/notas\/var\/www\/html\/notas\/wp-content\/uploads\/2020\/04\/negocios-cerrados-por-Coronavirus-460x260.jpeg 460w\" sizes=\"auto, (max-width: 656px) 100vw, 656px\" \/><\/figure>\n\n\n\n<p>El organismo calcula que unas 1500 millones de personas est\u00e1n cerca de perder sus empleos.<\/p>\n\n\n\n<p>La Organizaci\u00f3n Internacional del Trabajo estim\u00f3 que <strong>unas 1500 millones de personas, casi la mitad de la fuerza de trabajo formal en el mundo<\/strong>, podr\u00edan perder sus trabajos debido a la crisis provocada por el <strong>coronavirus<\/strong>.<\/p>\n\n\n\n<p>Adem\u00e1s, la OIT elev\u00f3 sus proyecciones de<strong> p\u00e9rdidas de puesto de trabajo a 305 millones solamente en el segundo trimestre de 2020<\/strong>, mientras sigue la relajaci\u00f3n gradual de las cuarentenas en distintos pa\u00edses.<\/p>\n\n\n\n<p>El tercer informe del organismo que re\u00fane a gobiernos, empresas y sindicatos calcula que unos 232 millones comercios mayoristas y minoristas, 111 millones del sector tur\u00edstico, 51 millones de la rama hotelera y 42 millones en otras actividades (como la inmobiliaria), <strong>est\u00e1n en serio peligro de cierre<\/strong>.<\/p>\n\n\n\n<p>\u00ab<strong>Millones de empresas en el mundo est\u00e1n al borde del colapso<\/strong>, carecen de ahorros y de acceso al cr\u00e9dito. Estos son los verdaderos rostros del mundo del trabajo, y si no se les ayuda ahora sencillamente perecer\u00e1n\u00bb, advirti\u00f3 en un comunicado el director general de la OIT, Guy Ryder.<\/p>\n\n\n\n<p>El organismo con sede en Ginebra insta a que las medidas que se tomen en los distintos pa\u00edses para reactivar la econom\u00eda <strong>se basen en un alto nivel de creaci\u00f3n de empleo<\/strong>, y est\u00e9n respaldadas \u00abpor pol\u00edticas e instituciones laborales m\u00e1s fuertes, y sistemas de protecci\u00f3n social m\u00e1s amplios y dotados de m\u00e1s recursos\u00bb.<\/p>\n\n\n\n<p>En su informe, la OIT prev\u00e9 que en el segundo trimestre <strong>se pierdan un 10,5% de las horas de trabajo en el planeta<\/strong>, equivalentes a 305 millones de empleos a tiempo completo (a principios de este mes la previsi\u00f3n hab\u00eda sido de 195 millones).<\/p>\n\n\n\n<p>Por regiones, la organizaci\u00f3n estima que <strong>Am\u00e9rica ser\u00e1 la m\u00e1s perjudicada con una p\u00e9rdida del 12,4%<\/strong> de las horas de trabajo, seguida de Europa con un 11,8%, mientras que en el resto de territorios se superar\u00eda el 9%.<\/p>\n\n\n\n<p>La crisis ha tenido <strong>un especial impacto negativo en la econom\u00eda informal<\/strong>, de la que viven m\u00e1s de la mitad de los trabajadores del mundo (2000 de los 3300 millones globales), por lo que la OIT estima que 1300 millones \u00abcorren peligro inminente de ver desaparecer sus fuentes de sustento\u00bb.<\/p>\n\n\n\n<p><\/p>\n","protected":false},"excerpt":{"rendered":"<p>El organismo calcula que unas 1500 millones de personas est\u00e1n cerca de perder sus empleos. La Organizaci\u00f3n Internacional del Trabajo estim\u00f3 que unas 1500 millones de personas, casi la mitad de la fuerza de trabajo formal en el mundo, podr\u00edan perder sus trabajos debido a la crisis provocada por el coronavirus. Adem\u00e1s, la OIT elev\u00f3&hellip;<\/p>\n","protected":false},"author":1,"featured_media":95342,"comment_status":"open","ping_status":"open","sticky":false,"template":"","format":"standard","meta":{"footnotes":""},"categories":[9],"tags":[32346,390,22023,1574,125],"class_list":["post-95341","post","type-post","status-publish","format-standard","has-post-thumbnail","hentry","category-economia","tag-coronavirus","tag-crisis","tag-economia","tag-oit","tag-trabajadores"],"_links":{"self":[{"href":"https:\/\/www.elsindical.com.ar\/notas\/wp-json\/wp\/v2\/posts\/95341","targetHints":{"allow":["GET"]}}],"collection":[{"href":"https:\/\/www.elsindical.com.ar\/notas\/wp-json\/wp\/v2\/posts"}],"about":[{"href":"https:\/\/www.elsindical.com.ar\/notas\/wp-json\/wp\/v2\/types\/post"}],"author":[{"embeddable":true,"href":"https:\/\/www.elsindical.com.ar\/notas\/wp-json\/wp\/v2\/users\/1"}],"replies":[{"embeddable":true,"href":"https:\/\/www.elsindical.com.ar\/notas\/wp-json\/wp\/v2\/comments?post=95341"}],"version-history":[{"count":1,"href":"https:\/\/www.elsindical.com.ar\/notas\/wp-json\/wp\/v2\/posts\/95341\/revisions"}],"predecessor-version":[{"id":95343,"href":"https:\/\/www.elsindical.com.ar\/notas\/wp-json\/wp\/v2\/posts\/95341\/revisions\/95343"}],"wp:featuredmedia":[{"embeddable":true,"href":"https:\/\/www.elsindical.com.ar\/notas\/wp-json\/wp\/v2\/media\/95342"}],"wp:attachment":[{"href":"https:\/\/www.elsindical.com.ar\/notas\/wp-json\/wp\/v2\/media?parent=95341"}],"wp:term":[{"taxonomy":"category","embeddable":true,"href":"https:\/\/www.elsindical.com.ar\/notas\/wp-json\/wp\/v2\/categories?post=95341"},{"taxonomy":"post_tag","embeddable":true,"href":"https:\/\/www.elsindical.com.ar\/notas\/wp-json\/wp\/v2\/tags?post=95341"}],"curies":[{"name":"wp","href":"https:\/\/api.w.org\/{rel}","templated":true}]}}