{"id":95321,"date":"2020-04-29T17:26:28","date_gmt":"2020-04-29T20:26:28","guid":{"rendered":"http:\/\/www.elsindical.com.ar\/notas\/?p=95321"},"modified":"2020-04-29T17:26:28","modified_gmt":"2020-04-29T20:26:28","slug":"en-lo-que-va-del-2020-se-registraron-97-femicidios-segun-el-observatorio-de-femicidios-de-la-defensoria-del-pueblo-de-la-nacion","status":"publish","type":"post","link":"https:\/\/www.elsindical.com.ar\/notas\/en-lo-que-va-del-2020-se-registraron-97-femicidios-segun-el-observatorio-de-femicidios-de-la-defensoria-del-pueblo-de-la-nacion\/","title":{"rendered":"En lo que va del 2020 se registraron 97 femicidios, seg\u00fan el Observatorio de Femicidios de la Defensor\u00eda del Pueblo de la Naci\u00f3n"},"content":{"rendered":"\n<div class=\"wp-block-image\"><figure class=\"aligncenter size-large\"><img loading=\"lazy\" decoding=\"async\" width=\"321\" height=\"462\" src=\"http:\/\/www.elsindical.com.ar\/notas\/var\/www\/html\/notas\/wp-content\/uploads\/2020\/04\/Observatorio-Defensor-del-Pueblo-de-la-Naci\u00f3n.jpg\" alt=\"\" class=\"wp-image-95322\" srcset=\"https:\/\/www.elsindical.com.ar\/notas\/var\/www\/html\/notas\/wp-content\/uploads\/2020\/04\/Observatorio-Defensor-del-Pueblo-de-la-Naci\u00f3n.jpg 321w, https:\/\/www.elsindical.com.ar\/notas\/var\/www\/html\/notas\/wp-content\/uploads\/2020\/04\/Observatorio-Defensor-del-Pueblo-de-la-Naci\u00f3n-208x300.jpg 208w\" sizes=\"auto, (max-width: 321px) 100vw, 321px\" \/><\/figure><\/div>\n\n\n\n<p class=\"wp-block-paragraph\">El Observatorio de Femicidios de la Defensor\u00eda del Pueblo de la Naci\u00f3n registr\u00f3 hasta el d\u00eda de hoy un total de 97 casos de femicidio, de los cuales 10 corresponden a femicidios vinculados, 2 personas trans y 2 suicidios feminicidas.<\/p>\n\n\n\n<p class=\"wp-block-paragraph\">De la investigaci\u00f3n surge que las provincias que registraron mayor cantidad de casos son Buenos Aires con 35 (incluye 2 en CABA), en Santa F\u00e9 12, Tucum\u00e1n 7, C\u00f3rdoba y Santa Cruz 6 casos respectivamente, Misiones 5 y Jujuy 4 casos.<\/p>\n\n\n\n<p class=\"wp-block-paragraph\">Tambi\u00e9n se puede asegurar que el 38,4% de los asesinatos fueron cometidos por parejas\/esposos, el 25,3% por ex parejas,&nbsp; el 11,1% por desconocidos y el 31,3% incluye a padres, padrastros, t\u00edos, hijos y nietos. En tanto que el lugar de mayor peligrosidad para la v\u00edctima es su domicilio o el domicilio compartido con el victimario.<\/p>\n\n\n\n<p class=\"wp-block-paragraph\">El registro y sistematizaci\u00f3n de datos incorporado por este observatorio fue realizado a partir de un seguimiento exhaustivo de informaci\u00f3n period\u00edstica, tanto de medios nacionales como de medios locales y es por eso que se destaca la labor period\u00edstica, ya que ha hecho posible que, en este contexto de aislamiento preventivo y obligatorio, se hayan podido visibilizar estos hechos de violencia extrema hacia las mujeres.<\/p>\n\n\n\n<p class=\"wp-block-paragraph\">En base a la medici\u00f3n elaborada por el observatorio, durante los \u00faltimos cuatro a\u00f1os se reflej\u00f3 un n\u00famero similar de casos entre los meses de enero a abril, con un resultado de 110 casos en el a\u00f1o 2017, 95 casos en 2018, 94 casos en 2019 y 97 en el 2020, teniendo en cuenta que a\u00fan hay casos del per\u00edodo actual que se encuentran en investigaci\u00f3n.<\/p>\n\n\n\n<p class=\"wp-block-paragraph\">Si bien la cantidad de femicidios se mantuvo a lo largo de estos a\u00f1os, se pudo observar un destacado incremento en la cantidad de denuncias efectuadas por mujeres en riesgo de violencia desde el per\u00edodo que comenz\u00f3 el aislamiento preventivo, y tambi\u00e9n gran cantidad de denuncias de familiares y allegados de las v\u00edctimas que reclaman por falta de perspectiva de g\u00e9nero en el tratamiento de los casos.<\/p>\n\n\n\n<p class=\"wp-block-paragraph\">Respecto a lo anterior, resulta necesario que los responsables de intervenir ante estos hechos accedan a la capacitaci\u00f3n en la tem\u00e1tica de g\u00e9nero y violencia contra las mujeres, permitiendo un buen abordaje y mejor manejo de sus funciones, el cumplimiento de la Ley Micaela debe ser efectivo para todas las personas que integran los tres poderes del Estado.<\/p>\n\n\n\n<p class=\"wp-block-paragraph\">As\u00ed tambi\u00e9n de necesaria y urgente debe ser la implementaci\u00f3n de la Ley de Educaci\u00f3n Sexual Integral a nivel nacional. El cumplimiento de estas leyes permitir\u00e1 encarar desde los distintos niveles etarios una problem\u00e1tica basada en una situaci\u00f3n de desigualdad que hist\u00f3ricamente ha priorizado al hombre en desmedro de la vida de la mujer.<\/p>\n\n\n\n<p class=\"wp-block-paragraph\">A la luz de las denuncias efectuadas ante diferentes medios de comunicaci\u00f3n, la Defensor\u00eda del Pueblo de la Naci\u00f3n, rechaza las recientes medidas adoptadas por Jueces que ponen en riesgo a las mujeres que han sido v\u00edctimas de violencia y pide a los mismos a rever cualquier decisi\u00f3n que las afecte directamente y que se extremen las medidas de control frente a cualquier tipo de amenazas a las que pudieran estar expuestas.<\/p>\n","protected":false},"excerpt":{"rendered":"<p>El Observatorio de Femicidios de la Defensor\u00eda del Pueblo de la Naci\u00f3n registr\u00f3 hasta el d\u00eda de hoy un total de 97 casos de femicidio, de los cuales 10 corresponden a femicidios vinculados, 2 personas trans y 2 suicidios feminicidas. De la investigaci\u00f3n surge que las provincias que registraron mayor cantidad de casos son Buenos&hellip;<\/p>\n","protected":false},"author":1,"featured_media":95322,"comment_status":"open","ping_status":"open","sticky":false,"template":"","format":"standard","meta":{"footnotes":""},"categories":[25],"tags":[14704,2450,25338],"class_list":["post-95321","post","type-post","status-publish","format-standard","has-post-thumbnail","hentry","category-sociedad","tag-defensoria-del-pueblo-de-la-nacion","tag-diario-el-sindical","tag-femicidios"],"_links":{"self":[{"href":"https:\/\/www.elsindical.com.ar\/notas\/wp-json\/wp\/v2\/posts\/95321","targetHints":{"allow":["GET"]}}],"collection":[{"href":"https:\/\/www.elsindical.com.ar\/notas\/wp-json\/wp\/v2\/posts"}],"about":[{"href":"https:\/\/www.elsindical.com.ar\/notas\/wp-json\/wp\/v2\/types\/post"}],"author":[{"embeddable":true,"href":"https:\/\/www.elsindical.com.ar\/notas\/wp-json\/wp\/v2\/users\/1"}],"replies":[{"embeddable":true,"href":"https:\/\/www.elsindical.com.ar\/notas\/wp-json\/wp\/v2\/comments?post=95321"}],"version-history":[{"count":1,"href":"https:\/\/www.elsindical.com.ar\/notas\/wp-json\/wp\/v2\/posts\/95321\/revisions"}],"predecessor-version":[{"id":95323,"href":"https:\/\/www.elsindical.com.ar\/notas\/wp-json\/wp\/v2\/posts\/95321\/revisions\/95323"}],"wp:featuredmedia":[{"embeddable":true,"href":"https:\/\/www.elsindical.com.ar\/notas\/wp-json\/wp\/v2\/media\/95322"}],"wp:attachment":[{"href":"https:\/\/www.elsindical.com.ar\/notas\/wp-json\/wp\/v2\/media?parent=95321"}],"wp:term":[{"taxonomy":"category","embeddable":true,"href":"https:\/\/www.elsindical.com.ar\/notas\/wp-json\/wp\/v2\/categories?post=95321"},{"taxonomy":"post_tag","embeddable":true,"href":"https:\/\/www.elsindical.com.ar\/notas\/wp-json\/wp\/v2\/tags?post=95321"}],"curies":[{"name":"wp","href":"https:\/\/api.w.org\/{rel}","templated":true}]}}