{"id":95162,"date":"2020-04-25T13:48:19","date_gmt":"2020-04-25T16:48:19","guid":{"rendered":"http:\/\/www.elsindical.com.ar\/notas\/?p=95162"},"modified":"2020-04-25T13:48:19","modified_gmt":"2020-04-25T16:48:19","slug":"comunicado-de-la-cgt-ante-la-deuda-externa","status":"publish","type":"post","link":"https:\/\/www.elsindical.com.ar\/notas\/comunicado-de-la-cgt-ante-la-deuda-externa\/","title":{"rendered":"Comunicado de la CGT ante la deuda externa"},"content":{"rendered":"\n<div class=\"wp-block-image\"><figure class=\"aligncenter size-large is-resized\"><img loading=\"lazy\" decoding=\"async\" src=\"http:\/\/www.elsindical.com.ar\/notas\/var\/www\/html\/notas\/wp-content\/uploads\/2020\/04\/comunicado-CGT-deuda-externa.png\" alt=\"\" class=\"wp-image-95163\" width=\"533\" height=\"821\" srcset=\"https:\/\/www.elsindical.com.ar\/notas\/var\/www\/html\/notas\/wp-content\/uploads\/2020\/04\/comunicado-CGT-deuda-externa.png 485w, https:\/\/www.elsindical.com.ar\/notas\/var\/www\/html\/notas\/wp-content\/uploads\/2020\/04\/comunicado-CGT-deuda-externa-195x300.png 195w\" sizes=\"auto, (max-width: 533px) 100vw, 533px\" \/><\/figure><\/div>\n\n\n\n<p class=\"wp-block-paragraph\">El Consejo Directivo Nacional de la Confederecion General del Trabajo (CGT) se manifest\u00f3 acerca de las decisiones en torno a la deuda externa. Lee el comunicado.<\/p>\n\n\n\n<p class=\"wp-block-paragraph\"><strong>LA C.G.T. ANTE LA DEUDA EXTERNA<\/strong><\/p>\n\n\n\n<p class=\"wp-block-paragraph\">Mientras los Argentinos enfrentamos con responsabilidad y sacrificio la&nbsp; batalla&nbsp; contra el virus COVID 19, una dura negociaci\u00f3n con los acreedores financieros extranjeros se desarrolla en paralelo.<\/p>\n\n\n\n<p class=\"wp-block-paragraph\">El destino de nuestro Pa\u00eds est\u00e1 atado al resultado que obtengamos en estos\u00a0 dos grandes desaf\u00edos, las condiciones sociales en las que se encuentra inmersa nuestra naci\u00f3n no soportan m\u00e1s reveses y mucho de nuestro futuro depende de ello.<\/p>\n\n\n\n<p class=\"wp-block-paragraph\">A\u00f1os de desmantelamiento del Estado, de endeudamiento exorbitante y una econom\u00eda recesiva, nos colocan en clara desventaja para afrontar estos retos que&nbsp; son&nbsp; ineludibles.<\/p>\n\n\n\n<p class=\"wp-block-paragraph\">El mundo post pandemia debe cambiar las prioridades del capitalismo puro y duro,&nbsp; los oportunistas que aprovechan las necesidades de los pueblos para multiplicar sus ganancias y engordar fondos&nbsp; que&nbsp; tienen&nbsp; dimensiones&nbsp; de&nbsp; grandes&nbsp; pa\u00edses&nbsp; sin ninguna regulaci\u00f3n, deber\u00e1n , obligadamente, moderar sus ambiciones.<\/p>\n\n\n\n<p class=\"wp-block-paragraph\">Los&nbsp; Trabajadores&nbsp; de&nbsp; la&nbsp; Argentina&nbsp; acompa\u00f1amos&nbsp;&nbsp; al&nbsp;&nbsp; Gobierno&nbsp;&nbsp; Nacional&nbsp;&nbsp; y&nbsp;&nbsp; a los&nbsp; gobiernos&nbsp; de&nbsp; todas&nbsp;&nbsp; las&nbsp;&nbsp; provincias,&nbsp;&nbsp; con&nbsp;&nbsp; independencia&nbsp;&nbsp; de&nbsp;&nbsp; su&nbsp;&nbsp; color pol\u00edtico circunstancial, reafirmando que las propuestas que realizan a los acreedores cuentan con el aval de todos los argentinos.<\/p>\n\n\n\n<p class=\"wp-block-paragraph\">No podemos pagar con m\u00e1s desigualdad: el l\u00edmite a las propuestas se encuentra en la consideraci\u00f3n del estado de pobreza social en nuestros pueblos.<\/p>\n\n\n\n<p class=\"wp-block-paragraph\">Del mismo modo que los pobres enfrentan,\u00a0 en\u00a0 lucha\u00a0 desigual,\u00a0 su\u00a0 pobreza,\u00a0 los\u00a0 ricos deber\u00e1n ajustar sus ganancias y aceptar las ofertas realizadas,\u00a0 sabiendo\u00a0 que unos puntos m\u00e1s de inter\u00e9s en el capital adeudado representan mucha m\u00e1s\u00a0 desigualdad social y mucho mas tiempo de morigerarla<\/p>\n\n\n\n<p class=\"wp-block-paragraph\">La Confederaci\u00f3n General del Trabajo acompa\u00f1a a nuestros gobernantes en esta dura negociaci\u00f3n y reafirmamos el obejtivo propuesto que la deuda externa no se negocie sobre la pobreza de nuestros trabajadores.<\/p>\n\n\n\n<p class=\"wp-block-paragraph\">Ciudad Aut\u00f3noma de Buenos Aires, 25 de Abril de 2020.-<\/p>\n\n\n\n<p class=\"wp-block-paragraph\"><strong>CONSEJO DIRECTIVO NACIONAL<\/strong><\/p>\n\n\n\n<p class=\"wp-block-paragraph\"><strong>Carlos Acu\u00f1a<\/strong><\/p>\n\n\n\n<p class=\"wp-block-paragraph\"><strong>Sec. General<\/strong><\/p>\n\n\n\n<p class=\"wp-block-paragraph\"><strong>Hector Daer<\/strong><\/p>\n\n\n\n<p class=\"wp-block-paragraph\"><strong>Sec. General<\/strong><\/p>\n\n\n\n<p class=\"wp-block-paragraph\"><strong><em>Jorge A. Sola&nbsp;<\/em><\/strong><\/p>\n\n\n\n<p class=\"wp-block-paragraph\"><strong><em><strong>Sec de Prensa<\/strong><\/em><\/strong><\/p>\n","protected":false},"excerpt":{"rendered":"<p>El Consejo Directivo Nacional de la Confederecion General del Trabajo (CGT) se manifest\u00f3 acerca de las decisiones en torno a la deuda externa. Lee el comunicado. LA C.G.T. ANTE LA DEUDA EXTERNA Mientras los Argentinos enfrentamos con responsabilidad y sacrificio la&nbsp; batalla&nbsp; contra el virus COVID 19, una dura negociaci\u00f3n con los acreedores financieros extranjeros&hellip;<\/p>\n","protected":false},"author":1,"featured_media":95163,"comment_status":"open","ping_status":"open","sticky":false,"template":"","format":"standard","meta":{"footnotes":""},"categories":[16],"tags":[910,2123,32627,25755,2450],"class_list":["post-95162","post","type-post","status-publish","format-standard","has-post-thumbnail","hentry","category-gremiales","tag-cgt","tag-comunicado","tag-covid-19","tag-deuda-externa","tag-diario-el-sindical"],"_links":{"self":[{"href":"https:\/\/www.elsindical.com.ar\/notas\/wp-json\/wp\/v2\/posts\/95162","targetHints":{"allow":["GET"]}}],"collection":[{"href":"https:\/\/www.elsindical.com.ar\/notas\/wp-json\/wp\/v2\/posts"}],"about":[{"href":"https:\/\/www.elsindical.com.ar\/notas\/wp-json\/wp\/v2\/types\/post"}],"author":[{"embeddable":true,"href":"https:\/\/www.elsindical.com.ar\/notas\/wp-json\/wp\/v2\/users\/1"}],"replies":[{"embeddable":true,"href":"https:\/\/www.elsindical.com.ar\/notas\/wp-json\/wp\/v2\/comments?post=95162"}],"version-history":[{"count":1,"href":"https:\/\/www.elsindical.com.ar\/notas\/wp-json\/wp\/v2\/posts\/95162\/revisions"}],"predecessor-version":[{"id":95164,"href":"https:\/\/www.elsindical.com.ar\/notas\/wp-json\/wp\/v2\/posts\/95162\/revisions\/95164"}],"wp:featuredmedia":[{"embeddable":true,"href":"https:\/\/www.elsindical.com.ar\/notas\/wp-json\/wp\/v2\/media\/95163"}],"wp:attachment":[{"href":"https:\/\/www.elsindical.com.ar\/notas\/wp-json\/wp\/v2\/media?parent=95162"}],"wp:term":[{"taxonomy":"category","embeddable":true,"href":"https:\/\/www.elsindical.com.ar\/notas\/wp-json\/wp\/v2\/categories?post=95162"},{"taxonomy":"post_tag","embeddable":true,"href":"https:\/\/www.elsindical.com.ar\/notas\/wp-json\/wp\/v2\/tags?post=95162"}],"curies":[{"name":"wp","href":"https:\/\/api.w.org\/{rel}","templated":true}]}}