{"id":95069,"date":"2020-04-22T03:29:57","date_gmt":"2020-04-22T06:29:57","guid":{"rendered":"http:\/\/www.elsindical.com.ar\/notas\/?p=95069"},"modified":"2020-04-22T03:29:57","modified_gmt":"2020-04-22T06:29:57","slug":"trabajo-en-conjunto-por-los-derechos-de-las-ninas-ninos-y-adolescentes","status":"publish","type":"post","link":"https:\/\/www.elsindical.com.ar\/notas\/trabajo-en-conjunto-por-los-derechos-de-las-ninas-ninos-y-adolescentes\/","title":{"rendered":"Trabajo en conjunto por los derechos de las ni\u00f1as, ni\u00f1os y adolescentes"},"content":{"rendered":"\n<figure class=\"wp-block-image size-large\"><img loading=\"lazy\" decoding=\"async\" width=\"1024\" height=\"682\" src=\"http:\/\/www.elsindical.com.ar\/notas\/var\/www\/html\/notas\/wp-content\/uploads\/2020\/04\/Trotta-y-G\u00f3mez-Alcorta-2-1024x682.jpg\" alt=\"\" class=\"wp-image-95070\" srcset=\"https:\/\/www.elsindical.com.ar\/notas\/var\/www\/html\/notas\/wp-content\/uploads\/2020\/04\/Trotta-y-G\u00f3mez-Alcorta-2-1024x682.jpg 1024w, https:\/\/www.elsindical.com.ar\/notas\/var\/www\/html\/notas\/wp-content\/uploads\/2020\/04\/Trotta-y-G\u00f3mez-Alcorta-2-300x200.jpg 300w, https:\/\/www.elsindical.com.ar\/notas\/var\/www\/html\/notas\/wp-content\/uploads\/2020\/04\/Trotta-y-G\u00f3mez-Alcorta-2-768x512.jpg 768w, https:\/\/www.elsindical.com.ar\/notas\/var\/www\/html\/notas\/wp-content\/uploads\/2020\/04\/Trotta-y-G\u00f3mez-Alcorta-2-450x300.jpg 450w, https:\/\/www.elsindical.com.ar\/notas\/var\/www\/html\/notas\/wp-content\/uploads\/2020\/04\/Trotta-y-G\u00f3mez-Alcorta-2.jpg 1280w\" sizes=\"auto, (max-width: 1024px) 100vw, 1024px\" \/><\/figure>\n\n\n\n<p>El ministro de Educaci\u00f3n de la Naci\u00f3n, <strong>Nicol\u00e1s Trotta<\/strong>, se reuni\u00f3 con su par de Mujeres, G\u00e9neros y Diversidad, <strong>Elizabeth G\u00f3mez Alcorta<\/strong>, y con la Defensora de ni\u00f1as, ni\u00f1os y adolescentes, <strong>Marisa Graham<\/strong> para profundizar el abordaje integral en la producci\u00f3n de contenidos vinculados a los derechos de la ni\u00f1ez y la adolescencia en el marco del programa <strong>Seguimos Educando<\/strong>. Durante el encuentro se plante\u00f3 como objetivo que se garantice que todas las ni\u00f1as, ni\u00f1os y adolescentes del pa\u00eds reciban los materiales que est\u00e1 brindando el Ministerio de Educaci\u00f3n para as\u00ed poder prevenir la vulneraci\u00f3n de derechos.<\/p>\n\n\n\n<p><\/p>\n","protected":false},"excerpt":{"rendered":"<p>El ministro de Educaci\u00f3n de la Naci\u00f3n, Nicol\u00e1s Trotta, se reuni\u00f3 con su par de Mujeres, G\u00e9neros y Diversidad, Elizabeth G\u00f3mez Alcorta, y con la Defensora de ni\u00f1as, ni\u00f1os y adolescentes, Marisa Graham para profundizar el abordaje integral en la producci\u00f3n de contenidos vinculados a los derechos de la ni\u00f1ez y la adolescencia en el&hellip;<\/p>\n","protected":false},"author":1,"featured_media":95070,"comment_status":"open","ping_status":"open","sticky":false,"template":"","format":"standard","meta":{"footnotes":""},"categories":[13],"tags":[32047,31162,32008],"class_list":["post-95069","post","type-post","status-publish","format-standard","has-post-thumbnail","hentry","category-politica","tag-elizabeth-gomez-alcorta","tag-marisa-graham","tag-nicolas-trotta"],"_links":{"self":[{"href":"https:\/\/www.elsindical.com.ar\/notas\/wp-json\/wp\/v2\/posts\/95069","targetHints":{"allow":["GET"]}}],"collection":[{"href":"https:\/\/www.elsindical.com.ar\/notas\/wp-json\/wp\/v2\/posts"}],"about":[{"href":"https:\/\/www.elsindical.com.ar\/notas\/wp-json\/wp\/v2\/types\/post"}],"author":[{"embeddable":true,"href":"https:\/\/www.elsindical.com.ar\/notas\/wp-json\/wp\/v2\/users\/1"}],"replies":[{"embeddable":true,"href":"https:\/\/www.elsindical.com.ar\/notas\/wp-json\/wp\/v2\/comments?post=95069"}],"version-history":[{"count":1,"href":"https:\/\/www.elsindical.com.ar\/notas\/wp-json\/wp\/v2\/posts\/95069\/revisions"}],"predecessor-version":[{"id":95071,"href":"https:\/\/www.elsindical.com.ar\/notas\/wp-json\/wp\/v2\/posts\/95069\/revisions\/95071"}],"wp:featuredmedia":[{"embeddable":true,"href":"https:\/\/www.elsindical.com.ar\/notas\/wp-json\/wp\/v2\/media\/95070"}],"wp:attachment":[{"href":"https:\/\/www.elsindical.com.ar\/notas\/wp-json\/wp\/v2\/media?parent=95069"}],"wp:term":[{"taxonomy":"category","embeddable":true,"href":"https:\/\/www.elsindical.com.ar\/notas\/wp-json\/wp\/v2\/categories?post=95069"},{"taxonomy":"post_tag","embeddable":true,"href":"https:\/\/www.elsindical.com.ar\/notas\/wp-json\/wp\/v2\/tags?post=95069"}],"curies":[{"name":"wp","href":"https:\/\/api.w.org\/{rel}","templated":true}]}}